{"id":185564,"date":"2023-05-12T06:05:00","date_gmt":"2023-05-12T05:05:00","guid":{"rendered":"https:\/\/www.tucomarca.com\/wordpress\/segunda\/?p=185564"},"modified":"2023-05-12T20:16:07","modified_gmt":"2023-05-12T19:16:07","slug":"vox-requena-presenta-este-sabado-en-el-aerodromo-de-el-rebollar-su-candidatura-a-las-municipales","status":"publish","type":"post","link":"https:\/\/tucomarca.whitekongsoftware.com\/ca\/vox-requena-presenta-este-sabado-en-el-aerodromo-de-el-rebollar-su-candidatura-a-las-municipales\/","title":{"rendered":"VOX Requena presenta aquest dissabte en l&#8217;aer\u00f2drom del Rebollar la seua candidatura a les municipals\u00a0"},"content":{"rendered":"\n<p class=\"wp-block-paragraph\">Vox Requena ha triat l&#8217;aer\u00f2drom del Rebollar (Requena) per a presentar la seua candidatura a les pr\u00f2ximes eleccions municipals, que encap\u00e7ala Ezequiel Tena Garc\u00eda.<\/p>\n\n\n\n<p class=\"wp-block-paragraph\">L&#8217;esdeveniment se celebrar\u00e0 en l&#8217;esmentat lloc, aquest dissabte, a les 11,00 hores. &#8220;Parlarem de les necessitats de Requena i de les solucions que proposem per a aix\u00f2. A m\u00e9s, comptarem amb la visita d&#8217;una persona que ens posar\u00e0 al dia de com est\u00e0 actualment un dels \u00e0mbits m\u00e9s importants per als ciutadans com \u00e9s la seguretat&#8221;, han manifestat des de la formaci\u00f3 pol\u00edtica. Informa, <strong>Luis Ib\u00e1\u00f1ez<\/strong>.<\/p>\n","protected":false},"excerpt":{"rendered":"<div class=\"mh-excerpt\">Vox Requena ha triat l&#8217;aer\u00f2drom del Rebollar (Requena) per a presentar la seua candidatura a les pr\u00f2ximes eleccions municipals, que encap\u00e7ala Ezequiel Tena Garc\u00eda. L&#8217;esdeveniment se celebrar\u00e0 en l&#8217;esmentat lloc, aquest dissabte, a les 11,00 <a class=\"mh-excerpt-more\" href=\"https:\/\/tucomarca.whitekongsoftware.com\/ca\/vox-requena-presenta-este-sabado-en-el-aerodromo-de-el-rebollar-su-candidatura-a-las-municipales\/\" title=\"VOX Requena presenta aquest dissabte en l&#8217;aer\u00f2drom del Rebollar la seua candidatura a les municipals\u00a0\">[+] <\/a><\/div>\n","protected":false},"author":1,"featured_media":185560,"comment_status":"open","ping_status":"open","sticky":false,"template":"","format":"standard","meta":{"footnotes":""},"categories":[11019,10948,10894,10947,10908,10909,10896],"tags":[11099,10910,19027],"class_list":["post-185564","post","type-post","status-publish","format-standard","has-post-thumbnail","category-agenda-ca","category-infraestructuras-ca","category-la-comarca-ca","category-politica","category-requena-ca","category-requena-utiel-ca","category-seccion-ca","tag-requena-ca","tag-requena-utiel-ca","tag-vox-ca"],"_links":{"self":[{"href":"https:\/\/tucomarca.whitekongsoftware.com\/ca\/wp-json\/wp\/v2\/posts\/185564","targetHints":{"allow":["GET"]}}],"collection":[{"href":"https:\/\/tucomarca.whitekongsoftware.com\/ca\/wp-json\/wp\/v2\/posts"}],"about":[{"href":"https:\/\/tucomarca.whitekongsoftware.com\/ca\/wp-json\/wp\/v2\/types\/post"}],"author":[{"embeddable":true,"href":"https:\/\/tucomarca.whitekongsoftware.com\/ca\/wp-json\/wp\/v2\/users\/1"}],"replies":[{"embeddable":true,"href":"https:\/\/tucomarca.whitekongsoftware.com\/ca\/wp-json\/wp\/v2\/comments?post=185564"}],"version-history":[{"count":0,"href":"https:\/\/tucomarca.whitekongsoftware.com\/ca\/wp-json\/wp\/v2\/posts\/185564\/revisions"}],"wp:featuredmedia":[{"embeddable":true,"href":"https:\/\/tucomarca.whitekongsoftware.com\/ca\/wp-json\/wp\/v2\/media\/185560"}],"wp:attachment":[{"href":"https:\/\/tucomarca.whitekongsoftware.com\/ca\/wp-json\/wp\/v2\/media?parent=185564"}],"wp:term":[{"taxonomy":"category","embeddable":true,"href":"https:\/\/tucomarca.whitekongsoftware.com\/ca\/wp-json\/wp\/v2\/categories?post=185564"},{"taxonomy":"post_tag","embeddable":true,"href":"https:\/\/tucomarca.whitekongsoftware.com\/ca\/wp-json\/wp\/v2\/tags?post=185564"}],"curies":[{"name":"wp","href":"https:\/\/api.w.org\/{rel}","templated":true}]}}