{"id":185535,"date":"2023-05-12T13:13:00","date_gmt":"2023-05-12T12:13:00","guid":{"rendered":"https:\/\/www.tucomarca.com\/wordpress\/segunda\/?p=185535"},"modified":"2023-05-12T18:12:53","modified_gmt":"2023-05-12T17:12:53","slug":"tot-preparat-per-al-v-trail-millars-que-se-celebrara-el-proxim-21-de-maig","status":"publish","type":"post","link":"https:\/\/tucomarca.whitekongsoftware.com\/ca\/tot-preparat-per-al-v-trail-millars-que-se-celebrara-el-proxim-21-de-maig\/","title":{"rendered":"Tot preparat per al V Trail Millars que se celebrar\u00e0 el pr\u00f2xim 21 de maig"},"content":{"rendered":"\n<p class=\"wp-block-paragraph\">Despr\u00e9s de l&#8217;\u00e8xit de l&#8217;edici\u00f3 passada, Millars celebra una vegada m\u00e9s aquest meravell\u00f3s i apassionant esdeveniment.<br>Tamb\u00e9 hi haur\u00e0 marxa per a Andarines en el V Trail Millars que se celebrar\u00e0 el 21 de maig.<\/p>\n\n\n\n<figure class=\"wp-block-gallery has-nested-images columns-default is-cropped wp-block-gallery-1 is-layout-flex wp-block-gallery-is-layout-flex\">\n<figure class=\"wp-block-image size-large\"><img loading=\"lazy\" decoding=\"async\" width=\"630\" height=\"330\" data-id=\"185528\" src=\"http:\/\/www.tucomarca.com\/wordpress\/segunda\/wp-content\/uploads\/2023\/05\/trailMillares1.jpg\" alt=\"\" class=\"wp-image-185528\" srcset=\"https:\/\/tucomarca.whitekongsoftware.com\/wp-content\/uploads\/2023\/05\/trailMillares1.jpg 630w, https:\/\/tucomarca.whitekongsoftware.com\/wp-content\/uploads\/2023\/05\/trailMillares1-300x157.jpg 300w\" sizes=\"auto, (max-width: 630px) 100vw, 630px\" \/><\/figure>\n\n\n\n<figure class=\"wp-block-image size-large\"><img loading=\"lazy\" decoding=\"async\" width=\"1199\" height=\"630\" data-id=\"185530\" src=\"http:\/\/www.tucomarca.com\/wordpress\/segunda\/wp-content\/uploads\/2023\/05\/trailMillares2.jpg\" alt=\"\" class=\"wp-image-185530\" srcset=\"https:\/\/tucomarca.whitekongsoftware.com\/wp-content\/uploads\/2023\/05\/trailMillares2.jpg 1199w, https:\/\/tucomarca.whitekongsoftware.com\/wp-content\/uploads\/2023\/05\/trailMillares2-300x158.jpg 300w, https:\/\/tucomarca.whitekongsoftware.com\/wp-content\/uploads\/2023\/05\/trailMillares2-1024x538.jpg 1024w, https:\/\/tucomarca.whitekongsoftware.com\/wp-content\/uploads\/2023\/05\/trailMillares2-768x404.jpg 768w\" sizes=\"auto, (max-width: 1199px) 100vw, 1199px\" \/><\/figure>\n<\/figure>\n\n\n\n<p class=\"wp-block-paragraph\">Tan sols una setmana per a tancar les inscripcions del V Trail Millars, els inscrits poden triar entre: Trail 24k o 12k, i marxa senderista 9.800m.<\/p>\n\n\n\n<p class=\"wp-block-paragraph\">Inscripcions en @cronorunner: https:\/\/cronorunner.com\/inscripcion.php?ref=616-1758<\/p>\n\n\n\n<p class=\"wp-block-paragraph\">Des de l&#8217;Ajuntament de Millars es vol agrair a aquests tres establiments locals, Forn Filiberto, Carnisseria Mari, Comestibles Casa Angelita, per la confecci\u00f3 de m\u00e9s de 50 lots de productes tradicionals i artesanals, per a sortejar entre tots els inscrits amb una participaci\u00f3 que s&#8217;entregar\u00e0 quan es reculla el dorsal.<\/p>\n","protected":false},"excerpt":{"rendered":"<div class=\"mh-excerpt\">Despr\u00e9s de l&#8217;\u00e8xit de l&#8217;edici\u00f3 passada, Millars celebra una vegada m\u00e9s aquest meravell\u00f3s i apassionant esdeveniment.Tamb\u00e9 hi haur\u00e0 marxa per a Andarines en el V Trail Millars que se celebrar\u00e0 el 21 de maig. Tan <a class=\"mh-excerpt-more\" href=\"https:\/\/tucomarca.whitekongsoftware.com\/ca\/tot-preparat-per-al-v-trail-millars-que-se-celebrara-el-proxim-21-de-maig\/\" title=\"Tot preparat per al V Trail Millars que se celebrar\u00e0 el pr\u00f2xim 21 de maig\">[+] <\/a><\/div>\n","protected":false},"author":12,"featured_media":185534,"comment_status":"open","ping_status":"open","sticky":false,"template":"","format":"standard","meta":{"footnotes":""},"categories":[11019,11018,11003,10963,10894,10970,10896],"tags":[11094,11186,19212],"class_list":["post-185535","post","type-post","status-publish","format-standard","has-post-thumbnail","category-agenda-ca","category-atletisme","category-sports","category-la-canal-de-navarres-ca","category-la-comarca-ca","category-millares-ca","category-seccion-ca","tag-la-canal-de-navarres","tag-millares-ca","tag-v-trail-millares-ca"],"_links":{"self":[{"href":"https:\/\/tucomarca.whitekongsoftware.com\/ca\/wp-json\/wp\/v2\/posts\/185535","targetHints":{"allow":["GET"]}}],"collection":[{"href":"https:\/\/tucomarca.whitekongsoftware.com\/ca\/wp-json\/wp\/v2\/posts"}],"about":[{"href":"https:\/\/tucomarca.whitekongsoftware.com\/ca\/wp-json\/wp\/v2\/types\/post"}],"author":[{"embeddable":true,"href":"https:\/\/tucomarca.whitekongsoftware.com\/ca\/wp-json\/wp\/v2\/users\/12"}],"replies":[{"embeddable":true,"href":"https:\/\/tucomarca.whitekongsoftware.com\/ca\/wp-json\/wp\/v2\/comments?post=185535"}],"version-history":[{"count":0,"href":"https:\/\/tucomarca.whitekongsoftware.com\/ca\/wp-json\/wp\/v2\/posts\/185535\/revisions"}],"wp:featuredmedia":[{"embeddable":true,"href":"https:\/\/tucomarca.whitekongsoftware.com\/ca\/wp-json\/wp\/v2\/media\/185534"}],"wp:attachment":[{"href":"https:\/\/tucomarca.whitekongsoftware.com\/ca\/wp-json\/wp\/v2\/media?parent=185535"}],"wp:term":[{"taxonomy":"category","embeddable":true,"href":"https:\/\/tucomarca.whitekongsoftware.com\/ca\/wp-json\/wp\/v2\/categories?post=185535"},{"taxonomy":"post_tag","embeddable":true,"href":"https:\/\/tucomarca.whitekongsoftware.com\/ca\/wp-json\/wp\/v2\/tags?post=185535"}],"curies":[{"name":"wp","href":"https:\/\/api.w.org\/{rel}","templated":true}]}}