{"id":185381,"date":"2023-05-08T21:00:00","date_gmt":"2023-05-08T20:00:00","guid":{"rendered":"https:\/\/www.tucomarca.com\/wordpress\/segunda\/?p=185381"},"modified":"2023-05-11T13:33:54","modified_gmt":"2023-05-11T12:33:54","slug":"el-partit-popular-de-leliana-aposta-per-els-nous-elianeros","status":"publish","type":"post","link":"https:\/\/tucomarca.whitekongsoftware.com\/ca\/el-partit-popular-de-leliana-aposta-per-els-nous-elianeros\/","title":{"rendered":"El Partit Popular de l&#8217;Eliana aposta per &#8220;els nous elianeros&#8221;"},"content":{"rendered":"\n<h3 class=\"wp-block-heading\"><strong>Mar\u00eda Jos\u00e9 Marco, candidata a l&#8217;alcaldia de l&#8217;Eliana incorpora a ve\u00efns argentins i vene\u00e7olans en la seua llista<\/strong>.<\/h3>\n\n\n\n<h3 class=\"wp-block-heading\"><strong>Fernando D&#8217;Almeida, el llatinoameric\u00e0 m\u00e9s jove a participar en unes llistes electorals<\/strong>.<\/h3>\n\n\n\n<p class=\"wp-block-paragraph\">Fernando D&#8217;Almeida, un jove provinent de Vene\u00e7uela que va arribar a Espanya fa m\u00e9s de quatre anys, i que actualment \u00e9s estudiant de dret en la Universitat Cat\u00f2lica de Val\u00e8ncia es converteix aix\u00ed en el llatinoameric\u00e0 m\u00e9s jove a formar part d&#8217;unes llistes electorals.<\/p>\n\n\n\n<p class=\"wp-block-paragraph\">La candidata Mar\u00eda Jos\u00e9 Marco va destacar la import\u00e0ncia de comptar amb joves talentosos i compromesos en l&#8217;equip, i va subratllar la capacitat de De Almeida per a connectar amb la comunitat llatinoamericana i aportar una perspectiva diversa i innovadora en l&#8217;\u00e0mbit pol\u00edtic local.<br>Per a Mar\u00eda Jos\u00e9 Marco &#8220;\u00e9s molt important comptar amb els nostres ve\u00efns d&#8217;origen estranger. L&#8217;Eliana ha de ser un poble integrador i atendre tamb\u00e9 les seues necessitats. Tinc molts amics elianeros d&#8217;origen vene\u00e7ol\u00e0, angl\u00e9s, franc\u00e9s, alemany, asi\u00e0tic, argent\u00ed, etc. i ells s\u00f3n una part fonamental per a crear el poble integrador que jo desitge.&#8221;<\/p>\n\n\n\n<p class=\"wp-block-paragraph\">La candidata del Partit Popular per a l&#8217;ajuntament de l&#8217;Eliana, Mar\u00eda Jos\u00e9 Marco, ha anunciat que ha depositat la seua confian\u00e7a en el jove vene\u00e7ol\u00e0 Fernando D&#8217;Almeida per a integrar les llistes electorals de cara a les eleccions municipals del pr\u00f2xim 28 de maig.<br>Fernando D&#8217;Almeida, de tan sols 22 anys, \u00e9s un exemple de superaci\u00f3 i esfor\u00e7. Despr\u00e9s de la seua arribada a Espanya, s&#8217;ha destacat en diferents aspectes acad\u00e8mics i laborals, la qual cosa li ha valgut el reconeixement i la confian\u00e7a de la candidata del Partit Popular a l&#8217;Eliana.<br>La inclusi\u00f3 de De Almeida en les llistes electorals se suma a la de Sebast\u00edan Garino, ve\u00ed de l&#8217;Eliana d&#8217;origen argent\u00ed, i demostra el comprom\u00eds del Partit Popular amb la diversitat i la integraci\u00f3 de tots els ciutadans, independentment del seu origen. A m\u00e9s, posa de manifest l&#8217;aposta del partit pel talent jove i el foment d&#8217;una pol\u00edtica municipal que escolte i atenga les necessitats de tots els habitants de l&#8217;Eliana.<\/p>\n\n\n\n<p class=\"wp-block-paragraph\">L&#8217;Eliana, com molts altres municipis a Espanya, ha experimentat un augment significatiu en el nombre de residents llatinoamericans en els \u00faltims anys. La incorporaci\u00f3 de Fernando D&#8217;Almeida i de Sebasti\u00e1n Garino en les llistes electorals del Partit Popular no sols reflecteix aquest canvi demogr\u00e0fic, sin\u00f3 que tamb\u00e9 marca un pas avant en el reconeixement i la integraci\u00f3 de totes les comunitats en la pol\u00edtica local, concretament en les files del Partit Popular.<\/p>\n\n\n\n<figure class=\"wp-block-image size-full\"><img loading=\"lazy\" decoding=\"async\" width=\"760\" height=\"579\" src=\"http:\/\/www.tucomarca.com\/wordpress\/segunda\/wp-content\/uploads\/2023\/05\/ElianaPP.jpeg\" alt=\"\" class=\"wp-image-185375\" srcset=\"https:\/\/tucomarca.whitekongsoftware.com\/wp-content\/uploads\/2023\/05\/ElianaPP.jpeg 760w, https:\/\/tucomarca.whitekongsoftware.com\/wp-content\/uploads\/2023\/05\/ElianaPP-300x229.jpeg 300w, https:\/\/tucomarca.whitekongsoftware.com\/wp-content\/uploads\/2023\/05\/ElianaPP-80x60.jpeg 80w\" sizes=\"auto, (max-width: 760px) 100vw, 760px\" \/><\/figure>\n","protected":false},"excerpt":{"rendered":"<div class=\"mh-excerpt\">Mar\u00eda Jos\u00e9 Marco, candidata a l&#8217;alcaldia de l&#8217;Eliana incorpora a ve\u00efns argentins i vene\u00e7olans en la seua llista. Fernando D&#8217;Almeida, el llatinoameric\u00e0 m\u00e9s jove a participar en unes llistes electorals. Fernando D&#8217;Almeida, un jove provinent <a class=\"mh-excerpt-more\" href=\"https:\/\/tucomarca.whitekongsoftware.com\/ca\/el-partit-popular-de-leliana-aposta-per-els-nous-elianeros\/\" title=\"El Partit Popular de l&#8217;Eliana aposta per &#8220;els nous elianeros&#8221;\">[+] <\/a><\/div>\n","protected":false},"author":1,"featured_media":185378,"comment_status":"open","ping_status":"open","sticky":false,"template":"","format":"standard","meta":{"footnotes":""},"categories":[10892,10948,10894,10893,10947,10896],"tags":[10899,18828,11993,11978],"class_list":["post-185381","post","type-post","status-publish","format-standard","has-post-thumbnail","category-camp-de-turia-ca","category-infraestructuras-ca","category-la-comarca-ca","category-leliana-ca","category-politica","category-seccion-ca","tag-camp-de-turia-ca","tag-elecciones-municipales-2023-ca","tag-eliana-ca","tag-partido-popular-ca"],"_links":{"self":[{"href":"https:\/\/tucomarca.whitekongsoftware.com\/ca\/wp-json\/wp\/v2\/posts\/185381","targetHints":{"allow":["GET"]}}],"collection":[{"href":"https:\/\/tucomarca.whitekongsoftware.com\/ca\/wp-json\/wp\/v2\/posts"}],"about":[{"href":"https:\/\/tucomarca.whitekongsoftware.com\/ca\/wp-json\/wp\/v2\/types\/post"}],"author":[{"embeddable":true,"href":"https:\/\/tucomarca.whitekongsoftware.com\/ca\/wp-json\/wp\/v2\/users\/1"}],"replies":[{"embeddable":true,"href":"https:\/\/tucomarca.whitekongsoftware.com\/ca\/wp-json\/wp\/v2\/comments?post=185381"}],"version-history":[{"count":0,"href":"https:\/\/tucomarca.whitekongsoftware.com\/ca\/wp-json\/wp\/v2\/posts\/185381\/revisions"}],"wp:featuredmedia":[{"embeddable":true,"href":"https:\/\/tucomarca.whitekongsoftware.com\/ca\/wp-json\/wp\/v2\/media\/185378"}],"wp:attachment":[{"href":"https:\/\/tucomarca.whitekongsoftware.com\/ca\/wp-json\/wp\/v2\/media?parent=185381"}],"wp:term":[{"taxonomy":"category","embeddable":true,"href":"https:\/\/tucomarca.whitekongsoftware.com\/ca\/wp-json\/wp\/v2\/categories?post=185381"},{"taxonomy":"post_tag","embeddable":true,"href":"https:\/\/tucomarca.whitekongsoftware.com\/ca\/wp-json\/wp\/v2\/tags?post=185381"}],"curies":[{"name":"wp","href":"https:\/\/api.w.org\/{rel}","templated":true}]}}