{"id":185280,"date":"2023-05-10T11:59:00","date_gmt":"2023-05-10T10:59:00","guid":{"rendered":"https:\/\/www.tucomarca.com\/wordpress\/segunda\/?p=185280"},"modified":"2023-05-10T21:42:23","modified_gmt":"2023-05-10T20:42:23","slug":"la-generalitat-confirma-una-inversio-de-232-milions-deuros-a-riba-roja-amb-la-construccio-de-les-dues-residencies-per-a-persones-majors-i-persones-amb-diversitat-funcional","status":"publish","type":"post","link":"https:\/\/tucomarca.whitekongsoftware.com\/ca\/la-generalitat-confirma-una-inversio-de-232-milions-deuros-a-riba-roja-amb-la-construccio-de-les-dues-residencies-per-a-persones-majors-i-persones-amb-diversitat-funcional\/","title":{"rendered":"La Generalitat confirma una inversi\u00f3 de 23\u20192 milions d&#8217;euros a Riba-roja amb la construcci\u00f3 de les dues resid\u00e8ncies per a persones majors i persones amb diversitat funcional\u00a0"},"content":{"rendered":"\n<h4 class=\"wp-block-heading\">La conselleria d&#8217;Igualtat i Pol\u00edtiques Inclusives informa l&#8217;ajuntament local sobre la viabilitat t\u00e8cnica d&#8217;aquest projecte en el futur complex soci-sanitari per a 90 majors i 30 amb diversitat<\/h4>\n\n\n\n<p class=\"wp-block-paragraph\">La conselleria d&#8217;Igualtat i Pol\u00edtiques Inclusives ha comunicat a l&#8217;Ajuntament de Riba-roja de T\u00faria l&#8217;informe sobre la viabilitat t\u00e8cnica positiu previ a la construcci\u00f3 de les dues resid\u00e8ncies p\u00fabliques en la zona de Pacadar, el complex soci-sanitari que, en aquesta zona del terme municipal, al costat del propi nucli urb\u00e0, permetr\u00e0 invertir un total de 23\u20192 milions d&#8217;euros amb aquestes infraestructures.&nbsp;<\/p>\n\n\n\n<p class=\"wp-block-paragraph\">El Pla d&#8217;Infraestructures de Serveis Socials 2021-2025 inclou els centres que es construiran al llarg del citat per\u00edode en l&#8217;\u00e0mbit de la Comunitat Valenci\u00e0 finan\u00e7ats amb recursos p\u00fablics i que en el cas de Riba-roja de T\u00faria ha confirmat les dues resid\u00e8ncies, una de majors dotada amb 90 places mentre que la corresponent a persones amb diversitat funcional tindr\u00e0 una capacitat per a altres 30 persones, segons s&#8217;afirma en el citat pla.&nbsp;<\/p>\n\n\n\n<p class=\"wp-block-paragraph\">D&#8217;aquesta manera, l&#8217;informe de viabilitat t\u00e8cnica enumera tots els aspectes necessaris per a portar avant aquesta infraestructura en la zona de Pacadar que suposar\u00e0 un avan\u00e7 substancial en l&#8217;atenci\u00f3 i cura de les persones majors i les persones amb diversitat funcional de la localitat. Es tracta de la primera ocasi\u00f3 en la qual s&#8217;executen aquestes instal\u00b7lacions amb finan\u00e7ament i amb gesti\u00f3 completament p\u00fablica a Riba-roja de T\u00faria, una de les reivindicacions hist\u00f2riques del municipi.&nbsp;<\/p>\n\n\n\n<p class=\"wp-block-paragraph\">El pla de viabilitat preveu una inversi\u00f3 total de 23\u20192 milions d&#8217;euros que es desenvoluparan a llarg durant tres anualitats, en la primera corresponent a l&#8217;any 2023 es duran a terme inversions per valor de 5\u20198 milions d&#8217;euros, mentre que en l&#8217;exercici de 2024 s&#8217;executaran obres i projectes per altres 8\u20197 milions d&#8217;euros i, en l&#8217;\u00faltima anualitat corresponent a l&#8217;any 2025, s&#8217;invertiran els restants 8\u20197 milions d&#8217;euros fins a completar el pressupost total.&nbsp;<\/p>\n\n\n\n<p class=\"wp-block-paragraph\">L&#8217;informe de la conselleria d&#8217;Igualtat i Pol\u00edtiques Inclusives detalla la capacitat de 90 persones en el cas la resid\u00e8ncia de persones majors i en l&#8217;edifici de les quals estan previstes sales d&#8217;estar-conviv\u00e8ncia, sales d&#8217;activitats, unitats de cures continuada amb control m\u00e8dic i infermeria, a m\u00e9s d&#8217;unitats de conviv\u00e8ncia separades f\u00edsicament l&#8217;espai residencial dels espais d&#8217;activitat i conviv\u00e8ncia. A m\u00e9s, estar\u00e0 dotada d&#8217;un magatzem de llenceria i magatzem de bolquers.&nbsp;<br>En el caos de la resid\u00e8ncia projectada per a persones amb diversitat funcional, el programa p\u00fablic recull, a m\u00e9s, un bany accessible de necessitats especials, mentre que es construiran les 6 sales previstes per a les 30 persones usu\u00e0ries en l&#8217;edifici de la zona de Pacadar. D&#8217;aquesta manera, l&#8217;informe de viabilitat t\u00e8cnica de la Generalitat confirma tots els aspectes necessaris per al desenvolupament d&#8217;unes instal\u00b7lacions capdavanteres en la Comunitat Valenciana.&nbsp;<\/p>\n\n\n\n<p class=\"wp-block-paragraph\">La ubicaci\u00f3 de totes dues resid\u00e8ncies ser\u00e0 possible gr\u00e0cies a les actuacions de l&#8217;Ajuntament de Riba-roja de T\u00faria que aconseguir\u00e0 la compra dels 50.000 metres quadrats de la zona del Pacadar, els terrenys del qual formaven part d&#8217;un programa d&#8217;actuaci\u00f3 integrada (PAI) on estava prevista la construcci\u00f3 de 555 habitatges de renda lliure i que es va anul\u00b7lar per l&#8217;incompliment del conveni inicial signat entre totes dues parts.&nbsp;<\/p>\n\n\n\n<p class=\"wp-block-paragraph\">La zona de Pacadar acollir\u00e0, tamb\u00e9, un centre de salut, una \u00e0rea de rehabilitaci\u00f3 i un punt d&#8217;ambul\u00e0ncies Samu (Servei d\u2019Atenc\u00f3 M\u00e8dica Urgent) sobre una superf\u00edcie de prop de 2.000 metres quadrats que ja s&#8217;han cedit a la conseleria de Sanitat Universal i que suposaran una inversi\u00f3 d&#8217;altres 6 milions d&#8217;euros i que permetran acabar amb les defici\u00e8ncies d&#8217;espai que presenten les actuals instal\u00b7lacions sanit\u00e0ries.&nbsp;<\/p>\n\n\n\n<p class=\"wp-block-paragraph\">L&#8217;alcalde de Riba-roja de T\u00faria, Robert Raga, ha subratllat que aquestes infraestructures soci-sanit\u00e0ries \u201cs\u00f3n hist\u00f2riques en el nostre municipi, amb unes inversions econ\u00f2miques que mai s&#8217;han dut a terme i que s\u00f3n essencials per a cobrir les actuals necessitats amb una atenci\u00f3 correcta per als majors, per a les persones amb diversitat funcional i amb una descentralitzaci\u00f3 sanit\u00e0ria que permetr\u00e0 aconseguir les \u00e0rees d&#8217;expansi\u00f3 demogr\u00e0fica i urban\u00edstica experimentada durant els \u00faltims anys\u201d.<\/p>\n\n\n\n<p class=\"wp-block-paragraph\"><\/p>\n","protected":false},"excerpt":{"rendered":"<div class=\"mh-excerpt\">La conselleria d&#8217;Igualtat i Pol\u00edtiques Inclusives informa l&#8217;ajuntament local sobre la viabilitat t\u00e8cnica d&#8217;aquest projecte en el futur complex soci-sanitari per a 90 majors i 30 amb diversitat La conselleria d&#8217;Igualtat i Pol\u00edtiques Inclusives ha <a class=\"mh-excerpt-more\" href=\"https:\/\/tucomarca.whitekongsoftware.com\/ca\/la-generalitat-confirma-una-inversio-de-232-milions-deuros-a-riba-roja-amb-la-construccio-de-les-dues-residencies-per-a-persones-majors-i-persones-amb-diversitat-funcional\/\" title=\"La Generalitat confirma una inversi\u00f3 de 23\u20192 milions d&#8217;euros a Riba-roja amb la construcci\u00f3 de les dues resid\u00e8ncies per a persones majors i persones amb diversitat funcional\u00a0\">[+] <\/a><\/div>\n","protected":false},"author":12,"featured_media":185275,"comment_status":"open","ping_status":"open","sticky":false,"template":"","format":"standard","meta":{"footnotes":""},"categories":[10892,10948,10894,10947,10906,10896],"tags":[10899,19191,15024],"class_list":["post-185280","post","type-post","status-publish","format-standard","has-post-thumbnail","category-camp-de-turia-ca","category-infraestructuras-ca","category-la-comarca-ca","category-politica","category-riba-roja-ca","category-seccion-ca","tag-camp-de-turia-ca","tag-pacadar-ca","tag-riba-roja-de-turia-ca"],"_links":{"self":[{"href":"https:\/\/tucomarca.whitekongsoftware.com\/ca\/wp-json\/wp\/v2\/posts\/185280","targetHints":{"allow":["GET"]}}],"collection":[{"href":"https:\/\/tucomarca.whitekongsoftware.com\/ca\/wp-json\/wp\/v2\/posts"}],"about":[{"href":"https:\/\/tucomarca.whitekongsoftware.com\/ca\/wp-json\/wp\/v2\/types\/post"}],"author":[{"embeddable":true,"href":"https:\/\/tucomarca.whitekongsoftware.com\/ca\/wp-json\/wp\/v2\/users\/12"}],"replies":[{"embeddable":true,"href":"https:\/\/tucomarca.whitekongsoftware.com\/ca\/wp-json\/wp\/v2\/comments?post=185280"}],"version-history":[{"count":0,"href":"https:\/\/tucomarca.whitekongsoftware.com\/ca\/wp-json\/wp\/v2\/posts\/185280\/revisions"}],"wp:featuredmedia":[{"embeddable":true,"href":"https:\/\/tucomarca.whitekongsoftware.com\/ca\/wp-json\/wp\/v2\/media\/185275"}],"wp:attachment":[{"href":"https:\/\/tucomarca.whitekongsoftware.com\/ca\/wp-json\/wp\/v2\/media?parent=185280"}],"wp:term":[{"taxonomy":"category","embeddable":true,"href":"https:\/\/tucomarca.whitekongsoftware.com\/ca\/wp-json\/wp\/v2\/categories?post=185280"},{"taxonomy":"post_tag","embeddable":true,"href":"https:\/\/tucomarca.whitekongsoftware.com\/ca\/wp-json\/wp\/v2\/tags?post=185280"}],"curies":[{"name":"wp","href":"https:\/\/api.w.org\/{rel}","templated":true}]}}