{"id":185189,"date":"2023-05-10T09:30:00","date_gmt":"2023-05-10T08:30:00","guid":{"rendered":"https:\/\/www.tucomarca.com\/wordpress\/segunda\/?p=185189"},"modified":"2023-05-10T20:32:50","modified_gmt":"2023-05-10T19:32:50","slug":"alboraig-amplia-fins-a-cap-dany-la-campanya-de-gestio-de-residus-urbans-des-del-mobil","status":"publish","type":"post","link":"https:\/\/tucomarca.whitekongsoftware.com\/ca\/alboraig-amplia-fins-a-cap-dany-la-campanya-de-gestio-de-residus-urbans-des-del-mobil\/","title":{"rendered":"Alboraig amplia fins a cap d&#8217;any la campanya de gesti\u00f3 de residus urbans des del m\u00f2bil"},"content":{"rendered":"\n<p class=\"wp-block-paragraph\">L&#8217;\u00e8xit de la campanya \u201cFichaalborache\u201d ha portat al consistori a ampliar aquesta campanya de gesti\u00f3 de residus urbans, mitjan\u00e7ant una aplicaci\u00f3 inform\u00e0tica en el tel\u00e8fon m\u00f2bil, fins al 31 de desembre de 2023.<\/p>\n\n\n\n<p class=\"wp-block-paragraph\">L&#8217;ajuntament d&#8217;Alboraig va llan\u00e7ar enguany la campanya \u201cFichaalborache\u201d. Una iniciativa que pretenia augmentar la conscienciaci\u00f3 ciutadana i l&#8217;efici\u00e8ncia a l&#8217;hora de reciclar diferents residus urbans. La campanya va ser molt ben acollida des del primer moment per part dels ve\u00efns i ve\u00efnes de la localitat, la qual cosa ha portat al consistori a ampliar-la fins a, almenys, el 31 de desembre de 2023.<\/p>\n\n\n\n<p class=\"wp-block-paragraph\">De moment, han participat ja m\u00e9s de 300 persones i s&#8217;han apuntat 115 habitatges del municipi. Elles i ells fomenten el reciclatge urb\u00e0 de residus i la separaci\u00f3 eficient usant, a m\u00e9s, una aplicaci\u00f3 m\u00f2bil que els premia per cadascuna d&#8217;aquestes accions compromeses amb el planeta i amb la seua sostenibilitat. La campanya \u201cFichaalborache\u201d impulsa tamb\u00e9 el comer\u00e7 local, mitjan\u00e7ant els premis associats que fomenten el consum en aquests comer\u00e7os.<\/p>\n\n\n\n<p class=\"wp-block-paragraph\">La&nbsp;Coordinaci\u00f3 d&#8217;Objectius de Desenvolupament Sostenible i Agenda 2030 de la Federaci\u00f3 Valenciana de Municipis i Prov\u00edncies ha felicitat l&#8217;ajuntament per aquest projecte i l&#8217;exposaran com a model perqu\u00e8 altres municipis puguen seguir la metodologia que s&#8217;ha utilitzat, sobretot el comprom\u00eds i la participaci\u00f3 dels ve\u00efns i ve\u00efnes.<\/p>\n\n\n\n<p class=\"wp-block-paragraph\"><\/p>\n","protected":false},"excerpt":{"rendered":"<div class=\"mh-excerpt\">L&#8217;\u00e8xit de la campanya \u201cFichaalborache\u201d ha portat al consistori a ampliar aquesta campanya de gesti\u00f3 de residus urbans, mitjan\u00e7ant una aplicaci\u00f3 inform\u00e0tica en el tel\u00e8fon m\u00f2bil, fins al 31 de desembre de 2023. L&#8217;ajuntament d&#8217;Alboraig <a class=\"mh-excerpt-more\" href=\"https:\/\/tucomarca.whitekongsoftware.com\/ca\/alboraig-amplia-fins-a-cap-dany-la-campanya-de-gestio-de-residus-urbans-des-del-mobil\/\" title=\"Alboraig amplia fins a cap d&#8217;any la campanya de gesti\u00f3 de residus urbans des del m\u00f2bil\">[+] <\/a><\/div>\n","protected":false},"author":12,"featured_media":185188,"comment_status":"open","ping_status":"open","sticky":false,"template":"","format":"standard","meta":{"footnotes":""},"categories":[10973,10948,10894,10912,10903,10947,10896],"tags":[11224,19177,19178,10914],"class_list":["post-185189","post","type-post","status-publish","format-standard","has-post-thumbnail","category-alborache-ca","category-infraestructuras-ca","category-la-comarca-ca","category-la-hoya-ca","category-medio-ambiente-la-comarca-ca","category-politica","category-seccion-ca","tag-alborache-ca","tag-fichaalborache-ca","tag-gestion-de-residuos-urbanos-ca","tag-la-hoya-de-bunol-chiva-ca"],"_links":{"self":[{"href":"https:\/\/tucomarca.whitekongsoftware.com\/ca\/wp-json\/wp\/v2\/posts\/185189","targetHints":{"allow":["GET"]}}],"collection":[{"href":"https:\/\/tucomarca.whitekongsoftware.com\/ca\/wp-json\/wp\/v2\/posts"}],"about":[{"href":"https:\/\/tucomarca.whitekongsoftware.com\/ca\/wp-json\/wp\/v2\/types\/post"}],"author":[{"embeddable":true,"href":"https:\/\/tucomarca.whitekongsoftware.com\/ca\/wp-json\/wp\/v2\/users\/12"}],"replies":[{"embeddable":true,"href":"https:\/\/tucomarca.whitekongsoftware.com\/ca\/wp-json\/wp\/v2\/comments?post=185189"}],"version-history":[{"count":0,"href":"https:\/\/tucomarca.whitekongsoftware.com\/ca\/wp-json\/wp\/v2\/posts\/185189\/revisions"}],"wp:featuredmedia":[{"embeddable":true,"href":"https:\/\/tucomarca.whitekongsoftware.com\/ca\/wp-json\/wp\/v2\/media\/185188"}],"wp:attachment":[{"href":"https:\/\/tucomarca.whitekongsoftware.com\/ca\/wp-json\/wp\/v2\/media?parent=185189"}],"wp:term":[{"taxonomy":"category","embeddable":true,"href":"https:\/\/tucomarca.whitekongsoftware.com\/ca\/wp-json\/wp\/v2\/categories?post=185189"},{"taxonomy":"post_tag","embeddable":true,"href":"https:\/\/tucomarca.whitekongsoftware.com\/ca\/wp-json\/wp\/v2\/tags?post=185189"}],"curies":[{"name":"wp","href":"https:\/\/api.w.org\/{rel}","templated":true}]}}