{"id":185089,"date":"2023-05-09T12:00:00","date_gmt":"2023-05-09T11:00:00","guid":{"rendered":"https:\/\/www.tucomarca.com\/wordpress\/segunda\/?p=185089"},"modified":"2023-05-09T19:07:43","modified_gmt":"2023-05-09T18:07:43","slug":"la-xvi-fira-del-comerc-turisme-i-ocupacio-de-bunyol-ultima-els-detalls-per-a-la-seua-celebracio-aquest-cap-de-setmana-en-el-planell","status":"publish","type":"post","link":"https:\/\/tucomarca.whitekongsoftware.com\/ca\/la-xvi-fira-del-comerc-turisme-i-ocupacio-de-bunyol-ultima-els-detalls-per-a-la-seua-celebracio-aquest-cap-de-setmana-en-el-planell\/","title":{"rendered":"La XVI Fira del Comer\u00e7, Turisme i Ocupaci\u00f3 de Bunyol ultima els detalls per a la seua celebraci\u00f3 aquest cap de setmana en el Planell"},"content":{"rendered":"\n<h4 class=\"wp-block-heading\">Tot preparat ja per a la celebraci\u00f3 de la 16a edici\u00f3 de la Fira del Comer\u00e7, Turisme i Ocupaci\u00f3 de Bunyol, que tindr\u00e0 lloc aquest cap de setmana en la recta del Planell.&nbsp;<br><\/h4>\n\n\n\n<p class=\"wp-block-paragraph\">Aquest divendres, dissabte i diumenge arriba l&#8217;esperada Fira del Comer\u00e7 al Planell de Bunyol. Una infinitat d&#8217;activitats, atraccions per als m\u00e9s xicotets, tastos, discom\u00f3vil, espectacle, degustacions, showcookings, i molt comer\u00e7 i associacionisme podran veure&#8217;s aquest cap de setmana en la localitat. I com sempre, es pot accedir al recinte firal amb tren tur\u00edstic.&nbsp;<\/p>\n\n\n\n<figure class=\"wp-block-gallery has-nested-images columns-2 is-cropped wp-block-gallery-1 is-layout-flex wp-block-gallery-is-layout-flex\">\n<figure class=\"wp-block-image size-large\"><img loading=\"lazy\" decoding=\"async\" width=\"875\" height=\"1239\" data-id=\"185082\" src=\"http:\/\/www.tucomarca.com\/wordpress\/segunda\/wp-content\/uploads\/2023\/05\/FeriaComercio1.jpg\" alt=\"\" class=\"wp-image-185082\" srcset=\"https:\/\/tucomarca.whitekongsoftware.com\/wp-content\/uploads\/2023\/05\/FeriaComercio1.jpg 875w, https:\/\/tucomarca.whitekongsoftware.com\/wp-content\/uploads\/2023\/05\/FeriaComercio1-212x300.jpg 212w, https:\/\/tucomarca.whitekongsoftware.com\/wp-content\/uploads\/2023\/05\/FeriaComercio1-723x1024.jpg 723w, https:\/\/tucomarca.whitekongsoftware.com\/wp-content\/uploads\/2023\/05\/FeriaComercio1-768x1087.jpg 768w\" sizes=\"auto, (max-width: 875px) 100vw, 875px\" \/><\/figure>\n\n\n\n<figure class=\"wp-block-image size-large\"><img loading=\"lazy\" decoding=\"async\" width=\"877\" height=\"1240\" data-id=\"185084\" src=\"http:\/\/www.tucomarca.com\/wordpress\/segunda\/wp-content\/uploads\/2023\/05\/FeriaComercio2.jpg\" alt=\"\" class=\"wp-image-185084\" srcset=\"https:\/\/tucomarca.whitekongsoftware.com\/wp-content\/uploads\/2023\/05\/FeriaComercio2.jpg 877w, https:\/\/tucomarca.whitekongsoftware.com\/wp-content\/uploads\/2023\/05\/FeriaComercio2-212x300.jpg 212w, https:\/\/tucomarca.whitekongsoftware.com\/wp-content\/uploads\/2023\/05\/FeriaComercio2-724x1024.jpg 724w, https:\/\/tucomarca.whitekongsoftware.com\/wp-content\/uploads\/2023\/05\/FeriaComercio2-768x1086.jpg 768w\" sizes=\"auto, (max-width: 877px) 100vw, 877px\" \/><\/figure>\n<\/figure>\n\n\n\n<p class=\"wp-block-paragraph\">Enguany, segons va comentar Pedro Rubio, president de l&#8217;Associaci\u00f3 d&#8217;Empresaris i Aut\u00f2noms de Bunyol, compten amb una zona habilitada d&#8217;aparcament confrontant al recinte firal, en l&#8217;Avinguda de la m\u00fasica a esquena del Col\u00b7legi Sant Llu\u00eds, en un total de 7.500 metres quadrats que segur ser\u00e0 del grat de tots els ve\u00efns i visitants que s&#8217;acosten a gaudir d&#8217;aquesta gran fira. R\u00e0dio Bunyol TV com sempre far\u00e0 un gran desplegament per la r\u00e0dio i la televisi\u00f3 el divendres a la vesprada, relatant la inauguraci\u00f3 en rigor\u00f3s directe i el dissabte al mat\u00ed, tamb\u00e9 en directe.&nbsp;<br>Aquesta fira compta amb un ampli programa. Arranca el divendres amb la inauguraci\u00f3 a c\u00e0rrec de la Banda Juvenil del CIM L&#8217;Harm\u00f2nica. Despr\u00e9s, el Grup Instrumental de la SM L&#8217;Art\u00edstica Big band tamb\u00e9 actuar\u00e0. A les 20h ser\u00e0 el torn de les intervencions dels responsables pol\u00edtics i empresarials de l&#8217;esdeveniment, en la carpa central. Despr\u00e9s d&#8217;aix\u00f2, lunch per als assistents amb la col\u00b7laboraci\u00f3 dels Hateros i del bar Rosers.&nbsp;<br>Ja el dissabte hi haur\u00e0 taller de cuina infantil amb la col\u00b7laboraci\u00f3 del Club Gastron\u00f2mic El B\u00fanquer. Despr\u00e9s, xarrada informativa sobre la Comunitat Energ\u00e8tica a les 11.30h. Una hora despr\u00e9s, showcooking d&#8217;arr\u00f2s mel\u00f3s de carn a c\u00e0rrec del Xef Rub\u00e9n Fenollar en la Pla\u00e7a Central. A les 13h cata de vi de la DO Utiel-Requena. A la vesprada, desfilada de moda en la pla\u00e7a central a c\u00e0rrec d&#8217;Algaravia i Enilde a les 19h. Despr\u00e9s, c\u00f2ctels de tomaca a c\u00e0rrec de Germans Talens, Mesquebarmans, en la pla\u00e7a central. I a la nit, zones habilitades per a sopar en la carpa central amb espectacle musical, a c\u00e0rrec de Manu Rodr\u00edguez, finalista de La teua cara no em sona encara, en homenatge a Nino Bravo en el 50 aniversari de la seua defunci\u00f3. Ja a la 1h discom\u00f3vil per als m\u00e9s joves.<br>El diumenge, \u00faltim dia. Arrancar\u00e0 amb activitats infantils a c\u00e0rrec de Actio al parc. Despr\u00e9s, signatura de llibres de M\u00e0xim Horta en la carpa central. A les 12h masterclass showcooking d&#8217;arr\u00f2s mud\u00e8jar a c\u00e0rrec de Juan Carlos Galbis. A les 12h taller de batucada per a xiquets i tast de cerveses artesanals socarrada. A la vesprada, xarrada informativa de Nostre Cos, anomenada \u201cEt saps cuidar, dona?\u201d a les 18.30h. Al mateix temps, demostraci\u00f3 de noves tend\u00e8ncies per a rams de m\u00e0 per Floristeria Tesabel. A les 19h repartisc d&#8217;orxata i fartons pel Grup Scout. A les 20h espectacle infantil per a finalitzar.<br>Hi haur\u00e0 esmorzars populars el dissabte i diumenge des de les 10 fins a les 14h a c\u00e0rrec de les Mestresses de casa i de dos bars de la localitat. Tamb\u00e9 hi haur\u00e0 un trenet tur\u00edstic recorrent els carrers de Bunyol i exposici\u00f3 de bonsais en la rotonda del Planell el diumenge. En aquesta edici\u00f3 es preveu un major nombre de casetes de comer\u00e7os locals, de la comarca i com sempre, la fira infantil per als m\u00e9s xicotets de la casa.&nbsp;<br>L&#8217;Associaci\u00f3 d&#8217;Empresaris i Aut\u00f2noms de Bunyol agraeix a les associacions Uni\u00f3 Gremial, Mestresses de casa Tyrius, Grup Scout Impeesa, Hateros, Club Gastron\u00f2mic El B\u00fanquer, SM L&#8217;Art\u00edstica, CIM L&#8217;Harm\u00f2nica, Policia Local i Protecci\u00f3 Civil.<\/p>\n","protected":false},"excerpt":{"rendered":"<div class=\"mh-excerpt\">Tot preparat ja per a la celebraci\u00f3 de la 16a edici\u00f3 de la Fira del Comer\u00e7, Turisme i Ocupaci\u00f3 de Bunyol, que tindr\u00e0 lloc aquest cap de setmana en la recta del Planell.&nbsp; Aquest divendres, <a class=\"mh-excerpt-more\" href=\"https:\/\/tucomarca.whitekongsoftware.com\/ca\/la-xvi-fira-del-comerc-turisme-i-ocupacio-de-bunyol-ultima-els-detalls-per-a-la-seua-celebracio-aquest-cap-de-setmana-en-el-planell\/\" title=\"La XVI Fira del Comer\u00e7, Turisme i Ocupaci\u00f3 de Bunyol ultima els detalls per a la seua celebraci\u00f3 aquest cap de setmana en el Planell\">[+] <\/a><\/div>\n","protected":false},"author":12,"featured_media":185081,"comment_status":"open","ping_status":"open","sticky":false,"template":"","format":"gallery","meta":{"footnotes":""},"categories":[11019,10911,10894,10912,10896],"tags":[10913,12157,19169,10914,19170],"class_list":["post-185089","post","type-post","status-publish","format-gallery","has-post-thumbnail","category-agenda-ca","category-bunol-ca","category-la-comarca-ca","category-la-hoya-ca","category-seccion-ca","tag-bunol-ca","tag-el-planell-ca","tag-feria-del-comercio-ca","tag-la-hoya-de-bunol-chiva-ca","tag-turismo-y-empleo-ca","post_format-post-format-gallery"],"_links":{"self":[{"href":"https:\/\/tucomarca.whitekongsoftware.com\/ca\/wp-json\/wp\/v2\/posts\/185089","targetHints":{"allow":["GET"]}}],"collection":[{"href":"https:\/\/tucomarca.whitekongsoftware.com\/ca\/wp-json\/wp\/v2\/posts"}],"about":[{"href":"https:\/\/tucomarca.whitekongsoftware.com\/ca\/wp-json\/wp\/v2\/types\/post"}],"author":[{"embeddable":true,"href":"https:\/\/tucomarca.whitekongsoftware.com\/ca\/wp-json\/wp\/v2\/users\/12"}],"replies":[{"embeddable":true,"href":"https:\/\/tucomarca.whitekongsoftware.com\/ca\/wp-json\/wp\/v2\/comments?post=185089"}],"version-history":[{"count":0,"href":"https:\/\/tucomarca.whitekongsoftware.com\/ca\/wp-json\/wp\/v2\/posts\/185089\/revisions"}],"wp:featuredmedia":[{"embeddable":true,"href":"https:\/\/tucomarca.whitekongsoftware.com\/ca\/wp-json\/wp\/v2\/media\/185081"}],"wp:attachment":[{"href":"https:\/\/tucomarca.whitekongsoftware.com\/ca\/wp-json\/wp\/v2\/media?parent=185089"}],"wp:term":[{"taxonomy":"category","embeddable":true,"href":"https:\/\/tucomarca.whitekongsoftware.com\/ca\/wp-json\/wp\/v2\/categories?post=185089"},{"taxonomy":"post_tag","embeddable":true,"href":"https:\/\/tucomarca.whitekongsoftware.com\/ca\/wp-json\/wp\/v2\/tags?post=185089"}],"curies":[{"name":"wp","href":"https:\/\/api.w.org\/{rel}","templated":true}]}}