{"id":184953,"date":"2023-05-07T11:55:00","date_gmt":"2023-05-07T10:55:00","guid":{"rendered":"https:\/\/www.tucomarca.com\/wordpress\/segunda\/?p=184953"},"modified":"2023-05-08T20:39:38","modified_gmt":"2023-05-08T19:39:38","slug":"riba-roja-de-turia-obte-una-subvencio-de-994-643-euros-de-livace-per-a-invertir-en-la-millora-i-modernitzacio-dels-poligons-industrials","status":"publish","type":"post","link":"https:\/\/tucomarca.whitekongsoftware.com\/ca\/riba-roja-de-turia-obte-una-subvencio-de-994-643-euros-de-livace-per-a-invertir-en-la-millora-i-modernitzacio-dels-poligons-industrials\/","title":{"rendered":"Riba-roja de T\u00faria obt\u00e9 una subvenci\u00f3 de 994.643 euros de l&#8217;IVACE per a invertir en la millora i modernitzaci\u00f3 dels pol\u00edgons industrials&nbsp;"},"content":{"rendered":"\n<h4 class=\"wp-block-heading\">Les subvencions p\u00fabliques de la Generalitat Valenciana serviran per a seguir el pla municipal de dotar a aquestes \u00e0rees industrials dels serveis necessaris per a dur a terme les seues activitats&nbsp;<\/h4>\n\n\n\n<p class=\"wp-block-paragraph\">L&#8217;Ajuntament de Riba-roja de T\u00faria ha rebut una subvenci\u00f3 de 994.643 euros en total que es destinaran a la modernitzaci\u00f3 i millora dels pol\u00edgons industrials existents en el terme municipal. Les ajudes p\u00fabliques procedeixen de la convocat\u00f2ria impulsada per l&#8217;Institut Valenci\u00e0 de Competitivitat Empresarial (IVACE), dependent de la Generalitat Valenciana, d&#8217;atenci\u00f3 cap a les \u00e0rees industrials en els municipis valencians.&nbsp;<\/p>\n\n\n\n<p class=\"wp-block-paragraph\">Les obres en aquests enclavaments econ\u00f2mics es duran a terme al llarg dels pr\u00f2xims mesos d&#8217;acord amb les bases reguladores que, en mat\u00e8ria d&#8217;industrialitzaci\u00f3, estan redactades per la conselleria de Economia Sostenible, Sectors Productius, Comer\u00e7 i Treball. La concessi\u00f3 d&#8217;aquestes subvencions s\u00f3n el resultat de la sol\u00b7licitud aprovada pel ple municipal amb el suport del govern del PSPV, a m\u00e9s de Ciutadans, Compromm\u00eds, Podem Riba-roja Pot i l\u2019Esquerra, mentre que el PP i Vox es van abstindre.&nbsp;<\/p>\n\n\n\n<p class=\"wp-block-paragraph\">El Pol\u00edgon Log\u00edstic Val\u00e8ncia (PLV) \u00e9s el sector industrial al qual s&#8217;ha concedit la major de les subvencions rebudes, amb un total de 498.095 euros. Es tracta d&#8217;un dels sectors m\u00e9s puixants en el conjunt de la localitat, amb una ocupaci\u00f3 de fins al 97\u201997% sobre el total del s\u00f2l i una antiguitat e 13 anys en total. La seua ubicaci\u00f3 estrat\u00e8gica per la seua proximitat a l&#8217;aeroport de Manises, el port de Val\u00e8ncia i les carreteres N-III i el by-pass li confereixen un afegit fonamental per a la implantaci\u00f3 d&#8217;empreses.&nbsp;<\/p>\n\n\n\n<p class=\"wp-block-paragraph\">Els 498.095 euros rebuts es destinaran per a la instal\u00b7laci\u00f3 de marquesines identificatives de les parades establides, habilitar noves zones d&#8217;equipament esportiu bio-saludables\/calistenia per als usuaris del pol\u00edgon, a m\u00e9s d&#8217;un reasfaltat de les vies principals i, finalment, la senyalitzaci\u00f3 horitzontal de tots els vials, amb delimitaci\u00f3 dels espais d&#8217;aparcament i delimitaci\u00f3 de la zona d&#8217;espera dels camions.&nbsp;<\/p>\n\n\n\n<p class=\"wp-block-paragraph\">El pol\u00edgon del Mes de Bal\u00f3 \u00e9s un altre dels espais industrials que han rebut altres 165.516 euros en la convocat\u00f2ria redactada per l&#8217;IVACE, que es destinaran, al seu torn, per a la millora vi\u00e0ria, el transport p\u00fablic, les zones verdes i la senyalitzaci\u00f3 horitzontal centren les necessitats. Construir la rotonda que afecta diversos sectors industrials, la instal\u00b7laci\u00f3 de marquesines identificatives i la instal\u00b7laci\u00f3 d&#8217;equipament esportiu saludable s\u00f3n algunes de les claus a dur a terme en aquesta \u00e0rea. Aquest pol\u00edgon s&#8217;est\u00e9n al llarg d&#8217;una superf\u00edcie total de fins a 900.000 metres quadrats, una antiguitat d&#8217;11 anys i una ocupaci\u00f3 de fins al 85% en total.&nbsp;<br>El pol\u00edgon industrial 14 de Riba-roja de T\u00faria \u00e9s un altre dels punts que ha resultat beneficiari per l&#8217;IVACE amb un total de 165.516 euros en total, i que es destinaran a les millores de les zones verdes amb l&#8217;eliminaci\u00f3 de la canya per a la prevenci\u00f3 d&#8217;incendis, la millora vi\u00e0ria amb la repavimentaci\u00f3 de les cal\u00e7ades i les vies principals, la senyalitzaci\u00f3 horitzontal i vertical de tr\u00e0nsit o el sanejament separatiu amb les actuacions en la bassa de pluvials. Aquest sector industrial s&#8217;est\u00e9n per una extensi\u00f3 de 200.000 metres quadrats en total, i disposa d&#8217;una ocupaci\u00f3 del 95\u201946% en l&#8217;actualitat.&nbsp;<\/p>\n\n\n\n<p class=\"wp-block-paragraph\">El sector 13 ser\u00e0 un altre dels punts industrials sobre els quals s&#8217;invertiran els 165.516 euros rebuts de l&#8217;IVACE i que s&#8217;ha previst destinar per a la col\u00b7locaci\u00f3 de marquesines d&#8217;autob\u00fas en el seu interior, l&#8217;adequaci\u00f3 d&#8217;espais en les zones verdes, un equipament esportiu, la dotaci\u00f3 de serveis d&#8217;esplai i senyalitzaci\u00f3 horitzontal a les zones verdes existents en l&#8217;\u00e0rea i diverses actuacions de millora en la seua \u00e0rea d&#8217;actuaci\u00f3.&nbsp;<\/p>\n\n\n\n<p class=\"wp-block-paragraph\">L&#8217;alcalde de Riba-roja de T\u00faria, Robert Raga, ha afirmat que aquestes subvencions de l&#8217;IVACE \u201cs\u00f3n el resultat del treball que fem al llarg dels \u00faltims anys per millorar uns enclavaments industrials molt importants per al desenvolupament econ\u00f2mic i social del nostre municipi i que durant anys han estat oblidats per l&#8217;administraci\u00f3, es tracteu de dotar-los de tots els serveis que necessiten per a dur a terme la seua activitat, una de les prioritats actuals\u201d.<\/p>\n\n\n\n<p class=\"wp-block-paragraph\"><\/p>\n","protected":false},"excerpt":{"rendered":"<div class=\"mh-excerpt\">Les subvencions p\u00fabliques de la Generalitat Valenciana serviran per a seguir el pla municipal de dotar a aquestes \u00e0rees industrials dels serveis necessaris per a dur a terme les seues activitats&nbsp; L&#8217;Ajuntament de Riba-roja de <a class=\"mh-excerpt-more\" href=\"https:\/\/tucomarca.whitekongsoftware.com\/ca\/riba-roja-de-turia-obte-una-subvencio-de-994-643-euros-de-livace-per-a-invertir-en-la-millora-i-modernitzacio-dels-poligons-industrials\/\" title=\"Riba-roja de T\u00faria obt\u00e9 una subvenci\u00f3 de 994.643 euros de l&#8217;IVACE per a invertir en la millora i modernitzaci\u00f3 dels pol\u00edgons industrials&nbsp;\">[+] <\/a><\/div>\n","protected":false},"author":12,"featured_media":117129,"comment_status":"open","ping_status":"open","sticky":false,"template":"","format":"standard","meta":{"footnotes":""},"categories":[10892,10948,10894,10947,10906,10896],"tags":[10899,15024,19165],"class_list":["post-184953","post","type-post","status-publish","format-standard","has-post-thumbnail","category-camp-de-turia-ca","category-infraestructuras-ca","category-la-comarca-ca","category-politica","category-riba-roja-ca","category-seccion-ca","tag-camp-de-turia-ca","tag-riba-roja-de-turia-ca","tag-subvencion-ivace-ca"],"_links":{"self":[{"href":"https:\/\/tucomarca.whitekongsoftware.com\/ca\/wp-json\/wp\/v2\/posts\/184953","targetHints":{"allow":["GET"]}}],"collection":[{"href":"https:\/\/tucomarca.whitekongsoftware.com\/ca\/wp-json\/wp\/v2\/posts"}],"about":[{"href":"https:\/\/tucomarca.whitekongsoftware.com\/ca\/wp-json\/wp\/v2\/types\/post"}],"author":[{"embeddable":true,"href":"https:\/\/tucomarca.whitekongsoftware.com\/ca\/wp-json\/wp\/v2\/users\/12"}],"replies":[{"embeddable":true,"href":"https:\/\/tucomarca.whitekongsoftware.com\/ca\/wp-json\/wp\/v2\/comments?post=184953"}],"version-history":[{"count":0,"href":"https:\/\/tucomarca.whitekongsoftware.com\/ca\/wp-json\/wp\/v2\/posts\/184953\/revisions"}],"wp:featuredmedia":[{"embeddable":true,"href":"https:\/\/tucomarca.whitekongsoftware.com\/ca\/wp-json\/wp\/v2\/media\/117129"}],"wp:attachment":[{"href":"https:\/\/tucomarca.whitekongsoftware.com\/ca\/wp-json\/wp\/v2\/media?parent=184953"}],"wp:term":[{"taxonomy":"category","embeddable":true,"href":"https:\/\/tucomarca.whitekongsoftware.com\/ca\/wp-json\/wp\/v2\/categories?post=184953"},{"taxonomy":"post_tag","embeddable":true,"href":"https:\/\/tucomarca.whitekongsoftware.com\/ca\/wp-json\/wp\/v2\/tags?post=184953"}],"curies":[{"name":"wp","href":"https:\/\/api.w.org\/{rel}","templated":true}]}}