{"id":184863,"date":"2023-05-05T21:00:00","date_gmt":"2023-05-05T20:00:00","guid":{"rendered":"https:\/\/www.tucomarca.com\/wordpress\/segunda\/?p=184863"},"modified":"2023-05-08T13:12:00","modified_gmt":"2023-05-08T12:12:00","slug":"bunyol-celebra-la-vi-fase-lliga-valenciana-de-clubs-de-gimnastica-ritmica-en-el-pavello-de-el-planell","status":"publish","type":"post","link":"https:\/\/tucomarca.whitekongsoftware.com\/ca\/bunyol-celebra-la-vi-fase-lliga-valenciana-de-clubs-de-gimnastica-ritmica-en-el-pavello-de-el-planell\/","title":{"rendered":"Bunyol celebra la VI Fase Lliga Valenciana de Clubs de Gimn\u00e0stica R\u00edtmica en el pavell\u00f3 de &#8220;El Planell&#8221;"},"content":{"rendered":"\n<h4 class=\"wp-block-heading\">Aquest dissabte des de les 9h en el pavell\u00f3 Pablo Cus\u00ed Sierra de &#8220;El Planell&#8221; es desenvolupar\u00e0 la VI Fase Lliga Valenciana de Clubs.<\/h4>\n\n\n\n<p class=\"wp-block-paragraph\">M\u00f3nica Garc\u00eda, entrenadora del Club Gimn\u00e0stica R\u00edtmica Bunyol-Tor\u00eds-Vall dels Alcalans, confirmava la pres\u00e8ncia de m\u00e9s de 300 gimnastes en el tap\u00eds de &#8220;El Planell&#8221;. L&#8217;hora de finalitzaci\u00f3 d&#8217;aquesta jornada esportiva ser\u00e0 sobre les 16h.<\/p>\n\n\n\n<p class=\"wp-block-paragraph\">Les gimnastes procedeixen de clubs de la prov\u00edncia de Val\u00e8ncia i es tracta d&#8217;un amist\u00f3s que pret\u00e9n que les participants competisquen, es lleven nervis de cara a pr\u00f2ximes competicions puntuables.<\/p>\n\n\n\n<p class=\"wp-block-paragraph\">Animen a tota la poblaci\u00f3 a assistir a aquest gran espectacle esportiu, on totes les participants de diverses categories mostraran les seues excel\u00b7lents habilitats amb bell\u00edssims espectacles de gimn\u00e0stica r\u00edtmica que presentaran en competicions d&#8217;alt nivell.<\/p>\n\n\n\n<p class=\"wp-block-paragraph\">Tamb\u00e9 el seu gimnasta Campiona d&#8217;Espanya de Gimn\u00e0stica Adaptada, Luc\u00eda Jim\u00e9nez, podr\u00e0 mostrar els seus grans dots i el per qu\u00e8 ha aconseguit al\u00e7ar-se amb el m\u00e0xim t\u00edtol nacional. &nbsp;<\/p>\n\n\n\n<p class=\"wp-block-paragraph\"><\/p>\n","protected":false},"excerpt":{"rendered":"<div class=\"mh-excerpt\">Aquest dissabte des de les 9h en el pavell\u00f3 Pablo Cus\u00ed Sierra de &#8220;El Planell&#8221; es desenvolupar\u00e0 la VI Fase Lliga Valenciana de Clubs. M\u00f3nica Garc\u00eda, entrenadora del Club Gimn\u00e0stica R\u00edtmica Bunyol-Tor\u00eds-Vall dels Alcalans, confirmava <a class=\"mh-excerpt-more\" href=\"https:\/\/tucomarca.whitekongsoftware.com\/ca\/bunyol-celebra-la-vi-fase-lliga-valenciana-de-clubs-de-gimnastica-ritmica-en-el-pavello-de-el-planell\/\" title=\"Bunyol celebra la VI Fase Lliga Valenciana de Clubs de Gimn\u00e0stica R\u00edtmica en el pavell\u00f3 de &#8220;El Planell&#8221;\">[+] <\/a><\/div>\n","protected":false},"author":12,"featured_media":184862,"comment_status":"open","ping_status":"open","sticky":false,"template":"","format":"standard","meta":{"footnotes":""},"categories":[11019,10911,10894,10912,11009,10896],"tags":[10913,12726,15476,10914],"class_list":["post-184863","post","type-post","status-publish","format-standard","has-post-thumbnail","category-agenda-ca","category-bunol-ca","category-la-comarca-ca","category-la-hoya-ca","category-polideportivo-ca","category-seccion-ca","tag-bunol-ca","tag-club-gimnasia-ritmica-bunol-turis-vall-dels-alcalans-ca","tag-gimnasia-ritmica-ca","tag-la-hoya-de-bunol-chiva-ca"],"_links":{"self":[{"href":"https:\/\/tucomarca.whitekongsoftware.com\/ca\/wp-json\/wp\/v2\/posts\/184863","targetHints":{"allow":["GET"]}}],"collection":[{"href":"https:\/\/tucomarca.whitekongsoftware.com\/ca\/wp-json\/wp\/v2\/posts"}],"about":[{"href":"https:\/\/tucomarca.whitekongsoftware.com\/ca\/wp-json\/wp\/v2\/types\/post"}],"author":[{"embeddable":true,"href":"https:\/\/tucomarca.whitekongsoftware.com\/ca\/wp-json\/wp\/v2\/users\/12"}],"replies":[{"embeddable":true,"href":"https:\/\/tucomarca.whitekongsoftware.com\/ca\/wp-json\/wp\/v2\/comments?post=184863"}],"version-history":[{"count":0,"href":"https:\/\/tucomarca.whitekongsoftware.com\/ca\/wp-json\/wp\/v2\/posts\/184863\/revisions"}],"wp:featuredmedia":[{"embeddable":true,"href":"https:\/\/tucomarca.whitekongsoftware.com\/ca\/wp-json\/wp\/v2\/media\/184862"}],"wp:attachment":[{"href":"https:\/\/tucomarca.whitekongsoftware.com\/ca\/wp-json\/wp\/v2\/media?parent=184863"}],"wp:term":[{"taxonomy":"category","embeddable":true,"href":"https:\/\/tucomarca.whitekongsoftware.com\/ca\/wp-json\/wp\/v2\/categories?post=184863"},{"taxonomy":"post_tag","embeddable":true,"href":"https:\/\/tucomarca.whitekongsoftware.com\/ca\/wp-json\/wp\/v2\/tags?post=184863"}],"curies":[{"name":"wp","href":"https:\/\/api.w.org\/{rel}","templated":true}]}}