{"id":184841,"date":"2023-05-06T09:00:00","date_gmt":"2023-05-06T08:00:00","guid":{"rendered":"https:\/\/www.tucomarca.com\/wordpress\/segunda\/?p=184841"},"modified":"2023-05-06T10:46:15","modified_gmt":"2023-05-06T09:46:15","slug":"el-pp-dalboraig-presenta-la-seua-candidatura-a-les-eleccions-municipals-que-encapcala-jesus-higon","status":"publish","type":"post","link":"https:\/\/tucomarca.whitekongsoftware.com\/ca\/el-pp-dalboraig-presenta-la-seua-candidatura-a-les-eleccions-municipals-que-encapcala-jesus-higon\/","title":{"rendered":"El PP d&#8217;Alboraig presenta la seua candidatura a les eleccions municipals que encap\u00e7ala Jes\u00fas Hig\u00f3n"},"content":{"rendered":"\n<p class=\"wp-block-paragraph\">Aquest dissabte, 6 de maig, es presenta la candidatura del Partit Popular a les eleccions municipals del 28 de maig.<\/p>\n\n\n\n<p class=\"wp-block-paragraph\">L&#8217;acte de presentaci\u00f3 dels components de la llista que encap\u00e7ala Jes\u00fas Hig\u00f3n, tindr\u00e0 lloc a l&#8217;auditori de la SIM &#8220;La Primitiva&#8221; d&#8217;Alboraig a les 19,30 hores. En finalitzar l&#8217;acte s&#8217;oferir\u00e0 un Vi d&#8217;Honor per als assistents.<\/p>\n\n\n\n<p class=\"wp-block-paragraph\"><\/p>\n","protected":false},"excerpt":{"rendered":"<div class=\"mh-excerpt\">Aquest dissabte, 6 de maig, es presenta la candidatura del Partit Popular a les eleccions municipals del 28 de maig. L&#8217;acte de presentaci\u00f3 dels components de la llista que encap\u00e7ala Jes\u00fas Hig\u00f3n, tindr\u00e0 lloc a <a class=\"mh-excerpt-more\" href=\"https:\/\/tucomarca.whitekongsoftware.com\/ca\/el-pp-dalboraig-presenta-la-seua-candidatura-a-les-eleccions-municipals-que-encapcala-jesus-higon\/\" title=\"El PP d&#8217;Alboraig presenta la seua candidatura a les eleccions municipals que encap\u00e7ala Jes\u00fas Hig\u00f3n\">[+] <\/a><\/div>\n","protected":false},"author":12,"featured_media":184839,"comment_status":"open","ping_status":"open","sticky":false,"template":"","format":"standard","meta":{"footnotes":""},"categories":[11019,10973,10948,10894,10912,10947,10896],"tags":[11224,18828,10914,12461],"class_list":["post-184841","post","type-post","status-publish","format-standard","has-post-thumbnail","category-agenda-ca","category-alborache-ca","category-infraestructuras-ca","category-la-comarca-ca","category-la-hoya-ca","category-politica","category-seccion-ca","tag-alborache-ca","tag-elecciones-municipales-2023-ca","tag-la-hoya-de-bunol-chiva-ca","tag-pp-de-alborache-ca"],"_links":{"self":[{"href":"https:\/\/tucomarca.whitekongsoftware.com\/ca\/wp-json\/wp\/v2\/posts\/184841","targetHints":{"allow":["GET"]}}],"collection":[{"href":"https:\/\/tucomarca.whitekongsoftware.com\/ca\/wp-json\/wp\/v2\/posts"}],"about":[{"href":"https:\/\/tucomarca.whitekongsoftware.com\/ca\/wp-json\/wp\/v2\/types\/post"}],"author":[{"embeddable":true,"href":"https:\/\/tucomarca.whitekongsoftware.com\/ca\/wp-json\/wp\/v2\/users\/12"}],"replies":[{"embeddable":true,"href":"https:\/\/tucomarca.whitekongsoftware.com\/ca\/wp-json\/wp\/v2\/comments?post=184841"}],"version-history":[{"count":0,"href":"https:\/\/tucomarca.whitekongsoftware.com\/ca\/wp-json\/wp\/v2\/posts\/184841\/revisions"}],"wp:featuredmedia":[{"embeddable":true,"href":"https:\/\/tucomarca.whitekongsoftware.com\/ca\/wp-json\/wp\/v2\/media\/184839"}],"wp:attachment":[{"href":"https:\/\/tucomarca.whitekongsoftware.com\/ca\/wp-json\/wp\/v2\/media?parent=184841"}],"wp:term":[{"taxonomy":"category","embeddable":true,"href":"https:\/\/tucomarca.whitekongsoftware.com\/ca\/wp-json\/wp\/v2\/categories?post=184841"},{"taxonomy":"post_tag","embeddable":true,"href":"https:\/\/tucomarca.whitekongsoftware.com\/ca\/wp-json\/wp\/v2\/tags?post=184841"}],"curies":[{"name":"wp","href":"https:\/\/api.w.org\/{rel}","templated":true}]}}