{"id":184771,"date":"2023-05-04T09:30:00","date_gmt":"2023-05-04T08:30:00","guid":{"rendered":"https:\/\/www.tucomarca.com\/wordpress\/segunda\/?p=184771"},"modified":"2023-05-04T18:00:30","modified_gmt":"2023-05-04T17:00:30","slug":"com-a-fermall-final-a-abril-un-mes-de-llibres-unatarde-teatre-posa-sobre-les-taules-del-teatre-montecarlo-de-bunyol-la-traicio-60-3","status":"publish","type":"post","link":"https:\/\/tucomarca.whitekongsoftware.com\/ca\/com-a-fermall-final-a-abril-un-mes-de-llibres-unatarde-teatre-posa-sobre-les-taules-del-teatre-montecarlo-de-bunyol-la-traicio-60-3\/","title":{"rendered":"&#8216;Una tard Teatre&#8217; posa sobre les taules del Montecarlo de Bunyol &#8220;La tra\u00efci\u00f3 60.3&#8221; com a fermall a &#8220;Abril un mes de llibres&#8221;"},"content":{"rendered":"\n<p class=\"wp-block-paragraph\">Aquest divendres, 5 de maig, a les 20,00 hores i com a fermall final d&#8217;Abril un mes de llibres, Unatarde Teatre posa sobre les taules del teatre Montecarlo de Bunyol l&#8217;obra &#8220;La tra\u00efci\u00f3 60.3&#8221;, basada en &#8220;La tra\u00efci\u00f3 en l&#8217;amistat&#8221; de Mar\u00eda Zayas. Aquest acte est\u00e0 organitzada per la regidoria de Cultura i la venda anticipada ser\u00e0 com sempre en Moda i Complements Maria, Drogueria La Pla\u00e7a, Quiosc Desi i Biblioteca Municipal.<\/p>\n\n\n\n<figure class=\"wp-block-image size-large is-resized\"><img loading=\"lazy\" decoding=\"async\" src=\"http:\/\/www.tucomarca.com\/wordpress\/segunda\/wp-content\/uploads\/2023\/05\/UnatardeTeatro-824x1024.jpg\" alt=\"\" class=\"wp-image-184768\" width=\"324\" height=\"403\" srcset=\"https:\/\/tucomarca.whitekongsoftware.com\/wp-content\/uploads\/2023\/05\/UnatardeTeatro-824x1024.jpg 824w, https:\/\/tucomarca.whitekongsoftware.com\/wp-content\/uploads\/2023\/05\/UnatardeTeatro-241x300.jpg 241w, https:\/\/tucomarca.whitekongsoftware.com\/wp-content\/uploads\/2023\/05\/UnatardeTeatro-768x954.jpg 768w, https:\/\/tucomarca.whitekongsoftware.com\/wp-content\/uploads\/2023\/05\/UnatardeTeatro.jpg 886w\" sizes=\"auto, (max-width: 324px) 100vw, 324px\" \/><\/figure>\n\n\n\n<p class=\"wp-block-paragraph\">\u201cLa Tra\u00efci\u00f3 60.3\u201d \u00e9s una adaptaci\u00f3 lliure de \u201cLa tra\u00efci\u00f3 en l&#8217;amistat \u201c\u00fanica obra teatral conservada de l&#8217;escriptora del segle d&#8217;Or, Mar\u00eda de Zayas. En ella, l&#8217;autora embasta una hist\u00f2ria de tra\u00efcions protagonitzades per dones, i defensa a una dona que decideix sobre el gaudi del seu propi cos. Es tracta d&#8217;una com\u00e8dia d&#8217;embolic en la qual els personatges femenins es troben en el centre de l&#8217;acci\u00f3 i elaboren un discurs en contra dels t\u00f2pics establits. Un di\u00e0leg teatral entre la tradici\u00f3 i les propostes esc\u00e8niques d&#8217;actualitat.<\/p>\n\n\n\n<p class=\"wp-block-paragraph\">La companyia Unatarde Teatre explica: &#8220;La nostra proposta situa l&#8217;acci\u00f3 en la d\u00e8cada dels 60, en una imagin\u00e0ria societat espanyola que camina entre els obedients anys 50 i els esperan\u00e7adors 70. Prendrem com a referents els canvis que van esdevindre als EUA, Fran\u00e7a i Gran Bretanya, per\u00f2 sota el pes de la repressi\u00f3 del r\u00e8gim franquista. La confrontaci\u00f3 generacional, les relacions interpersonals entre dones i el desig femen\u00ed s\u00f3n els temes principals en aquesta proposta.<\/p>\n\n\n\n<p class=\"wp-block-paragraph\">A trav\u00e9s d&#8217;un divertimento dramat\u00fargico, utilitzarem la r\u00e0dio com a canal per a elaborar una proposta revisada i actualitzada plena de m\u00fasica i coreografies, amb els joves com a protagonistes.<\/p>\n\n\n\n<p class=\"wp-block-paragraph\">Volem construir un joc esc\u00e8nic contemporani que ens ajude a portar les paraules de Zayas fins als nostres dies per a gaudir de la seua bellesa. Una proposta que recupera el teatre de les nostres antecessores donant vida a la paraula cl\u00e0ssica, que corre el perill de no ser llegida, sentida i imaginada, i que pret\u00e9n arribar a un espectador&nbsp;jove no familiaritzat amb aquest llenguatge&#8221;.<\/p>\n","protected":false},"excerpt":{"rendered":"<div class=\"mh-excerpt\">Aquest divendres, 5 de maig, a les 20,00 hores i com a fermall final d&#8217;Abril un mes de llibres, Unatarde Teatre posa sobre les taules del teatre Montecarlo de Bunyol l&#8217;obra &#8220;La tra\u00efci\u00f3 60.3&#8221;, basada <a class=\"mh-excerpt-more\" href=\"https:\/\/tucomarca.whitekongsoftware.com\/ca\/com-a-fermall-final-a-abril-un-mes-de-llibres-unatarde-teatre-posa-sobre-les-taules-del-teatre-montecarlo-de-bunyol-la-traicio-60-3\/\" title=\"&#8216;Una tard Teatre&#8217; posa sobre les taules del Montecarlo de Bunyol &#8220;La tra\u00efci\u00f3 60.3&#8221; com a fermall a &#8220;Abril un mes de llibres&#8221;\">[+] <\/a><\/div>\n","protected":false},"author":12,"featured_media":184767,"comment_status":"open","ping_status":"open","sticky":false,"template":"","format":"standard","meta":{"footnotes":""},"categories":[11019,10911,10894,10912,11007,10896],"tags":[19044,10913,14722,10914,19152],"class_list":["post-184771","post","type-post","status-publish","format-standard","has-post-thumbnail","category-agenda-ca","category-bunol-ca","category-la-comarca-ca","category-la-hoya-ca","category-ocio-y-cultura-ca","category-seccion-ca","tag-abril-un-mes-de-libros-ca","tag-bunol-ca","tag-bunol-actua-ca","tag-la-hoya-de-bunol-chiva-ca","tag-la-traicion-60-3-ca"],"_links":{"self":[{"href":"https:\/\/tucomarca.whitekongsoftware.com\/ca\/wp-json\/wp\/v2\/posts\/184771","targetHints":{"allow":["GET"]}}],"collection":[{"href":"https:\/\/tucomarca.whitekongsoftware.com\/ca\/wp-json\/wp\/v2\/posts"}],"about":[{"href":"https:\/\/tucomarca.whitekongsoftware.com\/ca\/wp-json\/wp\/v2\/types\/post"}],"author":[{"embeddable":true,"href":"https:\/\/tucomarca.whitekongsoftware.com\/ca\/wp-json\/wp\/v2\/users\/12"}],"replies":[{"embeddable":true,"href":"https:\/\/tucomarca.whitekongsoftware.com\/ca\/wp-json\/wp\/v2\/comments?post=184771"}],"version-history":[{"count":0,"href":"https:\/\/tucomarca.whitekongsoftware.com\/ca\/wp-json\/wp\/v2\/posts\/184771\/revisions"}],"wp:featuredmedia":[{"embeddable":true,"href":"https:\/\/tucomarca.whitekongsoftware.com\/ca\/wp-json\/wp\/v2\/media\/184767"}],"wp:attachment":[{"href":"https:\/\/tucomarca.whitekongsoftware.com\/ca\/wp-json\/wp\/v2\/media?parent=184771"}],"wp:term":[{"taxonomy":"category","embeddable":true,"href":"https:\/\/tucomarca.whitekongsoftware.com\/ca\/wp-json\/wp\/v2\/categories?post=184771"},{"taxonomy":"post_tag","embeddable":true,"href":"https:\/\/tucomarca.whitekongsoftware.com\/ca\/wp-json\/wp\/v2\/tags?post=184771"}],"curies":[{"name":"wp","href":"https:\/\/api.w.org\/{rel}","templated":true}]}}