{"id":184677,"date":"2023-05-03T17:00:00","date_gmt":"2023-05-03T16:00:00","guid":{"rendered":"https:\/\/www.tucomarca.com\/wordpress\/segunda\/?p=184677"},"modified":"2023-05-03T21:10:49","modified_gmt":"2023-05-03T20:10:49","slug":"bunyol-aprova-el-seu-pla-de-gestio-de-residus-domestics","status":"publish","type":"post","link":"https:\/\/tucomarca.whitekongsoftware.com\/ca\/bunyol-aprova-el-seu-pla-de-gestio-de-residus-domestics\/","title":{"rendered":"Bunyol aprova el seu Pla de Gesti\u00f3 de Residus Dom\u00e8stics"},"content":{"rendered":"\n<p class=\"wp-block-paragraph\">L&#8217;Ajuntament de Bunyol va celebrar en la vesprada d&#8217;ahir, dimarts, una nova sessi\u00f3 de ple, en el qual es va aprovar el Pla de Gesti\u00f3 de Residus Dom\u00e8stics i Assimilats en el qual s&#8217;ha treballat en els \u00faltims mesos.<br>Tal com va explicar l&#8217;edil Rafa P\u00e9rez, aquest pla, marca \u201cun full de ruta t\u00e8cnic sobre com ha de ser la recollida\u201d, posa l&#8217;accent en les millores i introdueix elements als quals obliga la legislaci\u00f3, com el nou contenidor de residus org\u00e0nics.&nbsp;<br>Rafa P\u00e9rez va explicar que quan el Govern de la pr\u00f2xima legislatura licite el nou contracte de recollida de residus hauran recomanacions que s&#8217;hauran de tindre en compte, i que per a complir amb la legislaci\u00f3 normalment la taxa haur\u00e0 d&#8217;augmentar-se.<br>L&#8217;alcaldessa de Bunyol, Juncal Carrascosa, va assegurar que aquest pla havia de portar-se a ple \u201cperqu\u00e8 no podem mirar a un altre costat i s&#8217;ha d&#8217;avan\u00e7ar amb un pla d&#8217;aquest tipus per al moment en el qual calga licitar el nou contracte\u201d.<br>IAB i PP van mostrar la seua disconformitat amb l&#8217;aprovaci\u00f3 en aquest moment del pla i van votar en contra, encara que va tirar avant amb els vots a favor de PSOE, IU i Podemos.<br>Per unanimitat es va aprovar un altre dels punts de l&#8217;ordre del dia, el sol\u00b7licitar una ajuda per a l&#8217;elaboraci\u00f3 del Pla d&#8217;Acci\u00f3 per al Clima i l&#8217;Energia Sostenible.<\/p>\n\n\n\n<p class=\"wp-block-paragraph\"><strong>Sorteig de meses electorals<br><\/strong>El ple tamb\u00e9 va servir per al sorteig dels presidents, vocals i els seus suplents en cadascuna de les meses electorals de les eleccions municipals i auton\u00f2miques del pr\u00f2xim 28 de maig.<br>Finalment es van aprovar dos punts en els quals s&#8217;emporta a ple la declaraci\u00f3 individualitzada de minimitzaci\u00f3 a l&#8217;impacte territorial de dues parcel\u00b7les en el terme municipal.<\/p>\n\n\n\n<p class=\"wp-block-paragraph\"><\/p>\n","protected":false},"excerpt":{"rendered":"<div class=\"mh-excerpt\">L&#8217;Ajuntament de Bunyol va celebrar en la vesprada d&#8217;ahir, dimarts, una nova sessi\u00f3 de ple, en el qual es va aprovar el Pla de Gesti\u00f3 de Residus Dom\u00e8stics i Assimilats en el qual s&#8217;ha treballat <a class=\"mh-excerpt-more\" href=\"https:\/\/tucomarca.whitekongsoftware.com\/ca\/bunyol-aprova-el-seu-pla-de-gestio-de-residus-domestics\/\" title=\"Bunyol aprova el seu Pla de Gesti\u00f3 de Residus Dom\u00e8stics\">[+] <\/a><\/div>\n","protected":false},"author":12,"featured_media":184675,"comment_status":"open","ping_status":"open","sticky":false,"template":"","format":"standard","meta":{"footnotes":""},"categories":[10911,10948,10894,10912,10903,10947,10896],"tags":[10913,10914,19143],"class_list":["post-184677","post","type-post","status-publish","format-standard","has-post-thumbnail","category-bunol-ca","category-infraestructuras-ca","category-la-comarca-ca","category-la-hoya-ca","category-medio-ambiente-la-comarca-ca","category-politica","category-seccion-ca","tag-bunol-ca","tag-la-hoya-de-bunol-chiva-ca","tag-plan-de-gestion-de-residuos-domesticos-ca"],"_links":{"self":[{"href":"https:\/\/tucomarca.whitekongsoftware.com\/ca\/wp-json\/wp\/v2\/posts\/184677","targetHints":{"allow":["GET"]}}],"collection":[{"href":"https:\/\/tucomarca.whitekongsoftware.com\/ca\/wp-json\/wp\/v2\/posts"}],"about":[{"href":"https:\/\/tucomarca.whitekongsoftware.com\/ca\/wp-json\/wp\/v2\/types\/post"}],"author":[{"embeddable":true,"href":"https:\/\/tucomarca.whitekongsoftware.com\/ca\/wp-json\/wp\/v2\/users\/12"}],"replies":[{"embeddable":true,"href":"https:\/\/tucomarca.whitekongsoftware.com\/ca\/wp-json\/wp\/v2\/comments?post=184677"}],"version-history":[{"count":0,"href":"https:\/\/tucomarca.whitekongsoftware.com\/ca\/wp-json\/wp\/v2\/posts\/184677\/revisions"}],"wp:featuredmedia":[{"embeddable":true,"href":"https:\/\/tucomarca.whitekongsoftware.com\/ca\/wp-json\/wp\/v2\/media\/184675"}],"wp:attachment":[{"href":"https:\/\/tucomarca.whitekongsoftware.com\/ca\/wp-json\/wp\/v2\/media?parent=184677"}],"wp:term":[{"taxonomy":"category","embeddable":true,"href":"https:\/\/tucomarca.whitekongsoftware.com\/ca\/wp-json\/wp\/v2\/categories?post=184677"},{"taxonomy":"post_tag","embeddable":true,"href":"https:\/\/tucomarca.whitekongsoftware.com\/ca\/wp-json\/wp\/v2\/tags?post=184677"}],"curies":[{"name":"wp","href":"https:\/\/api.w.org\/{rel}","templated":true}]}}