{"id":184590,"date":"2023-05-02T16:00:00","date_gmt":"2023-05-02T15:00:00","guid":{"rendered":"https:\/\/www.tucomarca.com\/wordpress\/segunda\/?p=184590"},"modified":"2023-05-02T21:42:17","modified_gmt":"2023-05-02T20:42:17","slug":"el-pp-de-sant-antoni-de-benaixeve-presenta-la-seua-candidatura-a-les-eleccions-municipals-2023","status":"publish","type":"post","link":"https:\/\/tucomarca.whitekongsoftware.com\/ca\/el-pp-de-sant-antoni-de-benaixeve-presenta-la-seua-candidatura-a-les-eleccions-municipals-2023\/","title":{"rendered":"El PP de Sant Antoni de Benaixeve presenta la seua candidatura a les Eleccions Municipals 2023"},"content":{"rendered":"\n<p class=\"wp-block-paragraph\">El candidat a l&#8217;alcaldia \u00e9s Luis Trejo Lorenzo, qui fora Cap de la Policia Local de Sant Antoni de Benaixeve, compta amb una \u00e0mplia experi\u00e8ncia en seguretat ciutadana i gesti\u00f3 de plantilles i servei p\u00fablic, despr\u00e9s d&#8217;haver exercit diverses responsabilitats en Gu\u00e0rdia Civil i Policia Local.&nbsp;<\/p>\n\n\n\n<p class=\"wp-block-paragraph\">Els Populars de la localitat han preparat una candidatura de 16 persones que reuneix ve\u00efns de totes les urbanitzacions del municipi:&nbsp;Nucli urb\u00e0, Pujols, Montesano, Cimeres, Sant Vicent i Pla del Pou.&nbsp;<\/p>\n\n\n\n<p class=\"wp-block-paragraph\">La presentaci\u00f3 de la candidatura es realitzar\u00e0 el pr\u00f2xim 10 de maig a les 19:30h en l&#8217;Oficina de Campanya del PP de Sant Antoni de Benaixeve, situada al Carrer Corriol.&nbsp;<\/p>\n\n\n\n<p class=\"wp-block-paragraph\">Segons fonts populars, la candidatura i equip que encap\u00e7ala Trejo \u00e9s el fidel reflex del teixit associatiu, comer\u00e7os, clubs esportius, culturals i de vocaci\u00f3 de servei p\u00fablic que el Partit Popular posa a disposici\u00f3 per a treballar i defensar els interessos dels m\u00e9s de 10.000 ve\u00efns de Sant Antoni de Benaixeve.<\/p>\n\n\n\n<p class=\"wp-block-paragraph\">La candidatura que ja ha sigut publicada en el Butllet\u00ed Oficial de la Prov\u00edncia \u00e9s:<\/p>\n\n\n\n<ol class=\"wp-block-list\"><li>LUIS TREJO LORENZO<\/li><li>PEDRO ENRIQUE P\u00c9REZ CASAS<\/li><li>ENRIQUE CELDA GALLUD<\/li><li>MAR\u00cdA TERESA CHAPARRO SANTAMAR\u00cdA<\/li><li>LORENA CANO CERVERA<\/li><li>MARIO L\u00d3PEZ POZO<\/li><li>C\u00c9SAR ANTONIO ALFONSO ALBUIXECH<\/li><li>MAR\u00cdA JOS\u00c9 LUNA BALLESTER<\/li><li>SANDRA MORENO CRESPO<\/li><li>MAR\u00cdA DEL ROSARIO GARC\u00cdA-PARDO RUIZ-HERMOSA<\/li><li>JAVIER GALERA CERVERA<\/li><li>\u00c1LVARO IGNACIO RUANO ORTIZ<\/li><li>MAR\u00cdA TERESA PASCUAL COMES<\/li><\/ol>\n\n\n\n<p class=\"wp-block-paragraph\">Suplents<\/p>\n\n\n\n<ol class=\"wp-block-list\"><li>JOS\u00c9 LUIS PLAZA MORENO<\/li><li>RICARDO SAIZ ARAG\u00d3N<\/li><li>HORTENSIA PERALTA LUCENA<\/li><li>MARTA MU\u00d1OZ SORIANO<\/li><\/ol>\n","protected":false},"excerpt":{"rendered":"<div class=\"mh-excerpt\">El candidat a l&#8217;alcaldia \u00e9s Luis Trejo Lorenzo, qui fora Cap de la Policia Local de Sant Antoni de Benaixeve, compta amb una \u00e0mplia experi\u00e8ncia en seguretat ciutadana i gesti\u00f3 de plantilles i servei p\u00fablic, <a class=\"mh-excerpt-more\" href=\"https:\/\/tucomarca.whitekongsoftware.com\/ca\/el-pp-de-sant-antoni-de-benaixeve-presenta-la-seua-candidatura-a-les-eleccions-municipals-2023\/\" title=\"El PP de Sant Antoni de Benaixeve presenta la seua candidatura a les Eleccions Municipals 2023\">[+] <\/a><\/div>\n","protected":false},"author":12,"featured_media":184589,"comment_status":"open","ping_status":"open","sticky":false,"template":"","format":"standard","meta":{"footnotes":""},"categories":[10892,10948,10894,10947,10934,10896],"tags":[10899,19135,11147],"class_list":["post-184590","post","type-post","status-publish","format-standard","has-post-thumbnail","category-camp-de-turia-ca","category-infraestructuras-ca","category-la-comarca-ca","category-politica","category-san-antonio-de-benageber-ca","category-seccion-ca","tag-camp-de-turia-ca","tag-pp-de-san-antonio-de-benageber-ca","tag-san-antoni-de-benageber"],"_links":{"self":[{"href":"https:\/\/tucomarca.whitekongsoftware.com\/ca\/wp-json\/wp\/v2\/posts\/184590","targetHints":{"allow":["GET"]}}],"collection":[{"href":"https:\/\/tucomarca.whitekongsoftware.com\/ca\/wp-json\/wp\/v2\/posts"}],"about":[{"href":"https:\/\/tucomarca.whitekongsoftware.com\/ca\/wp-json\/wp\/v2\/types\/post"}],"author":[{"embeddable":true,"href":"https:\/\/tucomarca.whitekongsoftware.com\/ca\/wp-json\/wp\/v2\/users\/12"}],"replies":[{"embeddable":true,"href":"https:\/\/tucomarca.whitekongsoftware.com\/ca\/wp-json\/wp\/v2\/comments?post=184590"}],"version-history":[{"count":0,"href":"https:\/\/tucomarca.whitekongsoftware.com\/ca\/wp-json\/wp\/v2\/posts\/184590\/revisions"}],"wp:featuredmedia":[{"embeddable":true,"href":"https:\/\/tucomarca.whitekongsoftware.com\/ca\/wp-json\/wp\/v2\/media\/184589"}],"wp:attachment":[{"href":"https:\/\/tucomarca.whitekongsoftware.com\/ca\/wp-json\/wp\/v2\/media?parent=184590"}],"wp:term":[{"taxonomy":"category","embeddable":true,"href":"https:\/\/tucomarca.whitekongsoftware.com\/ca\/wp-json\/wp\/v2\/categories?post=184590"},{"taxonomy":"post_tag","embeddable":true,"href":"https:\/\/tucomarca.whitekongsoftware.com\/ca\/wp-json\/wp\/v2\/tags?post=184590"}],"curies":[{"name":"wp","href":"https:\/\/api.w.org\/{rel}","templated":true}]}}