{"id":184294,"date":"2023-04-27T09:45:00","date_gmt":"2023-04-27T08:45:00","guid":{"rendered":"https:\/\/www.tucomarca.com\/wordpress\/segunda\/?p=184294"},"modified":"2023-04-27T19:33:10","modified_gmt":"2023-04-27T18:33:10","slug":"la-produccio-dolives-per-a-lelaboracio-doli-esta-en-perill-un-any-mes-a-requena-utiel","status":"publish","type":"post","link":"https:\/\/tucomarca.whitekongsoftware.com\/ca\/la-produccio-dolives-per-a-lelaboracio-doli-esta-en-perill-un-any-mes-a-requena-utiel\/","title":{"rendered":"La producci\u00f3 d&#8217;olives per a l&#8217;elaboraci\u00f3 d&#8217;oli est\u00e0 en perill, un any m\u00e9s, a Requena-Utiel"},"content":{"rendered":"\n<p class=\"wp-block-paragraph\">Els ole\u00efcultors de la comarca Requena-Utiel temen que l&#8217;acci\u00f3 conjunta de les altes temperatures, que s&#8217;estan registrant i la sequera, afecte negativament la floraci\u00f3 de les oliveres.<\/p>\n\n\n\n<p class=\"wp-block-paragraph\">Les oliveres han iniciat la floraci\u00f3 i les altes temperatures podrien afectar el quallat de les olives, minvant&nbsp; considerablement la producci\u00f3 d&#8217;oli d&#8217;oliva. Una incid\u00e8ncia que ve produint-se en els \u00faltims anys a causa d&#8217;episodis d&#8217;altes temperatures quan les oliveres estan en la fase de floraci\u00f3. Informa,<strong>&nbsp;Luis Ib\u00e1\u00f1ez.<\/strong><\/p>\n","protected":false},"excerpt":{"rendered":"<div class=\"mh-excerpt\">Els ole\u00efcultors de la comarca Requena-Utiel temen que l&#8217;acci\u00f3 conjunta de les altes temperatures, que s&#8217;estan registrant i la sequera, afecte negativament la floraci\u00f3 de les oliveres. Les oliveres han iniciat la floraci\u00f3 i les <a class=\"mh-excerpt-more\" href=\"https:\/\/tucomarca.whitekongsoftware.com\/ca\/la-produccio-dolives-per-a-lelaboracio-doli-esta-en-perill-un-any-mes-a-requena-utiel\/\" title=\"La producci\u00f3 d&#8217;olives per a l&#8217;elaboraci\u00f3 d&#8217;oli est\u00e0 en perill, un any m\u00e9s, a Requena-Utiel\">[+] <\/a><\/div>\n","protected":false},"author":12,"featured_media":172703,"comment_status":"open","ping_status":"open","sticky":false,"template":"","format":"standard","meta":{"footnotes":""},"categories":[10905,10898,10948,10894,10903,10909,10896],"tags":[13016,10910],"class_list":["post-184294","post","type-post","status-publish","format-standard","has-post-thumbnail","category-agricultura-la-comarca-ca","category-ventana-ca","category-infraestructuras-ca","category-la-comarca-ca","category-medio-ambiente-la-comarca-ca","category-requena-utiel-ca","category-seccion-ca","tag-aceite-de-oliva-ca","tag-requena-utiel-ca"],"_links":{"self":[{"href":"https:\/\/tucomarca.whitekongsoftware.com\/ca\/wp-json\/wp\/v2\/posts\/184294","targetHints":{"allow":["GET"]}}],"collection":[{"href":"https:\/\/tucomarca.whitekongsoftware.com\/ca\/wp-json\/wp\/v2\/posts"}],"about":[{"href":"https:\/\/tucomarca.whitekongsoftware.com\/ca\/wp-json\/wp\/v2\/types\/post"}],"author":[{"embeddable":true,"href":"https:\/\/tucomarca.whitekongsoftware.com\/ca\/wp-json\/wp\/v2\/users\/12"}],"replies":[{"embeddable":true,"href":"https:\/\/tucomarca.whitekongsoftware.com\/ca\/wp-json\/wp\/v2\/comments?post=184294"}],"version-history":[{"count":0,"href":"https:\/\/tucomarca.whitekongsoftware.com\/ca\/wp-json\/wp\/v2\/posts\/184294\/revisions"}],"wp:featuredmedia":[{"embeddable":true,"href":"https:\/\/tucomarca.whitekongsoftware.com\/ca\/wp-json\/wp\/v2\/media\/172703"}],"wp:attachment":[{"href":"https:\/\/tucomarca.whitekongsoftware.com\/ca\/wp-json\/wp\/v2\/media?parent=184294"}],"wp:term":[{"taxonomy":"category","embeddable":true,"href":"https:\/\/tucomarca.whitekongsoftware.com\/ca\/wp-json\/wp\/v2\/categories?post=184294"},{"taxonomy":"post_tag","embeddable":true,"href":"https:\/\/tucomarca.whitekongsoftware.com\/ca\/wp-json\/wp\/v2\/tags?post=184294"}],"curies":[{"name":"wp","href":"https:\/\/api.w.org\/{rel}","templated":true}]}}