{"id":184267,"date":"2023-04-27T08:00:00","date_gmt":"2023-04-27T07:00:00","guid":{"rendered":"https:\/\/www.tucomarca.com\/wordpress\/segunda\/?p=184267"},"modified":"2023-04-27T19:28:51","modified_gmt":"2023-04-27T18:28:51","slug":"ciutadans-leliana-se-suma-al-projecte-del-pp-de-maria-jose-marco","status":"publish","type":"post","link":"https:\/\/tucomarca.whitekongsoftware.com\/ca\/ciutadans-leliana-se-suma-al-projecte-del-pp-de-maria-jose-marco\/","title":{"rendered":"Ciutadans l&#8217;Eliana se suma al projecte del PP de Mar\u00eda Jos\u00e9 Marco"},"content":{"rendered":"\n<h4 class=\"wp-block-heading\">C\u00b4s no ha presentat llista per a les eleccions de l&#8217;Eliana despr\u00e9s d&#8217;integrar-se en el PP<br>Els populars incorporen al coordinador comarcal i local de C\u00b4s en la seua candidatura<\/h4>\n\n\n\n<p class=\"wp-block-paragraph\">Mar\u00eda Jos\u00e9 Marco, candidata a l&#8217;alcaldia de l&#8217;Eliana pel Partit Popular, ha aconseguit sumar al partit pol\u00edtic de C\u00b4s al seu projecte per a aconseguir &#8220;l&#8217;Eliana que mereixes&#8221;.<\/p>\n\n\n\n<p class=\"wp-block-paragraph\">Carlos \u00dabeda, coordinador de C\u00b4s, s&#8217;incorpora en la llista de Mar\u00eda Jos\u00e9 Marco considerant que \u00e9s l'&#8221;\u00fanic projecte que garanteix el canvi de pol\u00edtiques a l&#8217;Eliana&#8221; i segons el l\u00edder de Ciutadans &#8220;el projecte de present i futur de Mar\u00eda Jos\u00e9 \u00e9s el que necessita l&#8217;Eliana, garanteix major seguretat, millors serveis i menys imposats per als nostres ciutadans, a m\u00e9s la conec i he seguit el seu treball durant aquests anys a l&#8217;Ajuntament, \u00e9s una persona de confian\u00e7a i amb valors, amb l&#8217;\u00fanic inter\u00e9s de treballar pels ve\u00efns del nostre poble&#8221; i conclou &#8220;ser\u00e0 la pr\u00f2xima alcaldessa de l&#8217;Eliana i Ciutadans ens sumem a aqueix canvi&#8221;.<\/p>\n\n\n\n<p class=\"wp-block-paragraph\">Despr\u00e9s de diverses reunions negociant entre tots dos partits pol\u00edtics, han arribat a un pacte de pol\u00edtiques i projectes que incloure en el programa electoral del Partit Popular, la qual cosa ha concl\u00f2s en la decisi\u00f3 de Ciutadans l&#8217;Eliana de no participar en les eleccions municipals com una marca pr\u00f2pia, &#8220;anem units i sumant persones per a aconseguir que Mar\u00eda Jos\u00e9 siga l&#8217;Alcaldessa del canvi a millor a l&#8217;Eliana.&nbsp;<\/p>\n\n\n\n<p class=\"wp-block-paragraph\">Per a Mar\u00eda Jos\u00e9 Marco &#8220;\u00e9s un vertader honor poder continuar sumant ve\u00efns al projecte de canvi que propose, cont\u00ednuament rebo m\u00e9s suports i entre tots aconseguirem retornar a l&#8217;Eliana al lloc que mereix, em deixar\u00e9 la pell fins a aconseguir-lo&#8221;.<\/p>\n\n\n\n<p class=\"wp-block-paragraph\">Dissabte que ve els populars realitzen la presentaci\u00f3 del seu equip per a les pr\u00f2ximes eleccions locals en un sopar al cinema d&#8217;estiu de l&#8217;Eliana, comptaran amb l&#8217;assist\u00e8ncia estrela del candidat a la presid\u00e8ncia de la Generalitat i President del PPCV Carlos Maz\u00f3n.<\/p>\n\n\n\n<p class=\"wp-block-paragraph\"><\/p>\n","protected":false},"excerpt":{"rendered":"<div class=\"mh-excerpt\">C\u00b4s no ha presentat llista per a les eleccions de l&#8217;Eliana despr\u00e9s d&#8217;integrar-se en el PPEls populars incorporen al coordinador comarcal i local de C\u00b4s en la seua candidatura Mar\u00eda Jos\u00e9 Marco, candidata a l&#8217;alcaldia <a class=\"mh-excerpt-more\" href=\"https:\/\/tucomarca.whitekongsoftware.com\/ca\/ciutadans-leliana-se-suma-al-projecte-del-pp-de-maria-jose-marco\/\" title=\"Ciutadans l&#8217;Eliana se suma al projecte del PP de Mar\u00eda Jos\u00e9 Marco\">[+] <\/a><\/div>\n","protected":false},"author":12,"featured_media":184266,"comment_status":"open","ping_status":"open","sticky":false,"template":"","format":"standard","meta":{"footnotes":""},"categories":[10892,10948,10894,10893,10947,10896],"tags":[10899,11582],"class_list":["post-184267","post","type-post","status-publish","format-standard","has-post-thumbnail","category-camp-de-turia-ca","category-infraestructuras-ca","category-la-comarca-ca","category-leliana-ca","category-politica","category-seccion-ca","tag-camp-de-turia-ca","tag-pp-de-leliana-ca"],"_links":{"self":[{"href":"https:\/\/tucomarca.whitekongsoftware.com\/ca\/wp-json\/wp\/v2\/posts\/184267","targetHints":{"allow":["GET"]}}],"collection":[{"href":"https:\/\/tucomarca.whitekongsoftware.com\/ca\/wp-json\/wp\/v2\/posts"}],"about":[{"href":"https:\/\/tucomarca.whitekongsoftware.com\/ca\/wp-json\/wp\/v2\/types\/post"}],"author":[{"embeddable":true,"href":"https:\/\/tucomarca.whitekongsoftware.com\/ca\/wp-json\/wp\/v2\/users\/12"}],"replies":[{"embeddable":true,"href":"https:\/\/tucomarca.whitekongsoftware.com\/ca\/wp-json\/wp\/v2\/comments?post=184267"}],"version-history":[{"count":0,"href":"https:\/\/tucomarca.whitekongsoftware.com\/ca\/wp-json\/wp\/v2\/posts\/184267\/revisions"}],"wp:featuredmedia":[{"embeddable":true,"href":"https:\/\/tucomarca.whitekongsoftware.com\/ca\/wp-json\/wp\/v2\/media\/184266"}],"wp:attachment":[{"href":"https:\/\/tucomarca.whitekongsoftware.com\/ca\/wp-json\/wp\/v2\/media?parent=184267"}],"wp:term":[{"taxonomy":"category","embeddable":true,"href":"https:\/\/tucomarca.whitekongsoftware.com\/ca\/wp-json\/wp\/v2\/categories?post=184267"},{"taxonomy":"post_tag","embeddable":true,"href":"https:\/\/tucomarca.whitekongsoftware.com\/ca\/wp-json\/wp\/v2\/tags?post=184267"}],"curies":[{"name":"wp","href":"https:\/\/api.w.org\/{rel}","templated":true}]}}