{"id":184250,"date":"2023-04-27T10:00:00","date_gmt":"2023-04-27T09:00:00","guid":{"rendered":"https:\/\/www.tucomarca.com\/wordpress\/segunda\/?p=184250"},"modified":"2023-04-27T18:23:00","modified_gmt":"2023-04-27T17:23:00","slug":"jose-antonio-olmedo-presenta-el-seu-ultim-poemari-a-la-biblioteca-publica-de-bunyol","status":"publish","type":"post","link":"https:\/\/tucomarca.whitekongsoftware.com\/ca\/jose-antonio-olmedo-presenta-el-seu-ultim-poemari-a-la-biblioteca-publica-de-bunyol\/","title":{"rendered":"Jos\u00e9 Antonio Olmedo presenta el seu \u00faltim poemari a la Biblioteca P\u00fablica de Bunyol"},"content":{"rendered":"\n<p class=\"wp-block-paragraph\">Dimecres que ve, 3 de maig, la Sala Raga de la Biblioteca de Bunyol acollir\u00e0 la presentaci\u00f3 del llibre \u2018Encara que meravellosa\u2019, el nov\u00e9 poemari del poeta valenci\u00e0 Jos\u00e9 Antonio Olmedo. Aquest autor signa els seus llibres de poesia amb el pseud\u00f2nim Heberto de Sysmo. El poemari ha sigut editat pel segell Celya i compta amb un pr\u00f2leg del \u2014tamb\u00e9 poeta valenci\u00e0\u2014 i catedr\u00e0tic de Filologia Jaime Siles.<br>L&#8217;acte donar\u00e0 principi a les 19 hores i comptar\u00e0 amb la participaci\u00f3 de Romero de Bunyol, autor local, qui realitzar\u00e0 les funcions de presentador, juntament amb Susana Mart\u00ednez, Juan Luis Pall\u00e1s i Emi Zan\u00f3n, els qui llegiran textos del llibre.&nbsp;<br>\u2018Encara que meravellosa\u2019 \u00e9s un poemari escruixidor, basat en la tr\u00e0gica experi\u00e8ncia que van viure el fil\u00f2sof Andr\u00e9 Gorz i la seua esposa Dorine Keir, quan, despr\u00e9s de patir durant vint anys la llarga malaltia degenerativa de Dorine, van decidir su\u00efcidar-se junts. Ens parla d&#8217;amor i de mort, per descomptat, per\u00f2 tamb\u00e9 de la necessitat de renunciar al banal per a dedicar-nos a l&#8217;essencial, de la import\u00e0ncia i transcend\u00e8ncia d&#8217;aquells que ens regalen el seu temps, i la petjada que deixen en nosaltres i quan fem.<\/p>\n\n\n\n<p class=\"wp-block-paragraph\"><\/p>\n","protected":false},"excerpt":{"rendered":"<div class=\"mh-excerpt\">Dimecres que ve, 3 de maig, la Sala Raga de la Biblioteca de Bunyol acollir\u00e0 la presentaci\u00f3 del llibre \u2018Encara que meravellosa\u2019, el nov\u00e9 poemari del poeta valenci\u00e0 Jos\u00e9 Antonio Olmedo. Aquest autor signa els <a class=\"mh-excerpt-more\" href=\"https:\/\/tucomarca.whitekongsoftware.com\/ca\/jose-antonio-olmedo-presenta-el-seu-ultim-poemari-a-la-biblioteca-publica-de-bunyol\/\" title=\"Jos\u00e9 Antonio Olmedo presenta el seu \u00faltim poemari a la Biblioteca P\u00fablica de Bunyol\">[+] <\/a><\/div>\n","protected":false},"author":12,"featured_media":184248,"comment_status":"open","ping_status":"open","sticky":false,"template":"","format":"standard","meta":{"footnotes":""},"categories":[11019,10911,10894,10912,11007,10896],"tags":[12104,10913,10914],"class_list":["post-184250","post","type-post","status-publish","format-standard","has-post-thumbnail","category-agenda-ca","category-bunol-ca","category-la-comarca-ca","category-la-hoya-ca","category-ocio-y-cultura-ca","category-seccion-ca","tag-biblioteca-publica-municipal-de-bunol-ca","tag-bunol-ca","tag-la-hoya-de-bunol-chiva-ca"],"_links":{"self":[{"href":"https:\/\/tucomarca.whitekongsoftware.com\/ca\/wp-json\/wp\/v2\/posts\/184250","targetHints":{"allow":["GET"]}}],"collection":[{"href":"https:\/\/tucomarca.whitekongsoftware.com\/ca\/wp-json\/wp\/v2\/posts"}],"about":[{"href":"https:\/\/tucomarca.whitekongsoftware.com\/ca\/wp-json\/wp\/v2\/types\/post"}],"author":[{"embeddable":true,"href":"https:\/\/tucomarca.whitekongsoftware.com\/ca\/wp-json\/wp\/v2\/users\/12"}],"replies":[{"embeddable":true,"href":"https:\/\/tucomarca.whitekongsoftware.com\/ca\/wp-json\/wp\/v2\/comments?post=184250"}],"version-history":[{"count":0,"href":"https:\/\/tucomarca.whitekongsoftware.com\/ca\/wp-json\/wp\/v2\/posts\/184250\/revisions"}],"wp:featuredmedia":[{"embeddable":true,"href":"https:\/\/tucomarca.whitekongsoftware.com\/ca\/wp-json\/wp\/v2\/media\/184248"}],"wp:attachment":[{"href":"https:\/\/tucomarca.whitekongsoftware.com\/ca\/wp-json\/wp\/v2\/media?parent=184250"}],"wp:term":[{"taxonomy":"category","embeddable":true,"href":"https:\/\/tucomarca.whitekongsoftware.com\/ca\/wp-json\/wp\/v2\/categories?post=184250"},{"taxonomy":"post_tag","embeddable":true,"href":"https:\/\/tucomarca.whitekongsoftware.com\/ca\/wp-json\/wp\/v2\/tags?post=184250"}],"curies":[{"name":"wp","href":"https:\/\/api.w.org\/{rel}","templated":true}]}}