{"id":184184,"date":"2023-04-27T11:11:00","date_gmt":"2023-04-27T10:11:00","guid":{"rendered":"https:\/\/www.tucomarca.com\/wordpress\/segunda\/?p=184184"},"modified":"2023-04-27T12:01:07","modified_gmt":"2023-04-27T11:01:07","slug":"sultimen-els-detalls-per-a-la-xviii-fira-agricola-i-de-comerc-de-turis","status":"publish","type":"post","link":"https:\/\/tucomarca.whitekongsoftware.com\/ca\/sultimen-els-detalls-per-a-la-xviii-fira-agricola-i-de-comerc-de-turis\/","title":{"rendered":"<strong>S\u2019ultimen els detalls per a la XVIII Fira Agr\u00edcola i de Comer\u00e7 de Tur\u00eds<\/strong>"},"content":{"rendered":"\n<h4 class=\"wp-block-heading\">Tindr\u00e0 lloc del 5 al 7 de maig&nbsp;<\/h4>\n\n\n\n<p class=\"wp-block-paragraph\">L\u2019Avinguda de les Corts Valencianes tornar\u00e0 a convertir-se en l\u2019epicentre de l\u2019activitat comercial, festiva i social turisanes amb la celebraci\u00f3 de la XVIII Fira Agr\u00edcola i de Comer\u00e7.<\/p>\n\n\n\n<p class=\"wp-block-paragraph\">Del 5 al 7 de maig m\u00e9s de trenta expositors amb una gran varietat de productes es mostraran a ve\u00efnat i visitants en esta mostra que enguany compleix la majoria d\u2019edat.<\/p>\n\n\n\n<p class=\"wp-block-paragraph\">Automoci\u00f3, maquin\u00e0ria, vivers, complements, t\u00e8xtil, cal\u00e7at, cervesa artesana turisana, mel i els seus derivats i marcs d&#8217;alumini, entre altres, es combinen amb animaci\u00f3 de carrer, contacontes o eltast maridatge que oferir\u00e0 la bodega cooperativa La Baron\u00eda junt amb Dulces Filiberto.<\/p>\n\n\n\n<p class=\"wp-block-paragraph\">La cooperativa hortofruct\u00edcola La Turisana i Caixatur\u00eds completen l&#8217;apartat cooperativista mentre que les comissions falleres del poble col\u00b7laboren un any m\u00e9s amb diferents tallers.<\/p>\n\n\n\n<p class=\"wp-block-paragraph\">Destacar tamb\u00e9 a l\u2019associaci\u00f3 d\u2019Ames de Casa i l\u2019Agrupaci\u00f3 Cultural, que estos dies s&#8217;alternen a la caseta de l\u2019ajuntament per tal d\u2019oferir orxata als assistents. I a l\u2019Associaci\u00f3 de Comerciants, que prepara un sorteig entre la clientela que es du a terme en els \u00faltims instants de la fira.<\/p>\n\n\n\n<p class=\"wp-block-paragraph\">Del 5 al 7 de maig Tur\u00eds es mostra amb tota la seua intensitat, una bona oportunitat per con\u00e9ixer-lo.<\/p>\n\n\n\n<p class=\"wp-block-paragraph\">L\u2019obertura oficial de la fira tindr\u00e0 lloc divendres, 5 de maig, a les 19.30 h en el portal de la fira a c\u00e0rrec de la Regina de les Festes, Ana Valencia Soucase, i la seua Cort d\u2019Honor, que protagonitzaran l\u2019acte amb el vestit tradicional de tainera.<\/p>\n\n\n\n<p class=\"wp-block-paragraph\">Tots els horaris i expositors es poden consultar en la p\u00e0gina web municipal www.turis.es. Una cita que compta amb el suport de Val\u00e8ncia Turisme i la Conselleria d\u2019Economia sostenible, Sectors productius, Comer\u00e7 i Treball.<\/p>\n\n\n\n<p class=\"wp-block-paragraph\"><\/p>\n","protected":false},"excerpt":{"rendered":"<div class=\"mh-excerpt\">Tindr\u00e0 lloc del 5 al 7 de maig&nbsp; L\u2019Avinguda de les Corts Valencianes tornar\u00e0 a convertir-se en l\u2019epicentre de l\u2019activitat comercial, festiva i social turisanes amb la celebraci\u00f3 de la XVIII Fira Agr\u00edcola i de <a class=\"mh-excerpt-more\" href=\"https:\/\/tucomarca.whitekongsoftware.com\/ca\/sultimen-els-detalls-per-a-la-xviii-fira-agricola-i-de-comerc-de-turis\/\" title=\"S\u2019ultimen els detalls per a la XVIII Fira Agr\u00edcola i de Comer\u00e7 de Tur\u00eds\">[+] <\/a><\/div>\n","protected":false},"author":12,"featured_media":184183,"comment_status":"open","ping_status":"open","sticky":false,"template":"","format":"standard","meta":{"footnotes":""},"categories":[11019,10905,10948,10894,10902,11007,10896,11047],"tags":[11356,11093,19111],"class_list":["post-184184","post","type-post","status-publish","format-standard","has-post-thumbnail","category-agenda-ca","category-agricultura-la-comarca-ca","category-infraestructuras-ca","category-la-comarca-ca","category-la-ribera-ca","category-ocio-y-cultura-ca","category-seccion-ca","category-turis-ca","tag-ribera-alta-ca","tag-turis-ca","tag-xv-feria-agricola-y-de-comercio-de-turis-ca"],"_links":{"self":[{"href":"https:\/\/tucomarca.whitekongsoftware.com\/ca\/wp-json\/wp\/v2\/posts\/184184","targetHints":{"allow":["GET"]}}],"collection":[{"href":"https:\/\/tucomarca.whitekongsoftware.com\/ca\/wp-json\/wp\/v2\/posts"}],"about":[{"href":"https:\/\/tucomarca.whitekongsoftware.com\/ca\/wp-json\/wp\/v2\/types\/post"}],"author":[{"embeddable":true,"href":"https:\/\/tucomarca.whitekongsoftware.com\/ca\/wp-json\/wp\/v2\/users\/12"}],"replies":[{"embeddable":true,"href":"https:\/\/tucomarca.whitekongsoftware.com\/ca\/wp-json\/wp\/v2\/comments?post=184184"}],"version-history":[{"count":0,"href":"https:\/\/tucomarca.whitekongsoftware.com\/ca\/wp-json\/wp\/v2\/posts\/184184\/revisions"}],"wp:featuredmedia":[{"embeddable":true,"href":"https:\/\/tucomarca.whitekongsoftware.com\/ca\/wp-json\/wp\/v2\/media\/184183"}],"wp:attachment":[{"href":"https:\/\/tucomarca.whitekongsoftware.com\/ca\/wp-json\/wp\/v2\/media?parent=184184"}],"wp:term":[{"taxonomy":"category","embeddable":true,"href":"https:\/\/tucomarca.whitekongsoftware.com\/ca\/wp-json\/wp\/v2\/categories?post=184184"},{"taxonomy":"post_tag","embeddable":true,"href":"https:\/\/tucomarca.whitekongsoftware.com\/ca\/wp-json\/wp\/v2\/tags?post=184184"}],"curies":[{"name":"wp","href":"https:\/\/api.w.org\/{rel}","templated":true}]}}