{"id":184170,"date":"2023-04-26T17:00:00","date_gmt":"2023-04-26T16:00:00","guid":{"rendered":"https:\/\/www.tucomarca.com\/wordpress\/segunda\/?p=184170"},"modified":"2023-04-26T21:29:10","modified_gmt":"2023-04-26T20:29:10","slug":"el-partit-popular-de-requena-presenta-la-seua-candidatura-a-les-proximes-eleccions-municipals","status":"publish","type":"post","link":"https:\/\/tucomarca.whitekongsoftware.com\/ca\/el-partit-popular-de-requena-presenta-la-seua-candidatura-a-les-proximes-eleccions-municipals\/","title":{"rendered":"El Partit Popular de Requena presenta la seua candidatura a les pr\u00f2ximes eleccions municipals"},"content":{"rendered":"\n<p class=\"wp-block-paragraph\">El pr\u00f2xim 28 d&#8217;abril tindr\u00e0 lloc la presentaci\u00f3 de la llista de candidatura que acompanyar\u00e0 a Roc\u00edo Cort\u00e9s a l&#8217;alcaldia de Requena. Aquestes seran les persones que formaran l&#8217;equip que treballar\u00e0 sota les sigles del Partit Popular:<br>1. Roc\u00edo Cort\u00e9s Grao, Empres\u00e0ria, economista i advocada.<br>2. Alberto Garc\u00eda Caba\u00f1as, periodista.<br>3. Adolfo Mu\u00f1oz Loro, Direcci\u00f3 de Recursos Humans.<br>4. Julio Eulogio Mart\u00ednez Gorbe, Auxiliar de farm\u00e0cia.<br>5. Evangelina Concepci\u00f3n S\u00e1nchez Acero, Estudiant de Finances i Comptabilitat.<br>6. Silvia Arocas Mart\u00ednez, Graduada en Finances i Comptabilitat.<br>7. Alejandro Hern\u00e1ndez Pardo, Estudiant d&#8217;Enologia.<br>8. Blanca P\u00e9rez Lara, T\u00e8cnic superior de Radioter\u00e0pia i dosimetria.<br>9. Antonio Vicente Cambralla Herrero, Funcionari P\u00fablic.<br>10. Ernesto Lara Calomarde, Lampisteria.<br>11. \u00c1ngela Piqueras Acebes, Graduada en Administraci\u00f3 i direcci\u00f3 d&#8217;empreses.<br>12. Juli\u00e1n Latorre Mart\u00ednez, Alcalde dels Isidros.<br>13. Francisco Mart\u00ednez Navarro, Agricultor i viticultor.<br>14. Mar\u00eda Jes\u00fas Cort\u00e9s Herrero, Administrativa.<br>15. Fernando P\u00e9rez G\u00f3mez, Director T\u00e8cnic T\u00e8xtil.<br>16. Carla Garc\u00eda Mart\u00ednez, Operari.<br>17. Faustino Mart\u00ednez Navarro, Director de Seguretat.<br>18. Pascual Emilio Ortiz P\u00e9rez, llicenciat en econ\u00f2miques i empresarials.<br>19. Raquel Armero Simarro, Professora de Viticultura i En\u00f2loga.<br>20. Maria Isabel Mart\u00ednez Navarro, Llicenciada en Administraci\u00f3 i Direcci\u00f3 d&#8217;Empreses..<br>21.Jes\u00fas Fernando P\u00e9rez Mart\u00ednez, Arquitecte T\u00e8cnic.<\/p>\n\n\n\n<p class=\"wp-block-paragraph\">S1.Mar\u00eda Adela Arroyo Fern\u00e1ndez, Pensionista.<br>S2. \u00c1ngel Mart\u00ednez Novella, Agricultor.<br>S3.Ana Isabel Valle Fons, Professora.<\/p>\n\n\n\n<p class=\"wp-block-paragraph\">Roc\u00edo Cort\u00e9s ha manifestat que estan &#8220;molt contents de presentar aquesta llista renovada que compta amb experi\u00e8ncia, professionalitat i joventut. Tots els candidats comparteixen el seu amor per Requena i volen treballar per a retornar al nostre municipi al lloc que correspon&#8221;. Informa, <strong>Luis Ib\u00e1\u00f1ez.<\/strong><\/p>\n\n\n\n<p class=\"wp-block-paragraph\"><\/p>\n","protected":false},"excerpt":{"rendered":"<div class=\"mh-excerpt\">El pr\u00f2xim 28 d&#8217;abril tindr\u00e0 lloc la presentaci\u00f3 de la llista de candidatura que acompanyar\u00e0 a Roc\u00edo Cort\u00e9s a l&#8217;alcaldia de Requena. Aquestes seran les persones que formaran l&#8217;equip que treballar\u00e0 sota les sigles del <a class=\"mh-excerpt-more\" href=\"https:\/\/tucomarca.whitekongsoftware.com\/ca\/el-partit-popular-de-requena-presenta-la-seua-candidatura-a-les-proximes-eleccions-municipals\/\" title=\"El Partit Popular de Requena presenta la seua candidatura a les pr\u00f2ximes eleccions municipals\">[+] <\/a><\/div>\n","protected":false},"author":12,"featured_media":184169,"comment_status":"open","ping_status":"open","sticky":false,"template":"","format":"standard","meta":{"footnotes":""},"categories":[10948,10894,10947,10908,10909,10896],"tags":[18828,16592,11099,10910],"class_list":["post-184170","post","type-post","status-publish","format-standard","has-post-thumbnail","category-infraestructuras-ca","category-la-comarca-ca","category-politica","category-requena-ca","category-requena-utiel-ca","category-seccion-ca","tag-elecciones-municipales-2023-ca","tag-pp-requena-ca","tag-requena-ca","tag-requena-utiel-ca"],"_links":{"self":[{"href":"https:\/\/tucomarca.whitekongsoftware.com\/ca\/wp-json\/wp\/v2\/posts\/184170","targetHints":{"allow":["GET"]}}],"collection":[{"href":"https:\/\/tucomarca.whitekongsoftware.com\/ca\/wp-json\/wp\/v2\/posts"}],"about":[{"href":"https:\/\/tucomarca.whitekongsoftware.com\/ca\/wp-json\/wp\/v2\/types\/post"}],"author":[{"embeddable":true,"href":"https:\/\/tucomarca.whitekongsoftware.com\/ca\/wp-json\/wp\/v2\/users\/12"}],"replies":[{"embeddable":true,"href":"https:\/\/tucomarca.whitekongsoftware.com\/ca\/wp-json\/wp\/v2\/comments?post=184170"}],"version-history":[{"count":0,"href":"https:\/\/tucomarca.whitekongsoftware.com\/ca\/wp-json\/wp\/v2\/posts\/184170\/revisions"}],"wp:featuredmedia":[{"embeddable":true,"href":"https:\/\/tucomarca.whitekongsoftware.com\/ca\/wp-json\/wp\/v2\/media\/184169"}],"wp:attachment":[{"href":"https:\/\/tucomarca.whitekongsoftware.com\/ca\/wp-json\/wp\/v2\/media?parent=184170"}],"wp:term":[{"taxonomy":"category","embeddable":true,"href":"https:\/\/tucomarca.whitekongsoftware.com\/ca\/wp-json\/wp\/v2\/categories?post=184170"},{"taxonomy":"post_tag","embeddable":true,"href":"https:\/\/tucomarca.whitekongsoftware.com\/ca\/wp-json\/wp\/v2\/tags?post=184170"}],"curies":[{"name":"wp","href":"https:\/\/api.w.org\/{rel}","templated":true}]}}