{"id":184044,"date":"2023-04-26T13:00:00","date_gmt":"2023-04-26T12:00:00","guid":{"rendered":"https:\/\/www.tucomarca.com\/wordpress\/segunda\/?p=184044"},"modified":"2023-04-26T13:57:17","modified_gmt":"2023-04-26T12:57:17","slug":"eleccions-28m-llistes-electorals-de-tots-els-municipis-daiora-cofrents-la-foia-i-requena-utiel","status":"publish","type":"post","link":"https:\/\/tucomarca.whitekongsoftware.com\/ca\/eleccions-28m-llistes-electorals-de-tots-els-municipis-daiora-cofrents-la-foia-i-requena-utiel\/","title":{"rendered":"Eleccions 28M: Llistes electorals de tots els municipis d&#8217;Aiora-Cofrents, La Foia de Bunyol-Xiva i Requena-Utiel"},"content":{"rendered":"\n<p class=\"wp-block-paragraph\">El Butllet\u00ed Oficial de la prov\u00edncia (BOP) ha publicat aquest dimecres les llistes electorals per a les municipals del 28 de maig en la circumscripci\u00f3 electoral de Requena Utiel, que integra als municipis pertanyents a les comarques de La Foia de Bunyol-Xiva, Requena-Utiel i d&#8217;Aiora-Cofrents, al costat d&#8217;algun m\u00e9s de comarques lim\u00edtrofes com Tur\u00eds o Millars.<\/p>\n\n\n\n<p class=\"wp-block-paragraph\">Consulta el llistat complet de tots els municipis <a href=\"http:\/\/www.tucomarca.com\/wordpress\/segunda\/wp-content\/uploads\/2023\/04\/ListasRequena.pdf\">ac\u00ed<\/a>.<\/p>\n","protected":false},"excerpt":{"rendered":"<div class=\"mh-excerpt\">El Butllet\u00ed Oficial de la prov\u00edncia (BOP) ha publicat aquest dimecres les llistes electorals per a les municipals del 28 de maig en la circumscripci\u00f3 electoral de Requena Utiel, que integra als municipis pertanyents a <a class=\"mh-excerpt-more\" href=\"https:\/\/tucomarca.whitekongsoftware.com\/ca\/eleccions-28m-llistes-electorals-de-tots-els-municipis-daiora-cofrents-la-foia-i-requena-utiel\/\" title=\"Eleccions 28M: Llistes electorals de tots els municipis d&#8217;Aiora-Cofrents, La Foia de Bunyol-Xiva i Requena-Utiel\">[+] <\/a><\/div>\n","protected":false},"author":1,"featured_media":184043,"comment_status":"open","ping_status":"open","sticky":false,"template":"","format":"standard","meta":{"footnotes":""},"categories":[10954,10951,10973,10911,11030,11031,11032,11054,10955,10953,10976,10898,11055,10977,10980,10948,10956,10957,10894,10912,11056,10978,10947,10908,10909,11057,10896,10979,11058,10958,11059,11060,11061,10974,10975,10959],"tags":[17325,11216,11611,10914,19028,10910],"class_list":["post-184044","post","type-post","status-publish","format-standard","has-post-thumbnail","category-ayora-ca","category-ayora-cofrentes-ca","category-alborache-ca","category-bunol-ca","category-campo-arcis-ca","category-camporrobles-ca","category-caudete-ca","category-chera-ca","category-cofrentes-ca","category-cortes-de-pallas-ca","category-dos-aguas-ca","category-ventana-ca","category-fuenterrobles-ca","category-godelleta-ca","category-yatova-ca","category-infraestructuras-ca","category-jalance-ca","category-jarafuel-ca","category-la-comarca-ca","category-la-hoya-ca","category-las-cuevas-ca","category-macastre-ca","category-politica","category-requena-ca","category-requena-utiel-ca","category-san-antonio-ca","category-seccion-ca","category-siete-aguas-ca","category-sinarcas-ca","category-teresa-de-cofrentes-ca","category-utiel-ca","category-venta-del-moro-ca","category-villargordo-del-cabriel-ca","category-cheste-ca","category-chiva-ca","category-zarra-ca","tag-2023-ca","tag-ayora-cofrentes-ca","tag-elecciones-ca","tag-la-hoya-de-bunol-chiva-ca","tag-municipales-ca","tag-requena-utiel-ca"],"_links":{"self":[{"href":"https:\/\/tucomarca.whitekongsoftware.com\/ca\/wp-json\/wp\/v2\/posts\/184044","targetHints":{"allow":["GET"]}}],"collection":[{"href":"https:\/\/tucomarca.whitekongsoftware.com\/ca\/wp-json\/wp\/v2\/posts"}],"about":[{"href":"https:\/\/tucomarca.whitekongsoftware.com\/ca\/wp-json\/wp\/v2\/types\/post"}],"author":[{"embeddable":true,"href":"https:\/\/tucomarca.whitekongsoftware.com\/ca\/wp-json\/wp\/v2\/users\/1"}],"replies":[{"embeddable":true,"href":"https:\/\/tucomarca.whitekongsoftware.com\/ca\/wp-json\/wp\/v2\/comments?post=184044"}],"version-history":[{"count":0,"href":"https:\/\/tucomarca.whitekongsoftware.com\/ca\/wp-json\/wp\/v2\/posts\/184044\/revisions"}],"wp:featuredmedia":[{"embeddable":true,"href":"https:\/\/tucomarca.whitekongsoftware.com\/ca\/wp-json\/wp\/v2\/media\/184043"}],"wp:attachment":[{"href":"https:\/\/tucomarca.whitekongsoftware.com\/ca\/wp-json\/wp\/v2\/media?parent=184044"}],"wp:term":[{"taxonomy":"category","embeddable":true,"href":"https:\/\/tucomarca.whitekongsoftware.com\/ca\/wp-json\/wp\/v2\/categories?post=184044"},{"taxonomy":"post_tag","embeddable":true,"href":"https:\/\/tucomarca.whitekongsoftware.com\/ca\/wp-json\/wp\/v2\/tags?post=184044"}],"curies":[{"name":"wp","href":"https:\/\/api.w.org\/{rel}","templated":true}]}}