{"id":183874,"date":"2023-04-23T12:00:00","date_gmt":"2023-04-23T11:00:00","guid":{"rendered":"https:\/\/www.tucomarca.com\/wordpress\/segunda\/?p=183874"},"modified":"2023-04-24T18:20:16","modified_gmt":"2023-04-24T17:20:16","slug":"opinio-una-aica-per-a-frenar-els-abusos-comercials-per-cristobal-aguado-laza-president-de-ava-asaja","status":"publish","type":"post","link":"https:\/\/tucomarca.whitekongsoftware.com\/ca\/opinio-una-aica-per-a-frenar-els-abusos-comercials-per-cristobal-aguado-laza-president-de-ava-asaja\/","title":{"rendered":"Opini\u00f3: &#8220;Una AICA per a frenar els abusos comercials&#8221;. Per Crist\u00f3bal Aguado Laza, President de AVA-Asaja"},"content":{"rendered":"\n<figure class=\"wp-block-image size-full is-resized\"><img loading=\"lazy\" decoding=\"async\" src=\"http:\/\/www.tucomarca.com\/wordpress\/segunda\/wp-content\/uploads\/2023\/04\/ava_asaja_cristobal_aguado.jpg\" alt=\"\" class=\"wp-image-183871\" width=\"161\" height=\"242\" srcset=\"https:\/\/tucomarca.whitekongsoftware.com\/wp-content\/uploads\/2023\/04\/ava_asaja_cristobal_aguado.jpg 533w, https:\/\/tucomarca.whitekongsoftware.com\/wp-content\/uploads\/2023\/04\/ava_asaja_cristobal_aguado-199x300.jpg 199w\" sizes=\"auto, (max-width: 161px) 100vw, 161px\" \/><\/figure>\n\n\n\n<p class=\"wp-block-paragraph\">El tal\u00f3 d&#8217;Aquil\u00b7les del sector agrari \u00e9s la falta de rendibilitat que pateixen els agricultors i ramaders. Fins i tot en l&#8217;actual inflaci\u00f3, el repunt dels preus en origen no ha arribat a cobrir els desorbitats costos de producci\u00f3. La Llei de la Cadena Aliment\u00e0ria \u2013reformada en 2021 per a acabar amb la venda a p\u00e8rdues\u2013 no s&#8217;est\u00e0 complint i \u00e9s evident que cal avan\u00e7ar m\u00e9s.&nbsp;<\/p>\n\n\n\n<p class=\"wp-block-paragraph\">En aquest context una delegaci\u00f3 de l&#8217;Associaci\u00f3 Valenciana d&#8217;Agricultors (AVA-ASAJA) ens reunim aquesta setmana amb la directora de l&#8217;Ag\u00e8ncia d&#8217;Informaci\u00f3 i Control Alimentaris (AICA), Gema Hern\u00e1ndez, i el seu equip per a analitzar el funcionament de la normativa fins ara, mostrar la casu\u00edstica de l&#8217;agricultura valenciana i, en definitiva, unir forces per a potenciar la vigil\u00e0ncia i intentar evitar possibles abusos.&nbsp;&nbsp;<\/p>\n\n\n\n<p class=\"wp-block-paragraph\">Ja coneixia a Gema per\u00f2 d&#8217;aquesta trobada vaig eixir molt satisfet per la seua receptivitat i voluntat de col\u00b7laboraci\u00f3 amb el sector de cara a aconseguir un compliment estricte i una interpretaci\u00f3 en positiu de la Llei de la Cadena. A trav\u00e9s d&#8217;una exhaustiva documentaci\u00f3, els representants de la AICA van poder con\u00e9ixer en profunditat les cl\u00e0usules abusives i els incompliments de contractes m\u00e9s habituals en el nostre camp, aix\u00ed com les sent\u00e8ncies on els tribunals han donat la ra\u00f3 a l&#8217;agricultor a fi de disposar de major for\u00e7a legal i capacitat de maniobra davant presumptes irregularitats.&nbsp;<\/p>\n\n\n\n<p class=\"wp-block-paragraph\">Gema Hern\u00e1ndez no sols va agrair aquesta informaci\u00f3 perqu\u00e8 ajuda a detectar de manera m\u00e9s concreta on no s&#8217;est\u00e0 acatant la legislaci\u00f3 i aix\u00ed afinar la forma d&#8217;actuaci\u00f3, sin\u00f3 que va animar als agricultors a traslladar a la AICA m\u00e9s den\u00fancies per a incrementar el nombre d&#8217;investigacions i sancions a qui incompleix.&nbsp;<\/p>\n\n\n\n<p class=\"wp-block-paragraph\">Sens dubte, el futur de la Llei passa necess\u00e0riament per una AICA preparada i valenta per a frenar els abusos. Per\u00f2 les administracions han de donar molt m\u00e9s de si. Per a comen\u00e7ar, el Govern hauria de posar en pr\u00e0ctica un sistema de tra\u00e7abilitat de preus per a comprovar el benefici que obt\u00e9 cada baula. A m\u00e9s, hauria de publicar costos mitjans dels diferents cultius per a tindre una refer\u00e8ncia clara i que no depenga exclusivament de cada agricultor, que en productes peribles signar\u00e0 el que siga per a no perdre la collita. Per a aix\u00f2 presentem dos estudis efectuats per investigadors de l&#8217;IVIA que poden servir de refer\u00e8ncia en el cas dels c\u00edtrics.<\/p>\n\n\n\n<p class=\"wp-block-paragraph\">Respecte a l&#8217;obligaci\u00f3 que, a partir del 30 de juny, tindran els compradors de registrar digitalment tots els contractes alimentaris, demanem que quan entreguen al productor l&#8217;albar\u00e0 de la collita recol\u00b7lectada, en aqueix mateix moment tamb\u00e9 se li proporcione el justificant de registre del contracte.&nbsp;<\/p>\n\n\n\n<p class=\"wp-block-paragraph\">A nivell auton\u00f2mic comptem amb l&#8217;Ag\u00e8ncia Valenciana d&#8217;Informaci\u00f3 i Control Alimentaris (AVICA), la qual aspira a complementar la labor des d&#8217;una major proximitat per\u00f2 que, en el que porta de mesos de funcionament, encara no ha demostrat uns resultats concordes a les expectatives generades.<\/p>\n\n\n\n<p class=\"wp-block-paragraph\">Tots aquests passos, units a una revisi\u00f3 dels acords comercials que imposen reciprocitat i eviten excessos d&#8217;oferta, podrien iniciar un necessari canvi de rumb. Perqu\u00e8 si seguim en l&#8217;actual direcci\u00f3 ens anem abocats a l&#8217;aband\u00f3 de camps, al tancament de granges, a m\u00e9s incendis, a m\u00e9s desert i a aliments m\u00e9s cars. \u00c9s aix\u00f2 el que volem?<\/p>\n","protected":false},"excerpt":{"rendered":"<div class=\"mh-excerpt\">El tal\u00f3 d&#8217;Aquil\u00b7les del sector agrari \u00e9s la falta de rendibilitat que pateixen els agricultors i ramaders. Fins i tot en l&#8217;actual inflaci\u00f3, el repunt dels preus en origen no ha arribat a cobrir els <a class=\"mh-excerpt-more\" href=\"https:\/\/tucomarca.whitekongsoftware.com\/ca\/opinio-una-aica-per-a-frenar-els-abusos-comercials-per-cristobal-aguado-laza-president-de-ava-asaja\/\" title=\"Opini\u00f3: &#8220;Una AICA per a frenar els abusos comercials&#8221;. Per Crist\u00f3bal Aguado Laza, President de AVA-Asaja\">[+] <\/a><\/div>\n","protected":false},"author":12,"featured_media":183872,"comment_status":"open","ping_status":"open","sticky":false,"template":"","format":"standard","meta":{"footnotes":""},"categories":[10905,10951,10948,10894,10904,11021,11020,10947,10896],"tags":[11924,13731],"class_list":["post-183874","post","type-post","status-publish","format-standard","has-post-thumbnail","category-agricultura-la-comarca-ca","category-ayora-cofrentes-ca","category-infraestructuras-ca","category-la-comarca-ca","category-sin-categorizar-ca","category-opinion-ca-2","category-opinion-ca","category-politica","category-seccion-ca","tag-ava-asaja-ca","tag-cristobal-aguado-ca"],"_links":{"self":[{"href":"https:\/\/tucomarca.whitekongsoftware.com\/ca\/wp-json\/wp\/v2\/posts\/183874","targetHints":{"allow":["GET"]}}],"collection":[{"href":"https:\/\/tucomarca.whitekongsoftware.com\/ca\/wp-json\/wp\/v2\/posts"}],"about":[{"href":"https:\/\/tucomarca.whitekongsoftware.com\/ca\/wp-json\/wp\/v2\/types\/post"}],"author":[{"embeddable":true,"href":"https:\/\/tucomarca.whitekongsoftware.com\/ca\/wp-json\/wp\/v2\/users\/12"}],"replies":[{"embeddable":true,"href":"https:\/\/tucomarca.whitekongsoftware.com\/ca\/wp-json\/wp\/v2\/comments?post=183874"}],"version-history":[{"count":0,"href":"https:\/\/tucomarca.whitekongsoftware.com\/ca\/wp-json\/wp\/v2\/posts\/183874\/revisions"}],"wp:featuredmedia":[{"embeddable":true,"href":"https:\/\/tucomarca.whitekongsoftware.com\/ca\/wp-json\/wp\/v2\/media\/183872"}],"wp:attachment":[{"href":"https:\/\/tucomarca.whitekongsoftware.com\/ca\/wp-json\/wp\/v2\/media?parent=183874"}],"wp:term":[{"taxonomy":"category","embeddable":true,"href":"https:\/\/tucomarca.whitekongsoftware.com\/ca\/wp-json\/wp\/v2\/categories?post=183874"},{"taxonomy":"post_tag","embeddable":true,"href":"https:\/\/tucomarca.whitekongsoftware.com\/ca\/wp-json\/wp\/v2\/tags?post=183874"}],"curies":[{"name":"wp","href":"https:\/\/api.w.org\/{rel}","templated":true}]}}