{"id":183759,"date":"2023-04-21T13:00:00","date_gmt":"2023-04-21T12:00:00","guid":{"rendered":"https:\/\/www.tucomarca.com\/wordpress\/segunda\/?p=183759"},"modified":"2023-04-21T18:28:02","modified_gmt":"2023-04-21T17:28:02","slug":"baldomero-gonzalez-garcia-i-vicente-quiles-salvador-donem-nom-al-camp-de-futbol-de-turis-i-lescola-infantil-respectivament","status":"publish","type":"post","link":"https:\/\/tucomarca.whitekongsoftware.com\/ca\/baldomero-gonzalez-garcia-i-vicente-quiles-salvador-donem-nom-al-camp-de-futbol-de-turis-i-lescola-infantil-respectivament\/","title":{"rendered":"Baldomero Gonz\u00e1lez Garc\u00eda i Vicente Quiles Salvador donem nom al camp de futbol de Tur\u00eds i l\u2019escola infantil, respectivament"},"content":{"rendered":"\n<p class=\"wp-block-paragraph\">En l&#8217;\u00faltima sessi\u00f3 plen\u00e0ria celebrada a l&#8217;ajuntament, es va aprovar esta denominaci\u00f3 per a dues instal\u00b7lacions molt rellevants del nostre poble.<\/p>\n\n\n\n<p class=\"wp-block-paragraph\">Baldomero Gonz\u00e1lez Garc\u00eda, que donar\u00e0 nom al camp de futbol municipal, va ser el primer alcalde de la democr\u00e0cia, i ostent\u00e0 el c\u00e0rrec durant 6 legislatures.<\/p>\n\n\n\n<p class=\"wp-block-paragraph\">Vicente Quiles Salvador donar\u00e0 nom a l&#8217;escola infantil municipal i \u00e9s un metge de fam\u00edlia molt apreciat al poble per la seua disponibilitat i saviesa.<\/p>\n\n\n\n<p class=\"wp-block-paragraph\"><\/p>\n","protected":false},"excerpt":{"rendered":"<div class=\"mh-excerpt\">En l&#8217;\u00faltima sessi\u00f3 plen\u00e0ria celebrada a l&#8217;ajuntament, es va aprovar esta denominaci\u00f3 per a dues instal\u00b7lacions molt rellevants del nostre poble. Baldomero Gonz\u00e1lez Garc\u00eda, que donar\u00e0 nom al camp de futbol municipal, va ser el <a class=\"mh-excerpt-more\" href=\"https:\/\/tucomarca.whitekongsoftware.com\/ca\/baldomero-gonzalez-garcia-i-vicente-quiles-salvador-donem-nom-al-camp-de-futbol-de-turis-i-lescola-infantil-respectivament\/\" title=\"Baldomero Gonz\u00e1lez Garc\u00eda i Vicente Quiles Salvador donem nom al camp de futbol de Tur\u00eds i l\u2019escola infantil, respectivament\">[+] <\/a><\/div>\n","protected":false},"author":12,"featured_media":183758,"comment_status":"open","ping_status":"open","sticky":false,"template":"","format":"standard","meta":{"footnotes":""},"categories":[10948,10894,10902,10947,10896,11047],"tags":[16573,16808,11356,11093],"class_list":["post-183759","post","type-post","status-publish","format-standard","has-post-thumbnail","category-infraestructuras-ca","category-la-comarca-ca","category-la-ribera-ca","category-politica","category-seccion-ca","category-turis-ca","tag-campo-de-futbol-municipal-ca","tag-escuela-infantil-municipal-ca","tag-ribera-alta-ca","tag-turis-ca"],"_links":{"self":[{"href":"https:\/\/tucomarca.whitekongsoftware.com\/ca\/wp-json\/wp\/v2\/posts\/183759","targetHints":{"allow":["GET"]}}],"collection":[{"href":"https:\/\/tucomarca.whitekongsoftware.com\/ca\/wp-json\/wp\/v2\/posts"}],"about":[{"href":"https:\/\/tucomarca.whitekongsoftware.com\/ca\/wp-json\/wp\/v2\/types\/post"}],"author":[{"embeddable":true,"href":"https:\/\/tucomarca.whitekongsoftware.com\/ca\/wp-json\/wp\/v2\/users\/12"}],"replies":[{"embeddable":true,"href":"https:\/\/tucomarca.whitekongsoftware.com\/ca\/wp-json\/wp\/v2\/comments?post=183759"}],"version-history":[{"count":0,"href":"https:\/\/tucomarca.whitekongsoftware.com\/ca\/wp-json\/wp\/v2\/posts\/183759\/revisions"}],"wp:featuredmedia":[{"embeddable":true,"href":"https:\/\/tucomarca.whitekongsoftware.com\/ca\/wp-json\/wp\/v2\/media\/183758"}],"wp:attachment":[{"href":"https:\/\/tucomarca.whitekongsoftware.com\/ca\/wp-json\/wp\/v2\/media?parent=183759"}],"wp:term":[{"taxonomy":"category","embeddable":true,"href":"https:\/\/tucomarca.whitekongsoftware.com\/ca\/wp-json\/wp\/v2\/categories?post=183759"},{"taxonomy":"post_tag","embeddable":true,"href":"https:\/\/tucomarca.whitekongsoftware.com\/ca\/wp-json\/wp\/v2\/tags?post=183759"}],"curies":[{"name":"wp","href":"https:\/\/api.w.org\/{rel}","templated":true}]}}