{"id":183719,"date":"2023-04-20T21:00:00","date_gmt":"2023-04-20T20:00:00","guid":{"rendered":"https:\/\/www.tucomarca.com\/wordpress\/segunda\/?p=183719"},"modified":"2023-04-21T12:04:20","modified_gmt":"2023-04-21T11:04:20","slug":"la-fira-del-llibre-en-la-placa-del-poble-i-la-ii-jornada-literaria-castillo-de-bunyol-centren-lactivitat-cultural-del-cap-de-setmana-a-la-localitat","status":"publish","type":"post","link":"https:\/\/tucomarca.whitekongsoftware.com\/ca\/la-fira-del-llibre-en-la-placa-del-poble-i-la-ii-jornada-literaria-castillo-de-bunyol-centren-lactivitat-cultural-del-cap-de-setmana-a-la-localitat\/","title":{"rendered":"La Fira del Llibre en la Pla\u00e7a del Poble i la II Jornada liter\u00e0ria Castillo de Bunyol centren l&#8217;activitat cultural del cap de setmana a la localitat"},"content":{"rendered":"\n<p class=\"wp-block-paragraph\">La pla\u00e7a del Poble de Bunyol acull aquest dissabte, 22 d&#8217;abril, la Fira del Llibre organitzada per la llibreria de Donya Leo, amb signatura de llibres de M\u00e0xim Huerta, taller de marcap\u00e1ginas, pintacaras, Cava de Requena, flors, i xocolate amb bunyols per a celebrar del Dia del Llibre, tamb\u00e9 la II Jornada liter\u00e0ria Castillo De Bunyol: \u201cLes noves formes de literatura en el S. XXI\u201d organitzada per la Biblioteca P\u00fablica Municipal de Bunyol i la regidoria de Cultura, ocupen l&#8217;agenda cultural i festiva del cap de setmana en la localitat.&nbsp;<\/p>\n\n\n\n<p class=\"wp-block-paragraph\"><strong>Programa de la II JORNADA LITER\u00c0RIA CASTILLO DE BUNYOL: \u201cLES NOVES FORMES DE LITERATURA EN EL SEGLE XXI\u201d<\/strong><br>10.00 h. Recepci\u00f3 i lliurament d&#8217;acreditacions. Plaza d&#8217;Armes.<br>10.30 h. Confer\u00e8ncia: Literatura Infantil i Juvenil, a c\u00e0rrec de Paz Navarro i David Salvador. Sala del Oscurico.<br>12.30 h. Taula Redona: Les noves formes de Literatura en el Segle XXI, amb Carla Ju\u00e1rez, Miguel Arche, Blanca L\u00edrio i Jorge P\u00e9rez Cebr\u00edan. Moderador, Juan Luis Bedins. Sala del Oscurico.<br>17.00 h. Taller de Poesia amb Bibiana Collado. Sala del Mercat.<br>18.00 h. Recital de Poesia i M\u00fasica, amb Jos\u00e9 Antonio Mateo, Mar Busquets, Blas Mu\u00f1oz, Elia Saneleuterio, Pascual Casa\u00f1, Elena Torres, Romero de Bunyol i Susana Mart\u00ednez. Sala del Mercat.<\/p>\n","protected":false},"excerpt":{"rendered":"<div class=\"mh-excerpt\">La pla\u00e7a del Poble de Bunyol acull aquest dissabte, 22 d&#8217;abril, la Fira del Llibre organitzada per la llibreria de Donya Leo, amb signatura de llibres de M\u00e0xim Huerta, taller de marcap\u00e1ginas, pintacaras, Cava de <a class=\"mh-excerpt-more\" href=\"https:\/\/tucomarca.whitekongsoftware.com\/ca\/la-fira-del-llibre-en-la-placa-del-poble-i-la-ii-jornada-literaria-castillo-de-bunyol-centren-lactivitat-cultural-del-cap-de-setmana-a-la-localitat\/\" title=\"La Fira del Llibre en la Pla\u00e7a del Poble i la II Jornada liter\u00e0ria Castillo de Bunyol centren l&#8217;activitat cultural del cap de setmana a la localitat\">[+] <\/a><\/div>\n","protected":false},"author":12,"featured_media":183715,"comment_status":"open","ping_status":"open","sticky":false,"template":"","format":"standard","meta":{"footnotes":""},"categories":[11019,10911,10894,10912,10896],"tags":[10913,10914],"class_list":["post-183719","post","type-post","status-publish","format-standard","has-post-thumbnail","category-agenda-ca","category-bunol-ca","category-la-comarca-ca","category-la-hoya-ca","category-seccion-ca","tag-bunol-ca","tag-la-hoya-de-bunol-chiva-ca"],"_links":{"self":[{"href":"https:\/\/tucomarca.whitekongsoftware.com\/ca\/wp-json\/wp\/v2\/posts\/183719","targetHints":{"allow":["GET"]}}],"collection":[{"href":"https:\/\/tucomarca.whitekongsoftware.com\/ca\/wp-json\/wp\/v2\/posts"}],"about":[{"href":"https:\/\/tucomarca.whitekongsoftware.com\/ca\/wp-json\/wp\/v2\/types\/post"}],"author":[{"embeddable":true,"href":"https:\/\/tucomarca.whitekongsoftware.com\/ca\/wp-json\/wp\/v2\/users\/12"}],"replies":[{"embeddable":true,"href":"https:\/\/tucomarca.whitekongsoftware.com\/ca\/wp-json\/wp\/v2\/comments?post=183719"}],"version-history":[{"count":0,"href":"https:\/\/tucomarca.whitekongsoftware.com\/ca\/wp-json\/wp\/v2\/posts\/183719\/revisions"}],"wp:featuredmedia":[{"embeddable":true,"href":"https:\/\/tucomarca.whitekongsoftware.com\/ca\/wp-json\/wp\/v2\/media\/183715"}],"wp:attachment":[{"href":"https:\/\/tucomarca.whitekongsoftware.com\/ca\/wp-json\/wp\/v2\/media?parent=183719"}],"wp:term":[{"taxonomy":"category","embeddable":true,"href":"https:\/\/tucomarca.whitekongsoftware.com\/ca\/wp-json\/wp\/v2\/categories?post=183719"},{"taxonomy":"post_tag","embeddable":true,"href":"https:\/\/tucomarca.whitekongsoftware.com\/ca\/wp-json\/wp\/v2\/tags?post=183719"}],"curies":[{"name":"wp","href":"https:\/\/api.w.org\/{rel}","templated":true}]}}