{"id":183607,"date":"2023-04-18T16:16:00","date_gmt":"2023-04-18T15:16:00","guid":{"rendered":"https:\/\/www.tucomarca.com\/wordpress\/segunda\/?p=183607"},"modified":"2023-04-18T20:47:05","modified_gmt":"2023-04-18T19:47:05","slug":"un-accident-entre-dos-camions-en-la-3-bloqueja-el-transit-dentrada-a-valencia-a-laltura-de-quart-de-poblet","status":"publish","type":"post","link":"https:\/\/tucomarca.whitekongsoftware.com\/ca\/un-accident-entre-dos-camions-en-la-3-bloqueja-el-transit-dentrada-a-valencia-a-laltura-de-quart-de-poblet\/","title":{"rendered":"Un accident entre dos camions en l&#8217;A-3 bloqueja el tr\u00e0nsit d&#8217;entrada a Val\u00e8ncia a l&#8217;altura de Quart de Poblet"},"content":{"rendered":"\n<p class=\"wp-block-paragraph\">El Consorci Provincial de Bombers de Val\u00e8ncia ha intervingut aquest dimarts en un accident a l&#8217;Autovia A-3 a l&#8217;altura de Quart de Poblet del qual s&#8217;ha rebut av\u00eds a les 10,08 hores del mat\u00ed. Hi ha hagut xoc de dos camions per abast i han intervingut dues dotacions de bombers de Paterna i Torrent, a m\u00e9s del sergent de Paterna, els qui han alliberat a un dels ocupants. Els mitjans sanitaris s&#8217;han fet c\u00e0rrec dels ferits.<\/p>\n\n\n\n<p class=\"wp-block-paragraph\">L&#8217;excarceraci\u00f3 del conductor del cami\u00f3 ha sigut molt costosa, amb m\u00e9s d&#8217;una hora per a rescatar-lo. Al costat de les dotacions del Consorci de Bombers dels parcs de Paterna i Torrent han actuat tamb\u00e9 dotacions de bombers de l&#8217;Ajuntament de Val\u00e8ncia en un treball coordinat entre els dos cossos.<\/p>\n\n\n\n<figure class=\"wp-block-gallery has-nested-images columns-2 is-cropped wp-block-gallery-1 is-layout-flex wp-block-gallery-is-layout-flex\">\n<figure class=\"wp-block-image size-large\"><img loading=\"lazy\" decoding=\"async\" width=\"2048\" height=\"1151\" data-id=\"183602\" src=\"http:\/\/www.tucomarca.com\/wordpress\/segunda\/wp-content\/uploads\/2023\/04\/AccidenteA3_3.jpg\" alt=\"\" class=\"wp-image-183602\" srcset=\"https:\/\/tucomarca.whitekongsoftware.com\/wp-content\/uploads\/2023\/04\/AccidenteA3_3.jpg 2048w, https:\/\/tucomarca.whitekongsoftware.com\/wp-content\/uploads\/2023\/04\/AccidenteA3_3-300x169.jpg 300w, https:\/\/tucomarca.whitekongsoftware.com\/wp-content\/uploads\/2023\/04\/AccidenteA3_3-1024x576.jpg 1024w, https:\/\/tucomarca.whitekongsoftware.com\/wp-content\/uploads\/2023\/04\/AccidenteA3_3-768x432.jpg 768w, https:\/\/tucomarca.whitekongsoftware.com\/wp-content\/uploads\/2023\/04\/AccidenteA3_3-1536x863.jpg 1536w, https:\/\/tucomarca.whitekongsoftware.com\/wp-content\/uploads\/2023\/04\/AccidenteA3_3-678x381.jpg 678w\" sizes=\"auto, (max-width: 2048px) 100vw, 2048px\" \/><\/figure>\n\n\n\n<figure class=\"wp-block-image size-large\"><img loading=\"lazy\" decoding=\"async\" width=\"1920\" height=\"1079\" data-id=\"183600\" src=\"http:\/\/www.tucomarca.com\/wordpress\/segunda\/wp-content\/uploads\/2023\/04\/AccidenteA3_2.jpg\" alt=\"\" class=\"wp-image-183600\" srcset=\"https:\/\/tucomarca.whitekongsoftware.com\/wp-content\/uploads\/2023\/04\/AccidenteA3_2.jpg 1920w, https:\/\/tucomarca.whitekongsoftware.com\/wp-content\/uploads\/2023\/04\/AccidenteA3_2-300x169.jpg 300w, https:\/\/tucomarca.whitekongsoftware.com\/wp-content\/uploads\/2023\/04\/AccidenteA3_2-1024x575.jpg 1024w, https:\/\/tucomarca.whitekongsoftware.com\/wp-content\/uploads\/2023\/04\/AccidenteA3_2-768x432.jpg 768w, https:\/\/tucomarca.whitekongsoftware.com\/wp-content\/uploads\/2023\/04\/AccidenteA3_2-1536x863.jpg 1536w, https:\/\/tucomarca.whitekongsoftware.com\/wp-content\/uploads\/2023\/04\/AccidenteA3_2-678x381.jpg 678w\" sizes=\"auto, (max-width: 1920px) 100vw, 1920px\" \/><\/figure>\n\n\n\n<figure class=\"wp-block-image size-large\"><img loading=\"lazy\" decoding=\"async\" width=\"1920\" height=\"1440\" data-id=\"183598\" src=\"http:\/\/www.tucomarca.com\/wordpress\/segunda\/wp-content\/uploads\/2023\/04\/AccidenteA3_1.jpg\" alt=\"\" class=\"wp-image-183598\" srcset=\"https:\/\/tucomarca.whitekongsoftware.com\/wp-content\/uploads\/2023\/04\/AccidenteA3_1.jpg 1920w, https:\/\/tucomarca.whitekongsoftware.com\/wp-content\/uploads\/2023\/04\/AccidenteA3_1-300x225.jpg 300w, https:\/\/tucomarca.whitekongsoftware.com\/wp-content\/uploads\/2023\/04\/AccidenteA3_1-1024x768.jpg 1024w, https:\/\/tucomarca.whitekongsoftware.com\/wp-content\/uploads\/2023\/04\/AccidenteA3_1-768x576.jpg 768w, https:\/\/tucomarca.whitekongsoftware.com\/wp-content\/uploads\/2023\/04\/AccidenteA3_1-1536x1152.jpg 1536w, https:\/\/tucomarca.whitekongsoftware.com\/wp-content\/uploads\/2023\/04\/AccidenteA3_1-678x509.jpg 678w, https:\/\/tucomarca.whitekongsoftware.com\/wp-content\/uploads\/2023\/04\/AccidenteA3_1-326x245.jpg 326w, https:\/\/tucomarca.whitekongsoftware.com\/wp-content\/uploads\/2023\/04\/AccidenteA3_1-80x60.jpg 80w\" sizes=\"auto, (max-width: 1920px) 100vw, 1920px\" \/><\/figure>\n<\/figure>\n","protected":false},"excerpt":{"rendered":"<div class=\"mh-excerpt\">El Consorci Provincial de Bombers de Val\u00e8ncia ha intervingut aquest dimarts en un accident a l&#8217;Autovia A-3 a l&#8217;altura de Quart de Poblet del qual s&#8217;ha rebut av\u00eds a les 10,08 hores del mat\u00ed. Hi <a class=\"mh-excerpt-more\" href=\"https:\/\/tucomarca.whitekongsoftware.com\/ca\/un-accident-entre-dos-camions-en-la-3-bloqueja-el-transit-dentrada-a-valencia-a-laltura-de-quart-de-poblet\/\" title=\"Un accident entre dos camions en l&#8217;A-3 bloqueja el tr\u00e0nsit d&#8217;entrada a Val\u00e8ncia a l&#8217;altura de Quart de Poblet\">[+] <\/a><\/div>\n","protected":false},"author":1,"featured_media":183605,"comment_status":"open","ping_status":"open","sticky":false,"template":"","format":"gallery","meta":{"footnotes":""},"categories":[10892,10898,10948,10894,10904,10896,10897],"tags":[10899,12834,10901],"class_list":["post-183607","post","type-post","status-publish","format-gallery","has-post-thumbnail","category-camp-de-turia-ca","category-ventana-ca","category-infraestructuras-ca","category-la-comarca-ca","category-sin-categorizar-ca","category-seccion-ca","category-sucesos-la-comarca-ca","tag-camp-de-turia-ca","tag-consorcio-provincial-de-bomberos-de-valencia-ca","tag-sucesos-ca","post_format-post-format-gallery"],"_links":{"self":[{"href":"https:\/\/tucomarca.whitekongsoftware.com\/ca\/wp-json\/wp\/v2\/posts\/183607","targetHints":{"allow":["GET"]}}],"collection":[{"href":"https:\/\/tucomarca.whitekongsoftware.com\/ca\/wp-json\/wp\/v2\/posts"}],"about":[{"href":"https:\/\/tucomarca.whitekongsoftware.com\/ca\/wp-json\/wp\/v2\/types\/post"}],"author":[{"embeddable":true,"href":"https:\/\/tucomarca.whitekongsoftware.com\/ca\/wp-json\/wp\/v2\/users\/1"}],"replies":[{"embeddable":true,"href":"https:\/\/tucomarca.whitekongsoftware.com\/ca\/wp-json\/wp\/v2\/comments?post=183607"}],"version-history":[{"count":0,"href":"https:\/\/tucomarca.whitekongsoftware.com\/ca\/wp-json\/wp\/v2\/posts\/183607\/revisions"}],"wp:featuredmedia":[{"embeddable":true,"href":"https:\/\/tucomarca.whitekongsoftware.com\/ca\/wp-json\/wp\/v2\/media\/183605"}],"wp:attachment":[{"href":"https:\/\/tucomarca.whitekongsoftware.com\/ca\/wp-json\/wp\/v2\/media?parent=183607"}],"wp:term":[{"taxonomy":"category","embeddable":true,"href":"https:\/\/tucomarca.whitekongsoftware.com\/ca\/wp-json\/wp\/v2\/categories?post=183607"},{"taxonomy":"post_tag","embeddable":true,"href":"https:\/\/tucomarca.whitekongsoftware.com\/ca\/wp-json\/wp\/v2\/tags?post=183607"}],"curies":[{"name":"wp","href":"https:\/\/api.w.org\/{rel}","templated":true}]}}