{"id":183566,"date":"2023-04-18T12:12:00","date_gmt":"2023-04-18T11:12:00","guid":{"rendered":"https:\/\/www.tucomarca.com\/wordpress\/segunda\/?p=183566"},"modified":"2023-04-18T19:42:28","modified_gmt":"2023-04-18T18:42:28","slug":"el-pp-de-la-pobla-de-vallbona-acusa-de-immoralitat-a-la-portaveu-del-pspv-per-intentar-recollocar-se-de-funcionaria-a-lajuntament","status":"publish","type":"post","link":"https:\/\/tucomarca.whitekongsoftware.com\/ca\/el-pp-de-la-pobla-de-vallbona-acusa-de-immoralitat-a-la-portaveu-del-pspv-per-intentar-recollocar-se-de-funcionaria-a-lajuntament\/","title":{"rendered":"El PP de la Pobla de Vallbona acusa de \u201cimmoralitat\u201d a la portaveu del PSPV &#8220;per intentar recol\u00b7locar-se de funcion\u00e0ria a l&#8217;ajuntament&#8221;"},"content":{"rendered":"\n<h4 class=\"wp-block-heading\">Regina Llavata Salavert, del PSPV-PSOE, s&#8217;ha presentat a una oposici\u00f3 del propi Ajuntament de sa Pobla per a accedir a onze places d&#8217;auxiliar administratiu, quedant admesa en el llistat provisional, segons els populars.<\/h4>\n\n\n\n<p class=\"wp-block-paragraph\">El candidat del PP recorda que en casos similars el propi PSOE assenyalava que \u201cser\u00e0 legal presentar-se a una oposici\u00f3 del teu propi Ajuntament, per\u00f2 no \u00e9s \u00e8tic ni est\u00e8tic\u201d, frase que tamb\u00e9 indicava l&#8217;alcalde quan estava en oposici\u00f3.&nbsp;<\/p>\n\n\n\n<p class=\"wp-block-paragraph\">Abel Mart\u00ed exigeix a l&#8217;alcalde que \u201cdesautoritze la maniobra\u201d, perqu\u00e8 \u201cen cas contrari \u201cestaran transmetent a la resta de persones que s&#8217;han presentat a les places una total falta d&#8217;imparcialitat del proc\u00e9s\u201d<br>El candidat del PP a l&#8217;alcaldia de la Pobla de Vallbona, Abel Mart\u00ed, ha denunciat \u201cla immoralitat\u201d comesa per la regidor del govern de sa Pobla i portaveu del PSPV, Regina Llavata Salavert, d&#8217;intentar recol\u00b7locar-se en una pla\u00e7a de funcion\u00e0ria del Consistori que el seu partit dirigeix al costat de Comprom\u00eds, CONTINGENT i un edil no adscrit.&nbsp;<br>En concret, Regina Llavata Salavert, del PSPV-PSOE i segona tinenta d&#8217;alcalde i regidora d&#8217;Educaci\u00f3 i Serveis Socials, s&#8217;ha presentat a una oposici\u00f3 del propi Ajuntament de sa Pobla per a accedir a onze places d&#8217;auxiliar administratiu, quedant admesa en el llistat provisional.&nbsp;<br>L&#8217;alcaldable popular ha assenyalat que \u201c\u00e9s inadmissible que una regidora del govern es presente a una oposici\u00f3 que convoca aqueix mateix govern de la Pobla de Vallbona per a col\u00b7locar-se en una ocupaci\u00f3 p\u00fablica perqu\u00e8 en les seues actuals responsabilitats de regidor\u201d.&nbsp;<br>Abel Mart\u00ed ha indicat que l&#8217;edil Regina Llavata Salavert \u201c\u00e9s a m\u00e9s una de les regidors alliberades de l&#8217;equip de govern, el m\u00e9s car de la hist\u00f2ria de sa Pobla amb r\u00e8cord de regidors cobrant\u201d i ha responsabilitzat al propi alcalde, Josep Vicent Garcia i Tamarit, \u201cde permetre aquestes pr\u00e0ctiques de nul\u00b7la transpar\u00e8ncia nepotisme en el Consistori, amb regidors presentant-se a les pr\u00f2pies oposicions de l&#8217;Ajuntament per a tindre el seu endoll despr\u00e9s de no seguir en les llistes del seu partit\u201d.&nbsp;<br>El candidat del PP ha instat l&#8217;alcalde i candidat de Comprom\u00eds, Josep Vicent Garcia i Tamarit, a qu\u00e8 \u201ccondemne p\u00fablicament i desautoritze la maniobra de la seua companya de govern Regina Llavata Salavert\u201d i ha demanat a la pr\u00f2pia implicada que \u201crenuncie al seu lloc en la llista d&#8217;admesos de l&#8217;oposici\u00f3\u201d, \u201co en cas contrari estaran transmetent a la resta de persones que s&#8217;han presentat a les places una total falta d&#8217;imparcialitat del proc\u00e9s, estenent les sospites sobre aquest\u201d.&nbsp;<br>Abel Mart\u00ed ha recordat que altres casos similars que s&#8217;han produ\u00eft en altres Ajuntaments els afectats han renunciat a la pla\u00e7a a la qual es presentaven, \u201ccom va oc\u00f3rrer a l&#8217;Ajuntament de Barcelona on un regidor del govern es va presentar una pla\u00e7a d&#8217;enginyer municipal i va renunciar despr\u00e9s de les fortes cr\u00edtiques per a no deslegitimar el proc\u00e9s d&#8217;oposici\u00f3. Tamb\u00e9 va oc\u00f3rrer a Madrid quan governava Manuela Carmena, per\u00f2 ac\u00ed l&#8217;edil del govern no va renunciar malgrat que va posar en dubte el proc\u00e9s\u201d.&nbsp;<br>El candidat del PP a l&#8217;alcaldia de sa Pobla ha assenyalat que en aqueixos casos el propi PSOE va recon\u00e9ixer que \u201cser\u00e0 legal presentar-se a una oposici\u00f3 del teu propi Ajuntament, per\u00f2 no \u00e9s \u00e8tic ni est\u00e8tic i \u00e9s inadequat perqu\u00e8 q\u00fcestiona el proc\u00e9s, frase que per cert usava l&#8217;actual alcalde Josep Vicent Garcia i Tamarit quan estava en l&#8217;oposici\u00f3\u201d.&nbsp;<br>Per tant, Abel Mart\u00ed demana \u201cque ara s&#8217;apliquen aix\u00f2 davant el seu regidor Regina Llavata Salavert i li exigisquen la seua ren\u00fancia al seu lloc en la llista d&#8217;admesos, o en cas contrari tant el PSOE com Comprom\u00eds estaran demostrant la seua falta total d&#8217;escr\u00fapols i que prefereixen tacar les convocat\u00f2ries de places a sa Pobla per a col\u00b7locar als seus\u201d.<\/p>\n\n\n\n<p class=\"wp-block-paragraph\"><\/p>\n","protected":false},"excerpt":{"rendered":"<div class=\"mh-excerpt\">Regina Llavata Salavert, del PSPV-PSOE, s&#8217;ha presentat a una oposici\u00f3 del propi Ajuntament de sa Pobla per a accedir a onze places d&#8217;auxiliar administratiu, quedant admesa en el llistat provisional, segons els populars. El candidat <a class=\"mh-excerpt-more\" href=\"https:\/\/tucomarca.whitekongsoftware.com\/ca\/el-pp-de-la-pobla-de-vallbona-acusa-de-immoralitat-a-la-portaveu-del-pspv-per-intentar-recollocar-se-de-funcionaria-a-lajuntament\/\" title=\"El PP de la Pobla de Vallbona acusa de \u201cimmoralitat\u201d a la portaveu del PSPV &#8220;per intentar recol\u00b7locar-se de funcion\u00e0ria a l&#8217;ajuntament&#8221;\">[+] <\/a><\/div>\n","protected":false},"author":12,"featured_media":183565,"comment_status":"open","ping_status":"open","sticky":false,"template":"","format":"standard","meta":{"footnotes":""},"categories":[10892,10948,10894,10915,10947,10896],"tags":[10899,10949,11274],"class_list":["post-183566","post","type-post","status-publish","format-standard","has-post-thumbnail","category-camp-de-turia-ca","category-infraestructuras-ca","category-la-comarca-ca","category-la-pobla-ca","category-politica","category-seccion-ca","tag-camp-de-turia-ca","tag-la-pobla-ca","tag-pp-pobla-de-vallbona-ca"],"_links":{"self":[{"href":"https:\/\/tucomarca.whitekongsoftware.com\/ca\/wp-json\/wp\/v2\/posts\/183566","targetHints":{"allow":["GET"]}}],"collection":[{"href":"https:\/\/tucomarca.whitekongsoftware.com\/ca\/wp-json\/wp\/v2\/posts"}],"about":[{"href":"https:\/\/tucomarca.whitekongsoftware.com\/ca\/wp-json\/wp\/v2\/types\/post"}],"author":[{"embeddable":true,"href":"https:\/\/tucomarca.whitekongsoftware.com\/ca\/wp-json\/wp\/v2\/users\/12"}],"replies":[{"embeddable":true,"href":"https:\/\/tucomarca.whitekongsoftware.com\/ca\/wp-json\/wp\/v2\/comments?post=183566"}],"version-history":[{"count":0,"href":"https:\/\/tucomarca.whitekongsoftware.com\/ca\/wp-json\/wp\/v2\/posts\/183566\/revisions"}],"wp:featuredmedia":[{"embeddable":true,"href":"https:\/\/tucomarca.whitekongsoftware.com\/ca\/wp-json\/wp\/v2\/media\/183565"}],"wp:attachment":[{"href":"https:\/\/tucomarca.whitekongsoftware.com\/ca\/wp-json\/wp\/v2\/media?parent=183566"}],"wp:term":[{"taxonomy":"category","embeddable":true,"href":"https:\/\/tucomarca.whitekongsoftware.com\/ca\/wp-json\/wp\/v2\/categories?post=183566"},{"taxonomy":"post_tag","embeddable":true,"href":"https:\/\/tucomarca.whitekongsoftware.com\/ca\/wp-json\/wp\/v2\/tags?post=183566"}],"curies":[{"name":"wp","href":"https:\/\/api.w.org\/{rel}","templated":true}]}}