{"id":183486,"date":"2023-04-17T11:00:00","date_gmt":"2023-04-17T10:00:00","guid":{"rendered":"https:\/\/www.tucomarca.com\/wordpress\/segunda\/?p=183486"},"modified":"2023-04-17T13:50:10","modified_gmt":"2023-04-17T12:50:10","slug":"xest-acull-lacte-de-proclamacio-oficial-del-nomenament-de-la-cavalcada-de-san-jose-com-a-be-dinteres-turistic","status":"publish","type":"post","link":"https:\/\/tucomarca.whitekongsoftware.com\/ca\/xest-acull-lacte-de-proclamacio-oficial-del-nomenament-de-la-cavalcada-de-san-jose-com-a-be-dinteres-turistic\/","title":{"rendered":"Xest acull l&#8217;acte de proclamaci\u00f3 oficial del nomenament de la cavalcada de San Jos\u00e9 com a B\u00e9 d&#8217;Inter\u00e9s Tur\u00edstic"},"content":{"rendered":"\n<p class=\"wp-block-paragraph\">Dissabte passat, 15 d&#8217;abril, en el marc de la celebraci\u00f3 de l&#8217;ofrena de les Festes d&#8217;en honor a la Verge de la Soledat, l&#8217;Ajuntament va organitzar l&#8217;acte de proclamaci\u00f3 oficial del recent nomenament de la Cavalcada al\u00b7leg\u00f2rica de San Jos\u00e9 com a B\u00e9 d&#8217;Inter\u00e9s Tur\u00edstic, que va tindre lloc abans de donar principi el tradicional cercaviles que s&#8217;inicia en la pla\u00e7a de l&#8217;Ermita i acaba a l&#8217;Esgl\u00e9sia.&nbsp;<\/p>\n\n\n\n<p class=\"wp-block-paragraph\">Aix\u00ed, des d&#8217;un escenari col\u00b7locat en les escales de l&#8217;Ermita, flanquejat per quatre carrosses, el regidor de Festes, Ra\u00fal Mota, la presidenta de la Falla Barri de L&#8217;Alegria, Ana Exp\u00f3sito, el president de la Falla Ind\u00fastria i Comer\u00e7, Manuel Crist\u00f3bal Fuertes, i l&#8217;alcalde, Jos\u00e9 Morell, van posar en valor la cavalcada chestana davant desenes de ve\u00efns i ve\u00efnes.<\/p>\n\n\n\n<p class=\"wp-block-paragraph\">\u201cAquest idea va comen\u00e7ar en 2019, quan vaig pensar que la cavalcada de San Jos\u00e9 havia de ser nomenada d&#8217;Inter\u00e9s Tur\u00edstic perqu\u00e8 fora coneguda i reconeguda en tota la comunitat. Despr\u00e9s d&#8217;anys de dur treball, de recopilaci\u00f3 d&#8217;informaci\u00f3, de la hist\u00f2ria i de materials gr\u00e0fics, i despr\u00e9s de totes les negociacions institucionals, la nostra cavalcada ja t\u00e9 aquest merescut reconeixement\u201d, declarava Mota. \u201cHem negociat que les nostres carrosses siguen protagonistes de les Falles de Val\u00e8ncia; tindrem el nostre buit en el Museu Faller, ja que hem signat un conveni perqu\u00e8 puguem ensenyar als seus visitants la nostra cavalcada i puguem parlar amb grans experts del m\u00f3n faller sobre elles. A m\u00e9s, les nostres carrosses desfilaran pels carrers de la capital en la Cavalcada del Patrimoni, on tenen cabuda totes les festes de la Comunitat Valenciana que han sigut nomenades d&#8217;Inter\u00e9s Tur\u00edstic o com Ben Immaterial per la Unesco. I no \u00e9s tot, hem iniciat convenis amb un parell d&#8217;instituts que ofereixen l&#8217;FP d&#8217;artista faller perqu\u00e8 els seus alumnes i alumnes puguen ajudar-nos a dissenyar i realitzar les carrosses. No puc oblidar-me de tot el suport que he rebut durant aquests quatre anys de les Falles de Xest i de la Junta Local, gr\u00e0cies per la vostra col\u00b7laboraci\u00f3 desinteressada\u201d.<\/p>\n\n\n\n<p class=\"wp-block-paragraph\">Per part seua, els representants fallers van coincidir a destacar l&#8217;evoluci\u00f3 de la cavalcada des dels seus inicis, fa 79 anys. \u201cEn els primers anys les nostres comissions feien carrosses amb cavalls i carros que adornaven amb teles i flors, m\u00e9s endavant van comen\u00e7ar a usar plataformes xicotetes i els adorns van canviar, era m\u00e9s manuals, flors de paper i treballs en fusta. A poc a poc vam anar aprenent m\u00e9s coses i les carrosses eren m\u00e9s grans i m\u00e9s elaborades, es van comen\u00e7ar a fer peces a escuradents, t\u00e8cnica que es continua utilitzant, i en els \u00faltims anys s&#8217;ha comen\u00e7at a utilitzar purpurina de colors; les peces centrals es treballen en fusta i ferro i, en l&#8217;actualitat, s\u00f3n molt elaborades\u201d, destacava Exp\u00f3sito.<\/p>\n\n\n\n<p class=\"wp-block-paragraph\">Forts va posar l&#8217;accent en l&#8217;evoluci\u00f3 del recorregut de la desfilada i la supressi\u00f3 dels premis que s&#8217;atorgaven en els inicis de la celebraci\u00f3. \u201cA principis dels 90 es va instaurar l&#8217;actual itinerari, en el qual es concentren totes les carrosses en la pla\u00e7a de l&#8217;Ajuntament per a iniciar el recorregut de tornada tamb\u00e9 pel carrer Xiva, ja que les carrosses eren tan grans que es complicava pujar a la pla\u00e7a del Mercat a donar la volta. Una altra curiositat \u00e9s que abans s&#8217;entregaven premis a les millors carrosses, per\u00f2 al final es va decidir no ressaltar cap carrossa de la desfilada, perqu\u00e8 totes elles s\u00f3n sens dubte vertaderes obres d&#8217;art, un exemple de saber fer, d&#8217;esfor\u00e7 i d&#8217;enginy de totes dues falles de Xest\u201d, manifestava el president de la Falla Ind\u00fastria i Comer\u00e7.<\/p>\n\n\n\n<p class=\"wp-block-paragraph\">El fermall final als discursos el va posar l&#8217;alcalde, amb un ampli agra\u00efment. \u201cLa Junta Local Fallera i la comissi\u00f3 de Festes decidim fer la proclamaci\u00f3 oficial del nomenament de la Cavalcada de San Jos\u00e9 com a B\u00e9 d&#8217;Inter\u00e9s Tur\u00edstic fent-la coincidir amb l&#8217;ofrena de la patrona, que \u00e9s tamb\u00e9 una acci\u00f3 de gr\u00e0cies, aix\u00ed que agra\u00efsc a la comissi\u00f3 que ens haja cedit aquest espai en el marc de les seues festes\u201d, apuntava Morell. \u201cL&#8217;expedient ha sigut aprovat per unanimitat de tots els grups pol\u00edtics representats en el consistori, est\u00e0vem tots conven\u00e7uts que la Cavalcada \u00e9s un exponent destacat de la cultura i les tradicions valencianes i que complia amb les premisses d&#8217;antiguitat, arrelament i tradici\u00f3, condicions sine qua non per a aconseguir-ho. En nom de l&#8217;Ajuntament, gr\u00e0cies a tots els que heu fet possible aquest reconeixement que hui es comparteix amb tot Xest\u201d.<\/p>\n\n\n\n<figure class=\"wp-block-gallery has-nested-images columns-2 is-cropped wp-block-gallery-1 is-layout-flex wp-block-gallery-is-layout-flex\">\n<figure class=\"wp-block-image size-large\"><img loading=\"lazy\" decoding=\"async\" width=\"886\" height=\"591\" data-id=\"183467\" src=\"http:\/\/www.tucomarca.com\/wordpress\/segunda\/wp-content\/uploads\/2023\/04\/Cheste_CabalgataBIT_01.jpg\" alt=\"\" class=\"wp-image-183467\" srcset=\"https:\/\/tucomarca.whitekongsoftware.com\/wp-content\/uploads\/2023\/04\/Cheste_CabalgataBIT_01.jpg 886w, https:\/\/tucomarca.whitekongsoftware.com\/wp-content\/uploads\/2023\/04\/Cheste_CabalgataBIT_01-300x200.jpg 300w, https:\/\/tucomarca.whitekongsoftware.com\/wp-content\/uploads\/2023\/04\/Cheste_CabalgataBIT_01-768x512.jpg 768w\" sizes=\"auto, (max-width: 886px) 100vw, 886px\" \/><\/figure>\n\n\n\n<figure class=\"wp-block-image size-large\"><img loading=\"lazy\" decoding=\"async\" width=\"886\" height=\"591\" data-id=\"183479\" src=\"http:\/\/www.tucomarca.com\/wordpress\/segunda\/wp-content\/uploads\/2023\/04\/Cheste_CabalgataBIT_07.jpg\" alt=\"\" class=\"wp-image-183479\" srcset=\"https:\/\/tucomarca.whitekongsoftware.com\/wp-content\/uploads\/2023\/04\/Cheste_CabalgataBIT_07.jpg 886w, https:\/\/tucomarca.whitekongsoftware.com\/wp-content\/uploads\/2023\/04\/Cheste_CabalgataBIT_07-300x200.jpg 300w, https:\/\/tucomarca.whitekongsoftware.com\/wp-content\/uploads\/2023\/04\/Cheste_CabalgataBIT_07-768x512.jpg 768w\" sizes=\"auto, (max-width: 886px) 100vw, 886px\" \/><\/figure>\n\n\n\n<figure class=\"wp-block-image size-large\"><img loading=\"lazy\" decoding=\"async\" width=\"886\" height=\"591\" data-id=\"183471\" src=\"http:\/\/www.tucomarca.com\/wordpress\/segunda\/wp-content\/uploads\/2023\/04\/Cheste_CabalgataBIT_03.jpg\" alt=\"\" class=\"wp-image-183471\" srcset=\"https:\/\/tucomarca.whitekongsoftware.com\/wp-content\/uploads\/2023\/04\/Cheste_CabalgataBIT_03.jpg 886w, https:\/\/tucomarca.whitekongsoftware.com\/wp-content\/uploads\/2023\/04\/Cheste_CabalgataBIT_03-300x200.jpg 300w, https:\/\/tucomarca.whitekongsoftware.com\/wp-content\/uploads\/2023\/04\/Cheste_CabalgataBIT_03-768x512.jpg 768w\" sizes=\"auto, (max-width: 886px) 100vw, 886px\" \/><\/figure>\n\n\n\n<figure class=\"wp-block-image size-large\"><img loading=\"lazy\" decoding=\"async\" width=\"886\" height=\"591\" data-id=\"183475\" src=\"http:\/\/www.tucomarca.com\/wordpress\/segunda\/wp-content\/uploads\/2023\/04\/Cheste_CabalgataBIT_05.jpg\" alt=\"\" class=\"wp-image-183475\" srcset=\"https:\/\/tucomarca.whitekongsoftware.com\/wp-content\/uploads\/2023\/04\/Cheste_CabalgataBIT_05.jpg 886w, https:\/\/tucomarca.whitekongsoftware.com\/wp-content\/uploads\/2023\/04\/Cheste_CabalgataBIT_05-300x200.jpg 300w, https:\/\/tucomarca.whitekongsoftware.com\/wp-content\/uploads\/2023\/04\/Cheste_CabalgataBIT_05-768x512.jpg 768w\" sizes=\"auto, (max-width: 886px) 100vw, 886px\" \/><\/figure>\n\n\n\n<figure class=\"wp-block-image size-large\"><img loading=\"lazy\" decoding=\"async\" width=\"886\" height=\"591\" data-id=\"183477\" src=\"http:\/\/www.tucomarca.com\/wordpress\/segunda\/wp-content\/uploads\/2023\/04\/Cheste_CabalgataBIT_06.jpg\" alt=\"\" class=\"wp-image-183477\" srcset=\"https:\/\/tucomarca.whitekongsoftware.com\/wp-content\/uploads\/2023\/04\/Cheste_CabalgataBIT_06.jpg 886w, https:\/\/tucomarca.whitekongsoftware.com\/wp-content\/uploads\/2023\/04\/Cheste_CabalgataBIT_06-300x200.jpg 300w, https:\/\/tucomarca.whitekongsoftware.com\/wp-content\/uploads\/2023\/04\/Cheste_CabalgataBIT_06-768x512.jpg 768w\" sizes=\"auto, (max-width: 886px) 100vw, 886px\" \/><\/figure>\n\n\n\n<figure class=\"wp-block-image size-large\"><img loading=\"lazy\" decoding=\"async\" width=\"886\" height=\"591\" data-id=\"183481\" src=\"http:\/\/www.tucomarca.com\/wordpress\/segunda\/wp-content\/uploads\/2023\/04\/Cheste_CabalgataBIT_08.jpg\" alt=\"\" class=\"wp-image-183481\" srcset=\"https:\/\/tucomarca.whitekongsoftware.com\/wp-content\/uploads\/2023\/04\/Cheste_CabalgataBIT_08.jpg 886w, https:\/\/tucomarca.whitekongsoftware.com\/wp-content\/uploads\/2023\/04\/Cheste_CabalgataBIT_08-300x200.jpg 300w, https:\/\/tucomarca.whitekongsoftware.com\/wp-content\/uploads\/2023\/04\/Cheste_CabalgataBIT_08-768x512.jpg 768w\" sizes=\"auto, (max-width: 886px) 100vw, 886px\" \/><\/figure>\n\n\n\n<figure class=\"wp-block-image size-large\"><img loading=\"lazy\" decoding=\"async\" width=\"886\" height=\"591\" data-id=\"183483\" src=\"http:\/\/www.tucomarca.com\/wordpress\/segunda\/wp-content\/uploads\/2023\/04\/Cheste_CabalgataBIT_09.jpg\" alt=\"\" class=\"wp-image-183483\" srcset=\"https:\/\/tucomarca.whitekongsoftware.com\/wp-content\/uploads\/2023\/04\/Cheste_CabalgataBIT_09.jpg 886w, https:\/\/tucomarca.whitekongsoftware.com\/wp-content\/uploads\/2023\/04\/Cheste_CabalgataBIT_09-300x200.jpg 300w, https:\/\/tucomarca.whitekongsoftware.com\/wp-content\/uploads\/2023\/04\/Cheste_CabalgataBIT_09-768x512.jpg 768w\" sizes=\"auto, (max-width: 886px) 100vw, 886px\" \/><\/figure>\n\n\n\n<figure class=\"wp-block-image size-large\"><img loading=\"lazy\" decoding=\"async\" width=\"886\" height=\"591\" data-id=\"183473\" src=\"http:\/\/www.tucomarca.com\/wordpress\/segunda\/wp-content\/uploads\/2023\/04\/Cheste_CabalgataBIT_04.jpg\" alt=\"\" class=\"wp-image-183473\" srcset=\"https:\/\/tucomarca.whitekongsoftware.com\/wp-content\/uploads\/2023\/04\/Cheste_CabalgataBIT_04.jpg 886w, https:\/\/tucomarca.whitekongsoftware.com\/wp-content\/uploads\/2023\/04\/Cheste_CabalgataBIT_04-300x200.jpg 300w, https:\/\/tucomarca.whitekongsoftware.com\/wp-content\/uploads\/2023\/04\/Cheste_CabalgataBIT_04-768x512.jpg 768w\" sizes=\"auto, (max-width: 886px) 100vw, 886px\" \/><\/figure>\n\n\n\n<figure class=\"wp-block-image size-large\"><img loading=\"lazy\" decoding=\"async\" width=\"886\" height=\"591\" data-id=\"183469\" src=\"http:\/\/www.tucomarca.com\/wordpress\/segunda\/wp-content\/uploads\/2023\/04\/Cheste_CabalgataBIT_02.jpg\" alt=\"\" class=\"wp-image-183469\" srcset=\"https:\/\/tucomarca.whitekongsoftware.com\/wp-content\/uploads\/2023\/04\/Cheste_CabalgataBIT_02.jpg 886w, https:\/\/tucomarca.whitekongsoftware.com\/wp-content\/uploads\/2023\/04\/Cheste_CabalgataBIT_02-300x200.jpg 300w, https:\/\/tucomarca.whitekongsoftware.com\/wp-content\/uploads\/2023\/04\/Cheste_CabalgataBIT_02-768x512.jpg 768w\" sizes=\"auto, (max-width: 886px) 100vw, 886px\" \/><\/figure>\n<\/figure>\n","protected":false},"excerpt":{"rendered":"<div class=\"mh-excerpt\">Dissabte passat, 15 d&#8217;abril, en el marc de la celebraci\u00f3 de l&#8217;ofrena de les Festes d&#8217;en honor a la Verge de la Soledat, l&#8217;Ajuntament va organitzar l&#8217;acte de proclamaci\u00f3 oficial del recent nomenament de la <a class=\"mh-excerpt-more\" href=\"https:\/\/tucomarca.whitekongsoftware.com\/ca\/xest-acull-lacte-de-proclamacio-oficial-del-nomenament-de-la-cavalcada-de-san-jose-com-a-be-dinteres-turistic\/\" title=\"Xest acull l&#8217;acte de proclamaci\u00f3 oficial del nomenament de la cavalcada de San Jos\u00e9 com a B\u00e9 d&#8217;Inter\u00e9s Tur\u00edstic\">[+] <\/a><\/div>\n","protected":false},"author":12,"featured_media":183474,"comment_status":"open","ping_status":"open","sticky":false,"template":"","format":"gallery","meta":{"footnotes":""},"categories":[10894,10912,11004,11007,11008,10896,10974],"tags":[16451,11071,10914,19062],"class_list":["post-183486","post","type-post","status-publish","format-gallery","has-post-thumbnail","category-la-comarca-ca","category-la-hoya-ca","category-la-semana-en-imagenes-ca","category-ocio-y-cultura-ca","category-pueblos-en-fiestas-ca","category-seccion-ca","category-cheste-ca","tag-bien-de-interes-turistico-ca","tag-cheste","tag-la-hoya-de-bunol-chiva-ca","tag-ofrenda-de-san-jose-ca","post_format-post-format-gallery"],"_links":{"self":[{"href":"https:\/\/tucomarca.whitekongsoftware.com\/ca\/wp-json\/wp\/v2\/posts\/183486","targetHints":{"allow":["GET"]}}],"collection":[{"href":"https:\/\/tucomarca.whitekongsoftware.com\/ca\/wp-json\/wp\/v2\/posts"}],"about":[{"href":"https:\/\/tucomarca.whitekongsoftware.com\/ca\/wp-json\/wp\/v2\/types\/post"}],"author":[{"embeddable":true,"href":"https:\/\/tucomarca.whitekongsoftware.com\/ca\/wp-json\/wp\/v2\/users\/12"}],"replies":[{"embeddable":true,"href":"https:\/\/tucomarca.whitekongsoftware.com\/ca\/wp-json\/wp\/v2\/comments?post=183486"}],"version-history":[{"count":0,"href":"https:\/\/tucomarca.whitekongsoftware.com\/ca\/wp-json\/wp\/v2\/posts\/183486\/revisions"}],"wp:featuredmedia":[{"embeddable":true,"href":"https:\/\/tucomarca.whitekongsoftware.com\/ca\/wp-json\/wp\/v2\/media\/183474"}],"wp:attachment":[{"href":"https:\/\/tucomarca.whitekongsoftware.com\/ca\/wp-json\/wp\/v2\/media?parent=183486"}],"wp:term":[{"taxonomy":"category","embeddable":true,"href":"https:\/\/tucomarca.whitekongsoftware.com\/ca\/wp-json\/wp\/v2\/categories?post=183486"},{"taxonomy":"post_tag","embeddable":true,"href":"https:\/\/tucomarca.whitekongsoftware.com\/ca\/wp-json\/wp\/v2\/tags?post=183486"}],"curies":[{"name":"wp","href":"https:\/\/api.w.org\/{rel}","templated":true}]}}