{"id":183462,"date":"2023-04-17T10:00:00","date_gmt":"2023-04-17T09:00:00","guid":{"rendered":"https:\/\/www.tucomarca.com\/wordpress\/segunda\/?p=183462"},"modified":"2023-04-17T13:47:18","modified_gmt":"2023-04-17T12:47:18","slug":"un-total-de-94-xiquets-i-xiquetes-participen-en-lescola-de-pasqua-2023-de-xest","status":"publish","type":"post","link":"https:\/\/tucomarca.whitekongsoftware.com\/ca\/un-total-de-94-xiquets-i-xiquetes-participen-en-lescola-de-pasqua-2023-de-xest\/","title":{"rendered":"Un total de 94 xiquets i xiquetes participen en l&#8217;Escola de Pasqua 2023 de Xest"},"content":{"rendered":"\n<p class=\"wp-block-paragraph\">Divendres passat, 14 d&#8217;abril, finalitzava l&#8217;Escola de Pasqua de 2023 que organitzeu cada any la Regidoria d&#8217;Educaci\u00f3. En aquesta ocasi\u00f3, han participat 94 xiquets i xiquetes d&#8217;Infantil i Prim\u00e0ria de Xest, els qui durant quatre dies han treballat valors de manera l\u00fadica.&nbsp;<\/p>\n\n\n\n<p class=\"wp-block-paragraph\">\u201cAquesta edici\u00f3 de l&#8217;Escola de Pasqua, titulada El tren dels valors, ha sigut un \u00e8xit de participaci\u00f3 i de contingut. Els xiquets i les xiquetes han gaudit amb din\u00e0miques participatives, innovadores i interessants. Com a novetat, enguany cada mat\u00ed les educadores introdu\u00efen una activitat d&#8217;activaci\u00f3 de cos i ment amb una dansa que incitava ja a treballar un valor cada dia\u201d, ha apuntat la regidora d&#8217;Educaci\u00f3, M\u00aa \u00c1ngeles Llorente.<\/p>\n\n\n\n<p class=\"wp-block-paragraph\">L&#8217;escola s&#8217;ha celebrat en el CEIP Francisco Giner dels Rius, en horari de 9 a 13 hores, des del dimarts 11 d&#8217;abril fins divendres passat. A difer\u00e8ncia de la passada edici\u00f3, l&#8217;activitat s&#8217;ha pogut organitzar sense seguir cap protocol COVID; pel que, encara que hi ha hagut m\u00e9s participaci\u00f3, no ha sigut necessari el desdoblament en dos centres educatius.<\/p>\n\n\n\n<p class=\"wp-block-paragraph\">\u201cHa sigut una Escola de Pasqua molt especial en la qual tots i totes ho han passat molt b\u00e9. Ens sembla fonamental utilitzar aquests espais de conciliaci\u00f3 de la vida familiar amb el joc i l&#8217;aprenentatge, ja que el joc \u00e9s un element clau en l&#8217;adquisici\u00f3 d&#8217;h\u00e0bits, valors i aprenentatges de tota mena, fet que valorem molt, per la qual cosa pensem continuar impulsant activitats en aquesta l\u00ednia\u201d, ha destacat la regidora.<\/p>\n","protected":false},"excerpt":{"rendered":"<div class=\"mh-excerpt\">Divendres passat, 14 d&#8217;abril, finalitzava l&#8217;Escola de Pasqua de 2023 que organitzeu cada any la Regidoria d&#8217;Educaci\u00f3. En aquesta ocasi\u00f3, han participat 94 xiquets i xiquetes d&#8217;Infantil i Prim\u00e0ria de Xest, els qui durant quatre <a class=\"mh-excerpt-more\" href=\"https:\/\/tucomarca.whitekongsoftware.com\/ca\/un-total-de-94-xiquets-i-xiquetes-participen-en-lescola-de-pasqua-2023-de-xest\/\" title=\"Un total de 94 xiquets i xiquetes participen en l&#8217;Escola de Pasqua 2023 de Xest\">[+] <\/a><\/div>\n","protected":false},"author":12,"featured_media":183461,"comment_status":"open","ping_status":"open","sticky":false,"template":"","format":"standard","meta":{"footnotes":""},"categories":[10948,10894,10912,11007,10896,10974],"tags":[11071,19060,10914],"class_list":["post-183462","post","type-post","status-publish","format-standard","has-post-thumbnail","category-infraestructuras-ca","category-la-comarca-ca","category-la-hoya-ca","category-ocio-y-cultura-ca","category-seccion-ca","category-cheste-ca","tag-cheste","tag-escuela-de-pascua-2023-ca","tag-la-hoya-de-bunol-chiva-ca"],"_links":{"self":[{"href":"https:\/\/tucomarca.whitekongsoftware.com\/ca\/wp-json\/wp\/v2\/posts\/183462","targetHints":{"allow":["GET"]}}],"collection":[{"href":"https:\/\/tucomarca.whitekongsoftware.com\/ca\/wp-json\/wp\/v2\/posts"}],"about":[{"href":"https:\/\/tucomarca.whitekongsoftware.com\/ca\/wp-json\/wp\/v2\/types\/post"}],"author":[{"embeddable":true,"href":"https:\/\/tucomarca.whitekongsoftware.com\/ca\/wp-json\/wp\/v2\/users\/12"}],"replies":[{"embeddable":true,"href":"https:\/\/tucomarca.whitekongsoftware.com\/ca\/wp-json\/wp\/v2\/comments?post=183462"}],"version-history":[{"count":0,"href":"https:\/\/tucomarca.whitekongsoftware.com\/ca\/wp-json\/wp\/v2\/posts\/183462\/revisions"}],"wp:featuredmedia":[{"embeddable":true,"href":"https:\/\/tucomarca.whitekongsoftware.com\/ca\/wp-json\/wp\/v2\/media\/183461"}],"wp:attachment":[{"href":"https:\/\/tucomarca.whitekongsoftware.com\/ca\/wp-json\/wp\/v2\/media?parent=183462"}],"wp:term":[{"taxonomy":"category","embeddable":true,"href":"https:\/\/tucomarca.whitekongsoftware.com\/ca\/wp-json\/wp\/v2\/categories?post=183462"},{"taxonomy":"post_tag","embeddable":true,"href":"https:\/\/tucomarca.whitekongsoftware.com\/ca\/wp-json\/wp\/v2\/tags?post=183462"}],"curies":[{"name":"wp","href":"https:\/\/api.w.org\/{rel}","templated":true}]}}