{"id":183295,"date":"2023-04-13T16:00:00","date_gmt":"2023-04-13T15:00:00","guid":{"rendered":"https:\/\/www.tucomarca.com\/wordpress\/segunda\/?p=183295"},"modified":"2023-04-13T19:04:24","modified_gmt":"2023-04-13T18:04:24","slug":"huit-detinguts-en-la-desarticulacio-duna-banda-assentada-a-xiva-betera-i-valencia-especialitzada-en-robatoris-amb-forca-en-comercos-i-magatzems","status":"publish","type":"post","link":"https:\/\/tucomarca.whitekongsoftware.com\/ca\/huit-detinguts-en-la-desarticulacio-duna-banda-assentada-a-xiva-betera-i-valencia-especialitzada-en-robatoris-amb-forca-en-comercos-i-magatzems\/","title":{"rendered":"Huit detinguts en la desarticulaci\u00f3 d&#8217;una banda assentada a Xiva, B\u00e9tera i Val\u00e8ncia especialitzada en robatoris amb for\u00e7a en comer\u00e7os i magatzems"},"content":{"rendered":"\n<h3 class=\"wp-block-heading\"><strong>Els agents van poder constatar com es tractava d&#8217;una banda organitzada amb una intensa activitat delictiva, d&#8217;origen espanyol la principal activitat del qual eren assalts a establiments comercials i magatzems<\/strong>.<\/h3>\n\n\n\n<h3 class=\"wp-block-heading\"><strong>Entre els detinguts es troba el l\u00edder de la banda, responsable de coordinar tots els assalts<\/strong>.<\/h3>\n\n\n\n<p class=\"wp-block-paragraph\">La Gu\u00e0rdia Civil de Val\u00e8ncia, en el marc de l&#8217;operaci\u00f3 \u201cSNUKER\u201d, ha procedit a la detenci\u00f3 d&#8217;un total de 8 persones, dels quals 5 s\u00f3n homes i 2 dones. L&#8217;organitzaci\u00f3 compaginava d&#8217;aquesta manera el vessant dels robatoris amb for\u00e7a amb la del tr\u00e0fic de drogues. Aquesta banda estava assentada en diverses localitats de la prov\u00edncia de Val\u00e8ncia: B\u00e9tera, Xiva i la ciutat de Val\u00e8ncia.<br>L&#8217;operaci\u00f3 es va iniciar a la fi del mes de novembre de 2022, quan els agents van detectar un augment de robatoris en diferents punts de la geografia valenciana. Despr\u00e9s d&#8217;una an\u00e0lisi exhaustiva, els investigadors van aconseguir relacionar una s\u00e8rie de robatoris entre si, per les seues caracter\u00edstiques i pel seu modus operandi.<br>Despr\u00e9s de les primeres indagacions, els agents van poder constatar com es tractava d&#8217;una banda organitzada amb una intensa activitat delictiva, d&#8217;origen espanyol la principal activitat del qual eren assalts a establiments comercials i magatzems. En ells sostreien multitud de productes (roba, electrodom\u00e8stics, eines, cosm\u00e8tics\u2026) per a la seua posterior distribuci\u00f3 il\u00b7l\u00edcita en el mercat, aix\u00ed com els enc\u00e0rrecs que rebien.<\/p>\n\n\n\n<p class=\"wp-block-paragraph\"><strong>Direcci\u00f3 de l&#8217;organitzaci\u00f3 criminal<br><\/strong>Amb l&#8217;avan\u00e7 de la investigaci\u00f3, els agents van comprovar com dins del grup organitzat hi havia un l\u00edder, que era el que rebia els enc\u00e0rrecs dels productes que s&#8217;havien de robar. La resta del grup es trobava perfectament estructurat on cada membre tenia la seua comesa assignada. Uns s&#8217;encarregaven de cometre el robatori, mentre que uns altres efectuaven labors de vigil\u00e0ncia i altres de conduir els vehicles amb la mercaderia robada.<\/p>\n\n\n\n<p class=\"wp-block-paragraph\"><strong>Modus operandi<br><\/strong>Els agents durant la investigaci\u00f3 van constatar com el grup delictiu anava modificant el seu m\u00e8tode de delinquir, encara que sempre amb uns objectius molt clars: establiments comercials o magatzems. En el moment del robatori havien de trobar-se tancats al p\u00fablic i sense personal en el seu interior per a aix\u00ed robar amb m\u00e9s tranquil\u00b7litat i evitar ser descoberts pels treballadors o propietaris.<br>Quan rebien un enc\u00e0rrec el primer que feien era seleccionar la nau, local o comer\u00e7 objectiu per a controlar la seua activitat. Una vegada era clar l&#8217;objectiu es reunien per a organitzar com farien el robatori. Despr\u00e9s, sostreien vehicles aqueix mateix dia o el dia anterior, que posteriorment utilitzarien en el robatori. Una vegada acabat i assegurada la mercaderia, la banda abandonava els vehicles sostrets despr\u00e9s de pr\u00e8viament haver esborrat les seues petjades per a no deixar rastre.<br>L&#8217;organitzaci\u00f3 accedia als establiments comercials i magatzems fracturant la porta o b\u00e9 mitjan\u00e7ant un butr\u00f3, segons el que es considerava m\u00e9s factible en les vigil\u00e0ncies pr\u00e8vies realitzades.<br>Els membres del grup per a les vigil\u00e0ncies es feien passar per transportistes, ja que vestien amb roba reflectora i empraven furgonetes per a no cridar l&#8217;atenci\u00f3 en els pol\u00edgons industrials.<br>Una vegada aconseguien accedir a la nau seleccionaven acuradament la mercaderia que els interessava, arribant a rebutjar la que no formava part de l&#8217;enc\u00e0rrec o la que els costaria m\u00e9s treball vendre posteriorment.<br>Aix\u00ed mateix, l&#8217;equip investigador va detectar com l&#8217;organitzaci\u00f3 es dedicava al cultiu de marihuana indoor i al tr\u00e0fic de drogues, principalment haixix, per\u00f2 tamb\u00e9 coca\u00efna. Per tot el control exercit sobre ella, va permetre situar dos xalets amb plantacions de marihuana que estaven connectats a la xarxa de manera fraudulenta.<br>La droga era distribu\u00efda de manera directa o a trav\u00e9s d&#8217;altres venedors, encarregant-se ells mateixos de la distribuci\u00f3 en dosis individuals per al sovintege.\u00a0L&#8217;organitzaci\u00f3 compaginava d&#8217;aquesta manera el vessant dels robatoris amb for\u00e7a amb la del tr\u00e0fic de drogues.<br>A la fi de febrer, els investigadors van realitzar 5 registres duts a terme en les localitats de B\u00e9tera, Xiva i Val\u00e8ncia. En els quals es van intervindre 2 armes de foc simulades, electrodom\u00e8stics, perfums, begudes alcoh\u00f2liques, eines emprades en els robatoris, diversos vehicles sostrets, una motocicleta, 500 plantes de marihuana, 30 grams de coca\u00efna, 250 grams d&#8217;haixix i 35.000 euros en met\u00e0l\u00b7lic.<br>Finalment, l&#8217;operaci\u00f3 va culminar amb la detenci\u00f3 d&#8217;un total de 8 persones, dels quals 5 s\u00f3n homes i 3 dones. Els detinguts tenen edats compreses entre 26 i 66 anys, i tots de nacionalitat espanyola. Se&#8217;ls imputa els delictes de robatori amb for\u00e7a, robatori de vehicle de motor, organitzaci\u00f3 criminal, encobriment, cultiu i elaboraci\u00f3 de drogues i tr\u00e0fic de drogues.<br>Entre els detinguts es troba el l\u00edder de la banda, responsable de coordinar tots els assalts.<br>D&#8217;altra banda, els investigadors han esclarit, fins al moment m\u00e9s de 40 fets delictius comesos pel grup criminal, en menys de 4 mesos a la prov\u00edncia de Val\u00e8ncia. El valor dels efectes intervinguts est\u00e0 valorat en m\u00e9s 100.000 euros aproximadament.<br>Gr\u00e0cies a aquesta operaci\u00f3 s&#8217;ha desarticulat per complet a aquest grup criminal i s&#8217;ha aconseguit detindre a tots els seus membres.<br>Les dilig\u00e8ncies han sigut entregades en el Jutjat de Primera Inst\u00e0ncia i Instrucci\u00f3 N\u00famero 2 de Sagunt.<\/p>\n\n\n\n<figure class=\"wp-block-gallery has-nested-images columns-1 is-cropped wp-block-gallery-1 is-layout-flex wp-block-gallery-is-layout-flex\">\n<figure class=\"wp-block-image size-large\"><img loading=\"lazy\" decoding=\"async\" width=\"1920\" height=\"1080\" data-id=\"183291\" src=\"http:\/\/www.tucomarca.com\/wordpress\/segunda\/wp-content\/uploads\/2023\/04\/ChivaBanda5.jpg\" alt=\"\" class=\"wp-image-183291\" srcset=\"https:\/\/tucomarca.whitekongsoftware.com\/wp-content\/uploads\/2023\/04\/ChivaBanda5.jpg 1920w, https:\/\/tucomarca.whitekongsoftware.com\/wp-content\/uploads\/2023\/04\/ChivaBanda5-300x169.jpg 300w, https:\/\/tucomarca.whitekongsoftware.com\/wp-content\/uploads\/2023\/04\/ChivaBanda5-1024x576.jpg 1024w, https:\/\/tucomarca.whitekongsoftware.com\/wp-content\/uploads\/2023\/04\/ChivaBanda5-768x432.jpg 768w, https:\/\/tucomarca.whitekongsoftware.com\/wp-content\/uploads\/2023\/04\/ChivaBanda5-1536x864.jpg 1536w, https:\/\/tucomarca.whitekongsoftware.com\/wp-content\/uploads\/2023\/04\/ChivaBanda5-678x381.jpg 678w\" sizes=\"auto, (max-width: 1920px) 100vw, 1920px\" \/><\/figure>\n\n\n\n<figure class=\"wp-block-image size-large\"><img loading=\"lazy\" decoding=\"async\" width=\"1920\" height=\"1080\" data-id=\"183289\" src=\"http:\/\/www.tucomarca.com\/wordpress\/segunda\/wp-content\/uploads\/2023\/04\/ChivaBanda4.jpg\" alt=\"\" class=\"wp-image-183289\" srcset=\"https:\/\/tucomarca.whitekongsoftware.com\/wp-content\/uploads\/2023\/04\/ChivaBanda4.jpg 1920w, https:\/\/tucomarca.whitekongsoftware.com\/wp-content\/uploads\/2023\/04\/ChivaBanda4-300x169.jpg 300w, https:\/\/tucomarca.whitekongsoftware.com\/wp-content\/uploads\/2023\/04\/ChivaBanda4-1024x576.jpg 1024w, https:\/\/tucomarca.whitekongsoftware.com\/wp-content\/uploads\/2023\/04\/ChivaBanda4-768x432.jpg 768w, https:\/\/tucomarca.whitekongsoftware.com\/wp-content\/uploads\/2023\/04\/ChivaBanda4-1536x864.jpg 1536w, https:\/\/tucomarca.whitekongsoftware.com\/wp-content\/uploads\/2023\/04\/ChivaBanda4-678x381.jpg 678w\" sizes=\"auto, (max-width: 1920px) 100vw, 1920px\" \/><\/figure>\n\n\n\n<figure class=\"wp-block-image size-large\"><img loading=\"lazy\" decoding=\"async\" width=\"1600\" height=\"908\" data-id=\"183287\" src=\"http:\/\/www.tucomarca.com\/wordpress\/segunda\/wp-content\/uploads\/2023\/04\/ChivaBanda3.jpeg\" alt=\"\" class=\"wp-image-183287\" srcset=\"https:\/\/tucomarca.whitekongsoftware.com\/wp-content\/uploads\/2023\/04\/ChivaBanda3.jpeg 1600w, https:\/\/tucomarca.whitekongsoftware.com\/wp-content\/uploads\/2023\/04\/ChivaBanda3-300x170.jpeg 300w, https:\/\/tucomarca.whitekongsoftware.com\/wp-content\/uploads\/2023\/04\/ChivaBanda3-1024x581.jpeg 1024w, https:\/\/tucomarca.whitekongsoftware.com\/wp-content\/uploads\/2023\/04\/ChivaBanda3-768x436.jpeg 768w, https:\/\/tucomarca.whitekongsoftware.com\/wp-content\/uploads\/2023\/04\/ChivaBanda3-1536x872.jpeg 1536w\" sizes=\"auto, (max-width: 1600px) 100vw, 1600px\" \/><\/figure>\n\n\n\n<figure class=\"wp-block-image size-large\"><img loading=\"lazy\" decoding=\"async\" width=\"1920\" height=\"1080\" data-id=\"183283\" src=\"http:\/\/www.tucomarca.com\/wordpress\/segunda\/wp-content\/uploads\/2023\/04\/Chivabanda1.jpg\" alt=\"\" class=\"wp-image-183283\" srcset=\"https:\/\/tucomarca.whitekongsoftware.com\/wp-content\/uploads\/2023\/04\/Chivabanda1.jpg 1920w, https:\/\/tucomarca.whitekongsoftware.com\/wp-content\/uploads\/2023\/04\/Chivabanda1-300x169.jpg 300w, https:\/\/tucomarca.whitekongsoftware.com\/wp-content\/uploads\/2023\/04\/Chivabanda1-1024x576.jpg 1024w, https:\/\/tucomarca.whitekongsoftware.com\/wp-content\/uploads\/2023\/04\/Chivabanda1-768x432.jpg 768w, https:\/\/tucomarca.whitekongsoftware.com\/wp-content\/uploads\/2023\/04\/Chivabanda1-1536x864.jpg 1536w, https:\/\/tucomarca.whitekongsoftware.com\/wp-content\/uploads\/2023\/04\/Chivabanda1-678x381.jpg 678w\" sizes=\"auto, (max-width: 1920px) 100vw, 1920px\" \/><\/figure>\n<\/figure>\n","protected":false},"excerpt":{"rendered":"<div class=\"mh-excerpt\">Els agents van poder constatar com es tractava d&#8217;una banda organitzada amb una intensa activitat delictiva, d&#8217;origen espanyol la principal activitat del qual eren assalts a establiments comercials i magatzems. Entre els detinguts es troba <a class=\"mh-excerpt-more\" href=\"https:\/\/tucomarca.whitekongsoftware.com\/ca\/huit-detinguts-en-la-desarticulacio-duna-banda-assentada-a-xiva-betera-i-valencia-especialitzada-en-robatoris-amb-forca-en-comercos-i-magatzems\/\" title=\"Huit detinguts en la desarticulaci\u00f3 d&#8217;una banda assentada a Xiva, B\u00e9tera i Val\u00e8ncia especialitzada en robatoris amb for\u00e7a en comer\u00e7os i magatzems\">[+] <\/a><\/div>\n","protected":false},"author":1,"featured_media":183286,"comment_status":"open","ping_status":"open","sticky":false,"template":"","format":"gallery","meta":{"footnotes":""},"categories":[10937,10892,10898,10948,10894,10904,10912,10896,10897,10975],"tags":[11202,10899,11195,12920,11118,10914],"class_list":["post-183295","post","type-post","status-publish","format-gallery","has-post-thumbnail","category-betera-ca","category-camp-de-turia-ca","category-ventana-ca","category-infraestructuras-ca","category-la-comarca-ca","category-sin-categorizar-ca","category-la-hoya-ca","category-seccion-ca","category-sucesos-la-comarca-ca","category-chiva-ca","tag-betera-ca","tag-camp-de-turia-ca","tag-chiva-ca","tag-detenidos-ca","tag-guardia-civil-ca","tag-la-hoya-de-bunol-chiva-ca","post_format-post-format-gallery"],"_links":{"self":[{"href":"https:\/\/tucomarca.whitekongsoftware.com\/ca\/wp-json\/wp\/v2\/posts\/183295","targetHints":{"allow":["GET"]}}],"collection":[{"href":"https:\/\/tucomarca.whitekongsoftware.com\/ca\/wp-json\/wp\/v2\/posts"}],"about":[{"href":"https:\/\/tucomarca.whitekongsoftware.com\/ca\/wp-json\/wp\/v2\/types\/post"}],"author":[{"embeddable":true,"href":"https:\/\/tucomarca.whitekongsoftware.com\/ca\/wp-json\/wp\/v2\/users\/1"}],"replies":[{"embeddable":true,"href":"https:\/\/tucomarca.whitekongsoftware.com\/ca\/wp-json\/wp\/v2\/comments?post=183295"}],"version-history":[{"count":0,"href":"https:\/\/tucomarca.whitekongsoftware.com\/ca\/wp-json\/wp\/v2\/posts\/183295\/revisions"}],"wp:featuredmedia":[{"embeddable":true,"href":"https:\/\/tucomarca.whitekongsoftware.com\/ca\/wp-json\/wp\/v2\/media\/183286"}],"wp:attachment":[{"href":"https:\/\/tucomarca.whitekongsoftware.com\/ca\/wp-json\/wp\/v2\/media?parent=183295"}],"wp:term":[{"taxonomy":"category","embeddable":true,"href":"https:\/\/tucomarca.whitekongsoftware.com\/ca\/wp-json\/wp\/v2\/categories?post=183295"},{"taxonomy":"post_tag","embeddable":true,"href":"https:\/\/tucomarca.whitekongsoftware.com\/ca\/wp-json\/wp\/v2\/tags?post=183295"}],"curies":[{"name":"wp","href":"https:\/\/api.w.org\/{rel}","templated":true}]}}