{"id":183245,"date":"2023-04-13T12:12:00","date_gmt":"2023-04-13T11:12:00","guid":{"rendered":"https:\/\/www.tucomarca.com\/wordpress\/segunda\/?p=183245"},"modified":"2023-04-13T13:31:00","modified_gmt":"2023-04-13T12:31:00","slug":"la-guardia-civil-investiga-a-un-conductor-per-dos-delictes-contra-la-seguretat-viaria-en-irrompre-en-un-festeig-processional-de-setmana-santa-a-tous","status":"publish","type":"post","link":"https:\/\/tucomarca.whitekongsoftware.com\/ca\/la-guardia-civil-investiga-a-un-conductor-per-dos-delictes-contra-la-seguretat-viaria-en-irrompre-en-un-festeig-processional-de-setmana-santa-a-tous\/","title":{"rendered":"La Gu\u00e0rdia Civil investiga a un conductor per dos delictes contra la seguretat vi\u00e0ria en irrompre en un festeig processional de Setmana Santa a Tous"},"content":{"rendered":"\n<h3 class=\"wp-block-heading\"><strong>El conductor presentava s\u00edmptomes de conduir sota els efectes de begudes alcoh\u00f2liques.<\/strong><\/h3>\n\n\n\n<h3 class=\"wp-block-heading\"><strong>Se l&#8217;acusa tamb\u00e9 de posar en risc a les persones que participaven en la Santa Trobada.\u00a0<\/strong><\/h3>\n\n\n\n<p class=\"wp-block-paragraph\">Diumenge passat, 9 d&#8217;abril, sobre les 12.00 hores, la central COTA del Subsector de Tr\u00e0nsit de la Gu\u00e0rdia Civil de Val\u00e8ncia, va rebre anomenada de sol\u00b7licitud de suport del personal de policia local de la localitat de Tous, alertant que un vehicle havia accedit a l&#8217;itinerari del festeig processional de la Santa Trobada, provocant perill per als ciutadans que participaven en la citada process\u00f3 ja que el seu conductor podria trobar-se begut.<br>Personada poc despr\u00e9s la patrulla en el lloc, comprova els fets, observant com el conductor, un home de 72 anys d&#8217;edat, mostra s\u00edmptomes evidents de trobar-se sota els efectes de begudes alcoh\u00f2liques, llan\u00e7ant taxa positiva en les proves d&#8217;alcohol\u00e8mia, duplicant la taxa permesa.<br>De les declaracions obtingudes en el lloc del fet, es conclou que havia produ\u00eft un perill concret per a la integritat f\u00edsica de diverses persones que participaven en el festeig processional.\u00a0<br>El conductor va irrompre en l&#8217;itinerari del festeig processional, sent un guarda rural i un regidor que es trobaven en aquest, els qui van impedir en un primer moment, que el conductor arribara a provocar lesions en les persones.<\/p>\n\n\n\n<p class=\"wp-block-paragraph\">Per tot l&#8217;anterior, efectius del Destacament de Tr\u00e0nsit d&#8217;Alzira van procedir a investigar al conductor per dos delictes contra la seguretat vi\u00e0ria en conduir de forma manifestament temer\u00e0ria i fer-ho sota els efectes de begudes alcoh\u00f2liques, remetent les dilig\u00e8ncies al Jutjat de Gu\u00e0rdia dels d&#8217;Alzira. Aquests delictes poden comportar penes de fins a dos anys de pres\u00f3, multa de fins a dotze mesos, treballs en benefici de la comunitat per un m\u00e0xim de 90 dies, i en tot cas, privaci\u00f3 del dret a conduir que pot arribar fins als sis anys.<br>Aix\u00ed mateix, a conseq\u00fc\u00e8ncia de la investigaci\u00f3 dels fets, s&#8217;ha proposat a aquest conductor per a un reconeixement extraordinari de l&#8217;autoritzaci\u00f3 administrativa per a conduir, a aquest efecte de verificar les seues condicions psicof\u00edsiques, per a poder-lo fer amb seguretat.<\/p>\n","protected":false},"excerpt":{"rendered":"<div class=\"mh-excerpt\">El conductor presentava s\u00edmptomes de conduir sota els efectes de begudes alcoh\u00f2liques. Se l&#8217;acusa tamb\u00e9 de posar en risc a les persones que participaven en la Santa Trobada.\u00a0 Diumenge passat, 9 d&#8217;abril, sobre les 12.00 <a class=\"mh-excerpt-more\" href=\"https:\/\/tucomarca.whitekongsoftware.com\/ca\/la-guardia-civil-investiga-a-un-conductor-per-dos-delictes-contra-la-seguretat-viaria-en-irrompre-en-un-festeig-processional-de-setmana-santa-a-tous\/\" title=\"La Gu\u00e0rdia Civil investiga a un conductor per dos delictes contra la seguretat vi\u00e0ria en irrompre en un festeig processional de Setmana Santa a Tous\">[+] <\/a><\/div>\n","protected":false},"author":1,"featured_media":183243,"comment_status":"open","ping_status":"open","sticky":false,"template":"","format":"standard","meta":{"footnotes":""},"categories":[10898,10948,10894,10904,10902,10896,10897,11048],"tags":[11118,11077,13756],"class_list":["post-183245","post","type-post","status-publish","format-standard","has-post-thumbnail","category-ventana-ca","category-infraestructuras-ca","category-la-comarca-ca","category-sin-categorizar-ca","category-la-ribera-ca","category-seccion-ca","category-sucesos-la-comarca-ca","category-tous-ca","tag-guardia-civil-ca","tag-la-ribera-alta-ca","tag-tous-ca"],"_links":{"self":[{"href":"https:\/\/tucomarca.whitekongsoftware.com\/ca\/wp-json\/wp\/v2\/posts\/183245","targetHints":{"allow":["GET"]}}],"collection":[{"href":"https:\/\/tucomarca.whitekongsoftware.com\/ca\/wp-json\/wp\/v2\/posts"}],"about":[{"href":"https:\/\/tucomarca.whitekongsoftware.com\/ca\/wp-json\/wp\/v2\/types\/post"}],"author":[{"embeddable":true,"href":"https:\/\/tucomarca.whitekongsoftware.com\/ca\/wp-json\/wp\/v2\/users\/1"}],"replies":[{"embeddable":true,"href":"https:\/\/tucomarca.whitekongsoftware.com\/ca\/wp-json\/wp\/v2\/comments?post=183245"}],"version-history":[{"count":0,"href":"https:\/\/tucomarca.whitekongsoftware.com\/ca\/wp-json\/wp\/v2\/posts\/183245\/revisions"}],"wp:featuredmedia":[{"embeddable":true,"href":"https:\/\/tucomarca.whitekongsoftware.com\/ca\/wp-json\/wp\/v2\/media\/183243"}],"wp:attachment":[{"href":"https:\/\/tucomarca.whitekongsoftware.com\/ca\/wp-json\/wp\/v2\/media?parent=183245"}],"wp:term":[{"taxonomy":"category","embeddable":true,"href":"https:\/\/tucomarca.whitekongsoftware.com\/ca\/wp-json\/wp\/v2\/categories?post=183245"},{"taxonomy":"post_tag","embeddable":true,"href":"https:\/\/tucomarca.whitekongsoftware.com\/ca\/wp-json\/wp\/v2\/tags?post=183245"}],"curies":[{"name":"wp","href":"https:\/\/api.w.org\/{rel}","templated":true}]}}