{"id":183173,"date":"2023-04-12T13:45:00","date_gmt":"2023-04-12T12:45:00","guid":{"rendered":"https:\/\/www.tucomarca.com\/wordpress\/segunda\/?p=183173"},"modified":"2023-04-12T13:56:02","modified_gmt":"2023-04-12T12:56:02","slug":"la-pluja-caiguda-al-marc-a-requena-utiel-ha-sigut-un-90-inferior-a-la-normal","status":"publish","type":"post","link":"https:\/\/tucomarca.whitekongsoftware.com\/ca\/la-pluja-caiguda-al-marc-a-requena-utiel-ha-sigut-un-90-inferior-a-la-normal\/","title":{"rendered":"La pluja caiguda al mar\u00e7 a Requena-Utiel ha sigut un 90% inferior a la normal"},"content":{"rendered":"\n<p class=\"wp-block-paragraph\">Segons un ampli informe de Fernando C\u00e1rcel, administrador de la p\u00e0gina agr\u00edcola i meteorol\u00f2gica Meteo Requena Agricultura, mar\u00e7 de 2023 ha sigut el segon m\u00e9s c\u00e0lid a nivell mundial des que es tenen registres.<br>A la Comunitat Valenciana, la temperatura mitjana de mar\u00e7 va ser de 13.6 \u00b0C, que \u00e9s 2.3 \u00b0C m\u00e9s alta que la mitjana de la climatologia de refer\u00e8ncia.\u00a0<br>A Utiel-Requena la temperatura mitjana per a un mes de mar\u00e7 en termes generals \u00e9s de 10 \u00b0C (segons zones). Mirant dades d&#8217;estacions situades a la comarca, la temperatura mitjana de Requena o Utiel va estar en uns 12\u00b0, lleugerament per damunt del normal.\u00a0<br>La precipitaci\u00f3 mitjana acumulada a la Comunitat Valenciana de mar\u00e7 ha sigut 2.3 l\/m\u00b2, que \u00e9s un 95% inferior a la de la mitjana clim\u00e0tica normal.<br>Segons indica l&#8217;Ag\u00e8ncia Estatal de Meteorologia, no hi ha precedents d&#8217;un mes de mar\u00e7 tan sec des d&#8217;almenys 1950 i contrasta amb mar\u00e7 de l&#8217;any passat, que va ser extremadament humit. \u00c9s a dir, en dos anys consecutius s&#8217;han registrat els dos extrems, sec i humit. El passat va ser el m\u00e9s pluj\u00f3s de la hist\u00f2ria en dades clim\u00e0tiques i enguany ha sigut el m\u00e9s sec des que hi ha registres.<br>A Utiel-Requena la precipitaci\u00f3 per a un mes de mar\u00e7 en valors climatol\u00f2gics normals est\u00e0 entre 20 i 30 litres en la majoria del territori i entre 30 i 50 en zones del nord i est de la comarca. Perqu\u00e8 la precipitaci\u00f3 aquest mes passat ha sigut en el seu conjunt de tan sols 3 litres per metre quadrat. Un 90% menys del que hauria de caure ac\u00ed en la zona, conclou Fernando C\u00e1rcel. Informa, <strong>Luis Ib\u00e1\u00f1ez<\/strong>.<\/p>\n","protected":false},"excerpt":{"rendered":"<div class=\"mh-excerpt\">Segons un ampli informe de Fernando C\u00e1rcel, administrador de la p\u00e0gina agr\u00edcola i meteorol\u00f2gica Meteo Requena Agricultura, mar\u00e7 de 2023 ha sigut el segon m\u00e9s c\u00e0lid a nivell mundial des que es tenen registres.A la <a class=\"mh-excerpt-more\" href=\"https:\/\/tucomarca.whitekongsoftware.com\/ca\/la-pluja-caiguda-al-marc-a-requena-utiel-ha-sigut-un-90-inferior-a-la-normal\/\" title=\"La pluja caiguda al mar\u00e7 a Requena-Utiel ha sigut un 90% inferior a la normal\">[+] <\/a><\/div>\n","protected":false},"author":1,"featured_media":158344,"comment_status":"open","ping_status":"open","sticky":false,"template":"","format":"standard","meta":{"footnotes":""},"categories":[10905,11985,10898,10948,10894,10904,10903,10909,10896],"tags":[13436,10910],"class_list":["post-183173","post","type-post","status-publish","format-standard","has-post-thumbnail","category-agricultura-la-comarca-ca","category-el-tiempo-ca","category-ventana-ca","category-infraestructuras-ca","category-la-comarca-ca","category-sin-categorizar-ca","category-medio-ambiente-la-comarca-ca","category-requena-utiel-ca","category-seccion-ca","tag-lluvia-ca","tag-requena-utiel-ca"],"_links":{"self":[{"href":"https:\/\/tucomarca.whitekongsoftware.com\/ca\/wp-json\/wp\/v2\/posts\/183173","targetHints":{"allow":["GET"]}}],"collection":[{"href":"https:\/\/tucomarca.whitekongsoftware.com\/ca\/wp-json\/wp\/v2\/posts"}],"about":[{"href":"https:\/\/tucomarca.whitekongsoftware.com\/ca\/wp-json\/wp\/v2\/types\/post"}],"author":[{"embeddable":true,"href":"https:\/\/tucomarca.whitekongsoftware.com\/ca\/wp-json\/wp\/v2\/users\/1"}],"replies":[{"embeddable":true,"href":"https:\/\/tucomarca.whitekongsoftware.com\/ca\/wp-json\/wp\/v2\/comments?post=183173"}],"version-history":[{"count":0,"href":"https:\/\/tucomarca.whitekongsoftware.com\/ca\/wp-json\/wp\/v2\/posts\/183173\/revisions"}],"wp:featuredmedia":[{"embeddable":true,"href":"https:\/\/tucomarca.whitekongsoftware.com\/ca\/wp-json\/wp\/v2\/media\/158344"}],"wp:attachment":[{"href":"https:\/\/tucomarca.whitekongsoftware.com\/ca\/wp-json\/wp\/v2\/media?parent=183173"}],"wp:term":[{"taxonomy":"category","embeddable":true,"href":"https:\/\/tucomarca.whitekongsoftware.com\/ca\/wp-json\/wp\/v2\/categories?post=183173"},{"taxonomy":"post_tag","embeddable":true,"href":"https:\/\/tucomarca.whitekongsoftware.com\/ca\/wp-json\/wp\/v2\/tags?post=183173"}],"curies":[{"name":"wp","href":"https:\/\/api.w.org\/{rel}","templated":true}]}}