{"id":183021,"date":"2023-04-11T09:00:00","date_gmt":"2023-04-11T08:00:00","guid":{"rendered":"https:\/\/www.tucomarca.com\/wordpress\/segunda\/?p=183021"},"modified":"2023-04-11T12:56:30","modified_gmt":"2023-04-11T11:56:30","slug":"un-agent-de-la-guardia-civil-de-transit-perd-la-vida-en-un-accident-en-acte-de-servei-en-la-cv-415-del-terme-de-turis","status":"publish","type":"post","link":"https:\/\/tucomarca.whitekongsoftware.com\/ca\/un-agent-de-la-guardia-civil-de-transit-perd-la-vida-en-un-accident-en-acte-de-servei-en-la-cv-415-del-terme-de-turis\/","title":{"rendered":"Un agent de la Gu\u00e0rdia Civil de Tr\u00e0nsit perd la vida en un accident en acte de servei en la CV-415 del terme de Tur\u00eds"},"content":{"rendered":"\n<p class=\"wp-block-paragraph\">El Gu\u00e0rdia Civil Francisco Ram\u00f3n Montes F\u00e9lix, de 53 anys d&#8217;edat i pertanyent al Destacament A del Subsector de Tr\u00e0nsit de Val\u00e8ncia, ha mort en acte de servei aquest dilluns al mat\u00ed en patir una col\u00b7lisi\u00f3 amb un altre vehicle. Els fets han ocorregut sobre les 11,15 hores en la carretera CV-415 del terme municipal de Tur\u00eds, tal com han informat fonts de la Comand\u00e0ncia de la Gu\u00e0rdia Civil de Val\u00e8ncia, des d&#8217;on han avan\u00e7at que s&#8217;estan investigant les causes de l&#8217;accident i que el conductor del turisme ha donat negatiu en alcohol.<\/p>\n\n\n\n<p class=\"wp-block-paragraph\">La tr\u00e0gica defunci\u00f3 de l&#8217;agent ha causat un gran dolor a familiars, amics i companys; i han sigut moltes m\u00e9s les persones que han volgut transmetre tamb\u00e9 les seues condolences a trav\u00e9s de les xarxes socials en donar-se a con\u00e9ixer a trav\u00e9s d&#8217;aquestes la desgraciada not\u00edcia.\u00a0<\/p>\n\n\n\n<p class=\"wp-block-paragraph\">Des de la Comand\u00e0ncia de la Gu\u00e0rdia Civil de Val\u00e8ncia han informat que la capella ardent s&#8217;ha instal\u00b7lat a la Sala de Banderes de la Sisena Zona de la Gu\u00e0rdia Civil de Val\u00e8ncia des de les 13,00 hores d&#8217;aquest dimarts. Aquest aquarterament est\u00e0 situat al carrer Tirig, 1 de Val\u00e8ncia.<\/p>\n\n\n\n<p class=\"wp-block-paragraph\">A m\u00e9s, la missa se celebrar\u00e0 a l&#8217;Esgl\u00e9sia de Santo Domingo a les 18,15 hores, en la Capitania General de Val\u00e8ncia, la direcci\u00f3 de la qual \u00e9s la Pla\u00e7a Tetuan, 22 de Val\u00e8ncia.<\/p>\n","protected":false},"excerpt":{"rendered":"<div class=\"mh-excerpt\">El Gu\u00e0rdia Civil Francisco Ram\u00f3n Montes F\u00e9lix, de 53 anys d&#8217;edat i pertanyent al Destacament A del Subsector de Tr\u00e0nsit de Val\u00e8ncia, ha mort en acte de servei aquest dilluns al mat\u00ed en patir una <a class=\"mh-excerpt-more\" href=\"https:\/\/tucomarca.whitekongsoftware.com\/ca\/un-agent-de-la-guardia-civil-de-transit-perd-la-vida-en-un-accident-en-acte-de-servei-en-la-cv-415-del-terme-de-turis\/\" title=\"Un agent de la Gu\u00e0rdia Civil de Tr\u00e0nsit perd la vida en un accident en acte de servei en la CV-415 del terme de Tur\u00eds\">[+] <\/a><\/div>\n","protected":false},"author":1,"featured_media":106879,"comment_status":"open","ping_status":"open","sticky":false,"template":"","format":"standard","meta":{"footnotes":""},"categories":[10898,10894,10904,10902,10896,10897,11047],"tags":[12448,11118,11093],"class_list":["post-183021","post","type-post","status-publish","format-standard","has-post-thumbnail","category-ventana-ca","category-la-comarca-ca","category-sin-categorizar-ca","category-la-ribera-ca","category-seccion-ca","category-sucesos-la-comarca-ca","category-turis-ca","tag-accidente-ca","tag-guardia-civil-ca","tag-turis-ca"],"_links":{"self":[{"href":"https:\/\/tucomarca.whitekongsoftware.com\/ca\/wp-json\/wp\/v2\/posts\/183021","targetHints":{"allow":["GET"]}}],"collection":[{"href":"https:\/\/tucomarca.whitekongsoftware.com\/ca\/wp-json\/wp\/v2\/posts"}],"about":[{"href":"https:\/\/tucomarca.whitekongsoftware.com\/ca\/wp-json\/wp\/v2\/types\/post"}],"author":[{"embeddable":true,"href":"https:\/\/tucomarca.whitekongsoftware.com\/ca\/wp-json\/wp\/v2\/users\/1"}],"replies":[{"embeddable":true,"href":"https:\/\/tucomarca.whitekongsoftware.com\/ca\/wp-json\/wp\/v2\/comments?post=183021"}],"version-history":[{"count":0,"href":"https:\/\/tucomarca.whitekongsoftware.com\/ca\/wp-json\/wp\/v2\/posts\/183021\/revisions"}],"wp:featuredmedia":[{"embeddable":true,"href":"https:\/\/tucomarca.whitekongsoftware.com\/ca\/wp-json\/wp\/v2\/media\/106879"}],"wp:attachment":[{"href":"https:\/\/tucomarca.whitekongsoftware.com\/ca\/wp-json\/wp\/v2\/media?parent=183021"}],"wp:term":[{"taxonomy":"category","embeddable":true,"href":"https:\/\/tucomarca.whitekongsoftware.com\/ca\/wp-json\/wp\/v2\/categories?post=183021"},{"taxonomy":"post_tag","embeddable":true,"href":"https:\/\/tucomarca.whitekongsoftware.com\/ca\/wp-json\/wp\/v2\/tags?post=183021"}],"curies":[{"name":"wp","href":"https:\/\/api.w.org\/{rel}","templated":true}]}}