{"id":182938,"date":"2023-04-07T12:12:00","date_gmt":"2023-04-07T11:12:00","guid":{"rendered":"https:\/\/www.tucomarca.com\/wordpress\/segunda\/?p=182938"},"modified":"2023-04-08T10:28:24","modified_gmt":"2023-04-08T09:28:24","slug":"ava-asaja-obri-el-termini-per-a-tramitar-les-ajudes-de-la-pac","status":"publish","type":"post","link":"https:\/\/tucomarca.whitekongsoftware.com\/ca\/ava-asaja-obri-el-termini-per-a-tramitar-les-ajudes-de-la-pac\/","title":{"rendered":"AVA-Asaja obri el termini per a tramitar les ajudes de la PAC\u00a0"},"content":{"rendered":"\n<p class=\"wp-block-paragraph\">Des de AVA-Asaja recorden que &#8220;ens trobem en el per\u00edode per a tramitar les ajudes de la PAC. El termini per a tramitar la sol\u00b7licitud del pagament \u00fanic finalitza el pr\u00f2xim 31 de maig&#8221;.<br>&#8220;Si encara no has tramitat les teues ajudes de la PAC pots sol\u00b7licitar cita pr\u00e8via enviant un correu electr\u00f2nic a departament_tecnico@avaasaja.org o telefonant al 96 380 46 06&#8221; informen des de l&#8217;organitzaci\u00f3 agr\u00e0ria. Informa, <strong>Luis Ib\u00e1\u00f1ez.<\/strong><\/p>\n\n\n\n<p class=\"wp-block-paragraph\"><\/p>\n","protected":false},"excerpt":{"rendered":"<div class=\"mh-excerpt\">Des de AVA-Asaja recorden que &#8220;ens trobem en el per\u00edode per a tramitar les ajudes de la PAC. El termini per a tramitar la sol\u00b7licitud del pagament \u00fanic finalitza el pr\u00f2xim 31 de maig&#8221;.&#8220;Si encara <a class=\"mh-excerpt-more\" href=\"https:\/\/tucomarca.whitekongsoftware.com\/ca\/ava-asaja-obri-el-termini-per-a-tramitar-les-ajudes-de-la-pac\/\" title=\"AVA-Asaja obri el termini per a tramitar les ajudes de la PAC\u00a0\">[+] <\/a><\/div>\n","protected":false},"author":12,"featured_media":182936,"comment_status":"open","ping_status":"open","sticky":false,"template":"","format":"standard","meta":{"footnotes":""},"categories":[11019,10905,10948,10894,10947,10909,10896],"tags":[11924,10910],"class_list":["post-182938","post","type-post","status-publish","format-standard","has-post-thumbnail","category-agenda-ca","category-agricultura-la-comarca-ca","category-infraestructuras-ca","category-la-comarca-ca","category-politica","category-requena-utiel-ca","category-seccion-ca","tag-ava-asaja-ca","tag-requena-utiel-ca"],"_links":{"self":[{"href":"https:\/\/tucomarca.whitekongsoftware.com\/ca\/wp-json\/wp\/v2\/posts\/182938","targetHints":{"allow":["GET"]}}],"collection":[{"href":"https:\/\/tucomarca.whitekongsoftware.com\/ca\/wp-json\/wp\/v2\/posts"}],"about":[{"href":"https:\/\/tucomarca.whitekongsoftware.com\/ca\/wp-json\/wp\/v2\/types\/post"}],"author":[{"embeddable":true,"href":"https:\/\/tucomarca.whitekongsoftware.com\/ca\/wp-json\/wp\/v2\/users\/12"}],"replies":[{"embeddable":true,"href":"https:\/\/tucomarca.whitekongsoftware.com\/ca\/wp-json\/wp\/v2\/comments?post=182938"}],"version-history":[{"count":0,"href":"https:\/\/tucomarca.whitekongsoftware.com\/ca\/wp-json\/wp\/v2\/posts\/182938\/revisions"}],"wp:featuredmedia":[{"embeddable":true,"href":"https:\/\/tucomarca.whitekongsoftware.com\/ca\/wp-json\/wp\/v2\/media\/182936"}],"wp:attachment":[{"href":"https:\/\/tucomarca.whitekongsoftware.com\/ca\/wp-json\/wp\/v2\/media?parent=182938"}],"wp:term":[{"taxonomy":"category","embeddable":true,"href":"https:\/\/tucomarca.whitekongsoftware.com\/ca\/wp-json\/wp\/v2\/categories?post=182938"},{"taxonomy":"post_tag","embeddable":true,"href":"https:\/\/tucomarca.whitekongsoftware.com\/ca\/wp-json\/wp\/v2\/tags?post=182938"}],"curies":[{"name":"wp","href":"https:\/\/api.w.org\/{rel}","templated":true}]}}