{"id":182930,"date":"2023-04-06T12:00:00","date_gmt":"2023-04-06T11:00:00","guid":{"rendered":"https:\/\/www.tucomarca.com\/wordpress\/segunda\/?p=182930"},"modified":"2023-04-08T10:10:01","modified_gmt":"2023-04-08T09:10:01","slug":"psoe-bunyol-apostem-per-millorar-i-garantir-el-futur-del-nostre-patrimoni-musical","status":"publish","type":"post","link":"https:\/\/tucomarca.whitekongsoftware.com\/ca\/psoe-bunyol-apostem-per-millorar-i-garantir-el-futur-del-nostre-patrimoni-musical\/","title":{"rendered":"PSOE Bunyol: &#8220;Apostem per millorar i garantir el futur del nostre patrimoni musical&#8221;\u00a0"},"content":{"rendered":"\n<h4 class=\"wp-block-heading\">El Partit Socialista de Bunyol s&#8217;ha reunit amb els representants de les societats musicals; CIM L&#8217;Harm\u00f2nica i SM L&#8217;Art\u00edstica.&nbsp;<\/h4>\n\n\n\n<p class=\"wp-block-paragraph\">&#8220;Un dels reptes m\u00e9s importants que tenim els Socialistes de Bunyol, \u00e9s apostar per implementar totes les iniciatives possibles per als nostres joves, entre elles una de les m\u00e9s importants \u00e9s impulsar l&#8217;acc\u00e9s als estudis musicals mitjans i superiors&#8221;, segons han manifestat des del PSPV-PSOE de la localitat.\u00a0<br>&#8220;Durant els \u00faltim anys -per diversos motius- s&#8217;est\u00e0 perdent la natural i tradicional renovaci\u00f3 de les plantilles de m\u00fasics de les nostres societats musicals, alguna cosa que en el futur podria ser perjudicial per a les agrupacions musicals tal com les coneixem hui dia, han afegit.\u00a0<br>&#8220;Estem conven\u00e7uts que hem de facilitar als joves la conciliaci\u00f3 dels estudis d&#8217;Educaci\u00f3 Secund\u00e0ria Obligat\u00f2ria i el batxillerat amb els de grau mig musical que abasten dels 12 a 18 anys. Hem de facilitar que les nostres societats musicals puguen participar en aqueixos estudis oficials impartint les assignatures de banda i orquestra en la mateixa societat. \u00c9s un contrasentit i a m\u00e9s una c\u00e0rrega excessiva d&#8217;hores lectives que, si els alumnes participen amb regularitat i aprofitament en la banda juvenil, banda simf\u00f2nica, orquestra, cor o altres conjunts de la seua societat, despr\u00e9s hagen de fer un treball igual en les esmentades assignatures en el conservatori&#8221;.\u00a0<br>&#8220;A causa de l&#8217;exig\u00e8ncia que suposa compaginar els estudis musicals i generals, molts joves es veuen obligats a renunciar a continuar en les seues agrupacions musicals i optar pels estudis generals.\u00a0<br>L&#8217;aposta del Partit Socialista de Bunyol \u00e9s reeditar de nou el projecte \u201cCORXERA\u201d que va suposar facilitar l&#8217;acc\u00e9s a la formaci\u00f3 musical a tot l&#8217;alumnat per a contribuir a la consecuci\u00f3 de l&#8217;\u00e8xit acad\u00e8mic, beneficiant-se aix\u00ed de les millores en les capacitats cognitives socials que es deriven de la pr\u00e0ctica musical&#8221;.\u00a0<br>&#8220;L&#8217;aportaci\u00f3 econ\u00f2mica de l&#8217;Ajuntament de Bunyol a les societats musicals \u00e9s reconeguda i posada en valor, perqu\u00e8 amb ella es genera una certitud pressupost\u00e0ria per a fer front als reptes anuals de les nostres societats. I un dels principals \u00e9s el d&#8217;oferir una formaci\u00f3 musical pensada en la futura excel\u00b7l\u00e8ncia dels nostres m\u00fasics i facilitar l&#8217;acc\u00e9s de tot aquell que vulga a aquesta. Es tracta de crear sinergies que faciliten el dur cam\u00ed que suposa compaginar els estudis generals amb els musicals&#8221;.\u00a0<br>&#8220;En data de hui tenim pendent la renovaci\u00f3 de Conveni entre l&#8217;Ajuntament i les societats musicals, aquest moment suposar\u00e0 una oportunitat per a la revisi\u00f3 de les contraprestacions per totes les parts, cal abordar aquestes necessitats educatives i de formaci\u00f3, veure noves possibilitats i actualitzacions de la programaci\u00f3 anual concertada amb l&#8217;ajuntament contemplant la variada oferta que poden oferir les societats musicals i les seues diferents seccions musicals&#8221;.\u00a0<br>&#8220;Els socialistes tamb\u00e9 ens comprometem amb la posada en valor dels edificis de totes dues societats. Hem de bolcar-nos per a resoldre tots els aspectes legals que garantisquen el perfecte funcionament de les seues instal\u00b7lacions. A m\u00e9s creiem necessari millorar l&#8217;entorn urb\u00e0 d&#8217;aquests espais, convertir-los en zona de vianants i embellir-los com a mostra de l&#8217;arquitectura social del nostre poble.\u00a0Volem dur a terme una programaci\u00f3 cultural basada en l&#8217;aprofitament de l&#8217;\u00e0mplia oferta que les nostres societats poden oferir i programar una s\u00e8rie d&#8217;activitats que puguen ser gaudides pel major nombre possible de persones&#8221;.\u00a0<br>&#8220;Els Socialistes de Bunyol ens comprometem a revisar i renovar en el que fora necessari la ja longeva Biennal de M\u00fasica. Tamb\u00e9 volem continuar oferint i promocionant el nostre poble i la seua infraestructura musical per a la realitzaci\u00f3 de congressos i esdeveniments musicals internacionals. Finalment, per a seguir amb la idea de situar Bunyol en la primera l\u00ednia musical mundial, proposarem la celebraci\u00f3 peri\u00f2dica d&#8217;un concurs de composici\u00f3, que en cada edici\u00f3 puga ser per a banda, orquestra, cor o agrupacions cambr\u00edstiques. I a m\u00e9s, la celebraci\u00f3 d&#8217;un concurs d&#8217;interpretaci\u00f3, que segons l&#8217;edici\u00f3 puga estar dirigit a una mena de formaci\u00f3 musical concret&#8221;, han finalitzat.<\/p>\n\n\n\n<p class=\"wp-block-paragraph\"><\/p>\n","protected":false},"excerpt":{"rendered":"<div class=\"mh-excerpt\">El Partit Socialista de Bunyol s&#8217;ha reunit amb els representants de les societats musicals; CIM L&#8217;Harm\u00f2nica i SM L&#8217;Art\u00edstica.&nbsp; &#8220;Un dels reptes m\u00e9s importants que tenim els Socialistes de Bunyol, \u00e9s apostar per implementar totes <a class=\"mh-excerpt-more\" href=\"https:\/\/tucomarca.whitekongsoftware.com\/ca\/psoe-bunyol-apostem-per-millorar-i-garantir-el-futur-del-nostre-patrimoni-musical\/\" title=\"PSOE Bunyol: &#8220;Apostem per millorar i garantir el futur del nostre patrimoni musical&#8221;\u00a0\">[+] <\/a><\/div>\n","protected":false},"author":12,"featured_media":169925,"comment_status":"open","ping_status":"open","sticky":false,"template":"","format":"standard","meta":{"footnotes":""},"categories":[10911,10948,10894,10912,10947,10896],"tags":[10913,10914,11381],"class_list":["post-182930","post","type-post","status-publish","format-standard","has-post-thumbnail","category-bunol-ca","category-infraestructuras-ca","category-la-comarca-ca","category-la-hoya-ca","category-politica","category-seccion-ca","tag-bunol-ca","tag-la-hoya-de-bunol-chiva-ca","tag-pspv-psoe-bunol-ca"],"_links":{"self":[{"href":"https:\/\/tucomarca.whitekongsoftware.com\/ca\/wp-json\/wp\/v2\/posts\/182930","targetHints":{"allow":["GET"]}}],"collection":[{"href":"https:\/\/tucomarca.whitekongsoftware.com\/ca\/wp-json\/wp\/v2\/posts"}],"about":[{"href":"https:\/\/tucomarca.whitekongsoftware.com\/ca\/wp-json\/wp\/v2\/types\/post"}],"author":[{"embeddable":true,"href":"https:\/\/tucomarca.whitekongsoftware.com\/ca\/wp-json\/wp\/v2\/users\/12"}],"replies":[{"embeddable":true,"href":"https:\/\/tucomarca.whitekongsoftware.com\/ca\/wp-json\/wp\/v2\/comments?post=182930"}],"version-history":[{"count":0,"href":"https:\/\/tucomarca.whitekongsoftware.com\/ca\/wp-json\/wp\/v2\/posts\/182930\/revisions"}],"wp:featuredmedia":[{"embeddable":true,"href":"https:\/\/tucomarca.whitekongsoftware.com\/ca\/wp-json\/wp\/v2\/media\/169925"}],"wp:attachment":[{"href":"https:\/\/tucomarca.whitekongsoftware.com\/ca\/wp-json\/wp\/v2\/media?parent=182930"}],"wp:term":[{"taxonomy":"category","embeddable":true,"href":"https:\/\/tucomarca.whitekongsoftware.com\/ca\/wp-json\/wp\/v2\/categories?post=182930"},{"taxonomy":"post_tag","embeddable":true,"href":"https:\/\/tucomarca.whitekongsoftware.com\/ca\/wp-json\/wp\/v2\/tags?post=182930"}],"curies":[{"name":"wp","href":"https:\/\/api.w.org\/{rel}","templated":true}]}}