{"id":182925,"date":"2023-04-07T12:00:00","date_gmt":"2023-04-07T11:00:00","guid":{"rendered":"https:\/\/www.tucomarca.com\/wordpress\/segunda\/?p=182925"},"modified":"2023-04-08T10:19:17","modified_gmt":"2023-04-08T09:19:17","slug":"les-pistes-de-tennis-i-padel-de-bunyol-es-reservaran-per-app-a-partir-del-2-de-maig","status":"publish","type":"post","link":"https:\/\/tucomarca.whitekongsoftware.com\/ca\/les-pistes-de-tennis-i-padel-de-bunyol-es-reservaran-per-app-a-partir-del-2-de-maig\/","title":{"rendered":"Les pistes de tennis i p\u00e0del de Bunyol es reservaran per APP a partir del 2 de maig"},"content":{"rendered":"\n<h4 class=\"wp-block-heading\">Tots els usuaris podran accedir a aquesta aplicaci\u00f3 des de la web de l&#8217;Ajuntament de Bunyol, des de la pr\u00f2pia adre\u00e7a web de cita pr\u00e8via del Consistori o des de l&#8217;App Ajuntaments, seleccionant el municipi de Bunyol.&nbsp;<\/h4>\n\n\n\n<p class=\"wp-block-paragraph\">Des de la Regidoria de Mitjans de comunicaci\u00f3 i Esports de l&#8217;Ajuntament de Bunyol informen que en la nova aplicaci\u00f3 m\u00f2bil del consistori es podr\u00e0, a partir del 2 de maig, reservar pistes de tennis i p\u00e0del. De manera r\u00e0pida, \u00e0gil i segura i complint amb una reclamaci\u00f3 ciutadana, Manuel Sierra, edil d&#8217;Esports, confirma que d&#8217;aquesta manera tot estar\u00e0 m\u00e9s controlat.&nbsp;<\/p>\n\n\n\n<p class=\"wp-block-paragraph\">L&#8217;acc\u00e9s a l&#8217;aplicaci\u00f3 de cita pr\u00e8via de l&#8217;Ajuntament de Bunyol es pot realitzar de diferents formes:<\/p>\n\n\n\n<ol class=\"wp-block-list\"><li>Des de la web www.bu\u00f1ol.es<\/li><li>Des de la pr\u00f2pia adre\u00e7a web de cita pr\u00e8via:&nbsp; https:\/\/citaprevia.bu\u00f1ol.es\/<\/li><li>Des de l&#8217;app Ajuntaments, seleccionant el municipi Bunyol.<\/li><\/ol>\n\n\n\n<p class=\"wp-block-paragraph\">Per a sol\u00b7licitar l&#8217;\u00fas de la resta de pistes i instal\u00b7lacions esportives se seguir\u00e0 el mateix procediment, tant de manera telef\u00f2nica com presencial, com es fa ara.&nbsp;<\/p>\n\n\n\n<p class=\"wp-block-paragraph\">Aquesta APP pot descarregar-se de la Play Store dels tel\u00e8fons m\u00f2bils o b\u00e9 accedir a trav\u00e9s de la web de l&#8217;Ajuntament de Bunyol. Ja est\u00e0 en funcionament, per\u00f2 s&#8217;aniran incorporant m\u00e9s serveis. \u00c9s una aplicaci\u00f3 impulsada per la Regidoria d&#8217;Inform\u00e0tica.&nbsp;<\/p>\n\n\n\n<p class=\"wp-block-paragraph\">Concretament, en el cas de reserva de pistes esportives de p\u00e0del i tennis, el procediment a seguir, a partir del 2 de maig, ser\u00e0 el seg\u00fcent: es mostrar\u00e0 una finestra amb els dies disponibles a 7 dies de vista.&nbsp; En seleccionar el dia es mostren les franges hor\u00e0ries disponibles. Una vegada seleccionat el dia i la franja hor\u00e0ria que es vol reservar es mostra un formulari amb les dades que es demanen. En pr\u00e9mer reservar es mostrar\u00e0 un resum de la seua reserva i rebr\u00e0 un correu de confirmaci\u00f3 de la reserva, que es podr\u00e0 imprimir o descarregar en pdf per a tindre el justificant d&#8217;aquesta reserva. Cal portar el justificant quan s&#8217;acudisca a la pista. No es podr\u00e0 tornar a reservar fins que passe la data de la reserva realitzada.<\/p>\n\n\n\n<p class=\"wp-block-paragraph\">Pr\u00e8via a la posada en marxa d&#8217;aquesta nova manera de reservar pistes el regidor d&#8217;Esports de l&#8217;Ajuntament de Bunyol, Manuel Sierra, i la inform\u00e0tica del Consistori bu\u00f1olense, atendran tots els dubtes de la ciutadania el dijous 27 d&#8217;abril a les 13h en el propi Ajuntament. Un dia abans, a partir del 26 d&#8217;Abril estar\u00e0 ja habilitada l&#8217;APP de reserva de pistes per a poder fer \u00fas d&#8217;aqueixes pistes a partir del 2 de Maig.<\/p>\n\n\n\n<figure class=\"wp-block-gallery has-nested-images columns-1 is-cropped wp-block-gallery-1 is-layout-flex wp-block-gallery-is-layout-flex\">\n<figure class=\"wp-block-image size-large\"><img loading=\"lazy\" decoding=\"async\" width=\"627\" height=\"372\" data-id=\"182918\" src=\"http:\/\/www.tucomarca.com\/wordpress\/segunda\/wp-content\/uploads\/2023\/04\/ReservaPadel1-1.jpg\" alt=\"\" class=\"wp-image-182918\" srcset=\"https:\/\/tucomarca.whitekongsoftware.com\/wp-content\/uploads\/2023\/04\/ReservaPadel1-1.jpg 627w, https:\/\/tucomarca.whitekongsoftware.com\/wp-content\/uploads\/2023\/04\/ReservaPadel1-1-300x178.jpg 300w\" sizes=\"auto, (max-width: 627px) 100vw, 627px\" \/><\/figure>\n\n\n\n<figure class=\"wp-block-image size-large\"><img loading=\"lazy\" decoding=\"async\" width=\"590\" height=\"309\" data-id=\"182920\" src=\"http:\/\/www.tucomarca.com\/wordpress\/segunda\/wp-content\/uploads\/2023\/04\/ReservaPadel2-1.jpg\" alt=\"\" class=\"wp-image-182920\" srcset=\"https:\/\/tucomarca.whitekongsoftware.com\/wp-content\/uploads\/2023\/04\/ReservaPadel2-1.jpg 590w, https:\/\/tucomarca.whitekongsoftware.com\/wp-content\/uploads\/2023\/04\/ReservaPadel2-1-300x157.jpg 300w\" sizes=\"auto, (max-width: 590px) 100vw, 590px\" \/><\/figure>\n\n\n\n<figure class=\"wp-block-image size-large\"><img loading=\"lazy\" decoding=\"async\" width=\"590\" height=\"302\" data-id=\"182922\" src=\"http:\/\/www.tucomarca.com\/wordpress\/segunda\/wp-content\/uploads\/2023\/04\/ReservaPadel3-1.jpg\" alt=\"\" class=\"wp-image-182922\" srcset=\"https:\/\/tucomarca.whitekongsoftware.com\/wp-content\/uploads\/2023\/04\/ReservaPadel3-1.jpg 590w, https:\/\/tucomarca.whitekongsoftware.com\/wp-content\/uploads\/2023\/04\/ReservaPadel3-1-300x154.jpg 300w\" sizes=\"auto, (max-width: 590px) 100vw, 590px\" \/><\/figure>\n<\/figure>\n","protected":false},"excerpt":{"rendered":"<div class=\"mh-excerpt\">Tots els usuaris podran accedir a aquesta aplicaci\u00f3 des de la web de l&#8217;Ajuntament de Bunyol, des de la pr\u00f2pia adre\u00e7a web de cita pr\u00e8via del Consistori o des de l&#8217;App Ajuntaments, seleccionant el municipi <a class=\"mh-excerpt-more\" href=\"https:\/\/tucomarca.whitekongsoftware.com\/ca\/les-pistes-de-tennis-i-padel-de-bunyol-es-reservaran-per-app-a-partir-del-2-de-maig\/\" title=\"Les pistes de tennis i p\u00e0del de Bunyol es reservaran per APP a partir del 2 de maig\">[+] <\/a><\/div>\n","protected":false},"author":12,"featured_media":182923,"comment_status":"open","ping_status":"open","sticky":false,"template":"","format":"gallery","meta":{"footnotes":""},"categories":[10911,11003,10894,10912,11009,10896],"tags":[10913,10914,19021,17929],"class_list":["post-182925","post","type-post","status-publish","format-gallery","has-post-thumbnail","category-bunol-ca","category-sports","category-la-comarca-ca","category-la-hoya-ca","category-polideportivo-ca","category-seccion-ca","tag-bunol-ca","tag-la-hoya-de-bunol-chiva-ca","tag-pistas-tenis-y-padel-ca","tag-polideportivo-el-planell-ca","post_format-post-format-gallery"],"_links":{"self":[{"href":"https:\/\/tucomarca.whitekongsoftware.com\/ca\/wp-json\/wp\/v2\/posts\/182925","targetHints":{"allow":["GET"]}}],"collection":[{"href":"https:\/\/tucomarca.whitekongsoftware.com\/ca\/wp-json\/wp\/v2\/posts"}],"about":[{"href":"https:\/\/tucomarca.whitekongsoftware.com\/ca\/wp-json\/wp\/v2\/types\/post"}],"author":[{"embeddable":true,"href":"https:\/\/tucomarca.whitekongsoftware.com\/ca\/wp-json\/wp\/v2\/users\/12"}],"replies":[{"embeddable":true,"href":"https:\/\/tucomarca.whitekongsoftware.com\/ca\/wp-json\/wp\/v2\/comments?post=182925"}],"version-history":[{"count":0,"href":"https:\/\/tucomarca.whitekongsoftware.com\/ca\/wp-json\/wp\/v2\/posts\/182925\/revisions"}],"wp:featuredmedia":[{"embeddable":true,"href":"https:\/\/tucomarca.whitekongsoftware.com\/ca\/wp-json\/wp\/v2\/media\/182923"}],"wp:attachment":[{"href":"https:\/\/tucomarca.whitekongsoftware.com\/ca\/wp-json\/wp\/v2\/media?parent=182925"}],"wp:term":[{"taxonomy":"category","embeddable":true,"href":"https:\/\/tucomarca.whitekongsoftware.com\/ca\/wp-json\/wp\/v2\/categories?post=182925"},{"taxonomy":"post_tag","embeddable":true,"href":"https:\/\/tucomarca.whitekongsoftware.com\/ca\/wp-json\/wp\/v2\/tags?post=182925"}],"curies":[{"name":"wp","href":"https:\/\/api.w.org\/{rel}","templated":true}]}}