{"id":182836,"date":"2023-04-05T09:00:00","date_gmt":"2023-04-05T08:00:00","guid":{"rendered":"https:\/\/www.tucomarca.com\/wordpress\/segunda\/?p=182836"},"modified":"2023-04-05T18:40:20","modified_gmt":"2023-04-05T17:40:20","slug":"emocio-i-esportivitat-en-la-vii-carrera-popular-jesus-gandia-del-cee-verge-de-lesperanca-de-xest","status":"publish","type":"post","link":"https:\/\/tucomarca.whitekongsoftware.com\/ca\/emocio-i-esportivitat-en-la-vii-carrera-popular-jesus-gandia-del-cee-verge-de-lesperanca-de-xest\/","title":{"rendered":"Emoci\u00f3 i esportivitat en la VII Carrera Popular Jes\u00fas Gandia del CEE Verge de l&#8217;Esperan\u00e7a de Xest"},"content":{"rendered":"\n<p class=\"wp-block-paragraph\">Un any m\u00e9s, el CEE Verge de l&#8217;Esperan\u00e7a de Xest va celebrar la seua Carrera Popular Jes\u00fas Gandia, prova que ja suma set edicions a l&#8217;esquena i que va comptar amb la participaci\u00f3 d&#8217;alumnat dels col\u00b7legis d&#8217;Educaci\u00f3 Prim\u00e0ria de Xest i Xiva.&nbsp;<\/p>\n\n\n\n<figure class=\"wp-block-image size-large\"><img loading=\"lazy\" decoding=\"async\" width=\"1024\" height=\"635\" src=\"http:\/\/www.tucomarca.com\/wordpress\/segunda\/wp-content\/uploads\/2023\/04\/ChesteCEEVirgenEsperanza_1-1024x635.jpg\" alt=\"\" class=\"wp-image-182835\" srcset=\"https:\/\/tucomarca.whitekongsoftware.com\/wp-content\/uploads\/2023\/04\/ChesteCEEVirgenEsperanza_1-1024x635.jpg 1024w, https:\/\/tucomarca.whitekongsoftware.com\/wp-content\/uploads\/2023\/04\/ChesteCEEVirgenEsperanza_1-300x186.jpg 300w, https:\/\/tucomarca.whitekongsoftware.com\/wp-content\/uploads\/2023\/04\/ChesteCEEVirgenEsperanza_1-768x476.jpg 768w, https:\/\/tucomarca.whitekongsoftware.com\/wp-content\/uploads\/2023\/04\/ChesteCEEVirgenEsperanza_1.jpg 1181w\" sizes=\"auto, (max-width: 1024px) 100vw, 1024px\" \/><\/figure>\n\n\n\n<p class=\"wp-block-paragraph\">L&#8217;activitat es va realitzar divendres passat, 31 de mar\u00e7, en les instal\u00b7lacions del CEE Verge de l&#8217;Esperan\u00e7a i va incorporar novetats respecte a altres edicions. Aix\u00ed, en aquesta ocasi\u00f3 els delegats del centre van gravar un v\u00eddeo per a convidar als centres educatius ordinaris de Xest i Xiva a la carrera i, el dia de la prova, l&#8217;alumnat d&#8217;aquests centres va participar doblement: primer acompanyant a l&#8217;alumnat del CEE Verge de l&#8217;Esperan\u00e7a amb m\u00e9s depend\u00e8ncia en els seus despla\u00e7aments, i despr\u00e9s realitzant el recorregut al costat de l&#8217;alumnat m\u00e9s aut\u00f2nom. A m\u00e9s, la VII Carrera Popular Jes\u00fas Gandia va comptar amb la participaci\u00f3 de Fent Cam\u00ed, una associaci\u00f3 d&#8217;Alcoi que va aportar una cadira Jo\u00ealette, que permet a les persones que es desplacen en cadira de rodes accedir a rutes de senderisme que serien inaccessibles amb una cadira de rodes convencional. D&#8217;aquesta manera, l&#8217;alumnat que es despla\u00e7a en cadira de rodes va poder participar d&#8217;una manera diferent en el recorregut. Tamb\u00e9 va assistir l&#8217;atleta Pepe Garc\u00eda Valverdre, membre de Fent Cam\u00ed, nomenat corredor d&#8217;honor d&#8217;aquesta edici\u00f3.<\/p>\n\n\n\n<p class=\"wp-block-paragraph\">\u201cVa ser un dia espl\u00e8ndid i vivim molts moments emotius en els quals clarament es va veure que l&#8217;esport ens uneix, com diu el lema d&#8217;aquesta edici\u00f3. Persones diferents per\u00f2 iguals, corrent juntes de la m\u00e0, competint, corrent i ballant amb un mateix objectiu: gaudir de la Carrera Popular Jes\u00fas Gandia. Es viuen moments tan m\u00e0gics que fan que tot l&#8217;esfor\u00e7 dedicat a la preparaci\u00f3 de l&#8217;esdeveniment tinga un sentit\u201d, declarava Victoria Contelles, mestra d&#8217;Educaci\u00f3 F\u00edsica del CEE Verge de l&#8217;Esperan\u00e7a. \u201cLa preparaci\u00f3 de la carrera s&#8217;inicia a l&#8217;octubre, amb l&#8217;elaboraci\u00f3 del projecte i la invitaci\u00f3 als centres educatius. Tamb\u00e9 iniciem a principi de curs la presentaci\u00f3 a empreses a la recerca de patrocinadors que ajuden a esmenar els costos de l&#8217;esdeveniment. Enguany han sigut moltes les empreses i entitats que s&#8217;han sumat al projecte o que han continuat col\u00b7laborant, entre elles la Regidoria d&#8217;Esports de l&#8217;Ajuntament de Xest. Volem agrair la seua col\u00b7laboraci\u00f3, ja que sense elles aquesta carrera no es podria realitzar amb l&#8217;\u00e8xit amb el qual se celebra\u201d.<\/p>\n\n\n\n<p class=\"wp-block-paragraph\">Com en les \u00faltimes edicions, aquest esdeveniment va comptar amb la col\u00b7laboraci\u00f3 del grup Kangoos Fit Torrent, que es va encarregar d&#8217;animar les rondes, els temps morts i el descans. \u201cS\u00f3n un grup meravell\u00f3s de persones que venen cada any de manera altruista per a saltar i ballar animant al personal. Enguany van portar botes de sobres i molts xiquets, xiquetes i persones adultes van poder saltar i ballar amb ells, formant part aix\u00ed tamb\u00e9 de l&#8217;animaci\u00f3 de la Carrera\u201d, apuntava Contelles. \u201cI, per descomptat, aquesta carrera no seria el mateix sense l&#8217;incansable speaker Kike Moret, una persona amable i sempre disposada a col\u00b7laborar amb el centre. Posa la veu de l&#8217;esdeveniment i crea un clima agradable, fent que totes les persones presents ens sentim part\u00edcips, importants i estimades\u201d.<\/p>\n\n\n\n<p class=\"wp-block-paragraph\"><\/p>\n","protected":false},"excerpt":{"rendered":"<div class=\"mh-excerpt\">Un any m\u00e9s, el CEE Verge de l&#8217;Esperan\u00e7a de Xest va celebrar la seua Carrera Popular Jes\u00fas Gandia, prova que ja suma set edicions a l&#8217;esquena i que va comptar amb la participaci\u00f3 d&#8217;alumnat dels <a class=\"mh-excerpt-more\" href=\"https:\/\/tucomarca.whitekongsoftware.com\/ca\/emocio-i-esportivitat-en-la-vii-carrera-popular-jesus-gandia-del-cee-verge-de-lesperanca-de-xest\/\" title=\"Emoci\u00f3 i esportivitat en la VII Carrera Popular Jes\u00fas Gandia del CEE Verge de l&#8217;Esperan\u00e7a de Xest\">[+] <\/a><\/div>\n","protected":false},"author":12,"featured_media":182840,"comment_status":"open","ping_status":"open","sticky":false,"template":"","format":"image","meta":{"footnotes":""},"categories":[11018,11003,10894,10912,10896,10974],"tags":[19009,11071,10914,19010],"class_list":["post-182836","post","type-post","status-publish","format-image","has-post-thumbnail","category-atletisme","category-sports","category-la-comarca-ca","category-la-hoya-ca","category-seccion-ca","category-cheste-ca","tag-cee-virgen-de-la-esperanza-ca","tag-cheste","tag-la-hoya-de-bunol-chiva-ca","tag-vii-carrera-popular-jesus-gandia-ca","post_format-post-format-image"],"_links":{"self":[{"href":"https:\/\/tucomarca.whitekongsoftware.com\/ca\/wp-json\/wp\/v2\/posts\/182836","targetHints":{"allow":["GET"]}}],"collection":[{"href":"https:\/\/tucomarca.whitekongsoftware.com\/ca\/wp-json\/wp\/v2\/posts"}],"about":[{"href":"https:\/\/tucomarca.whitekongsoftware.com\/ca\/wp-json\/wp\/v2\/types\/post"}],"author":[{"embeddable":true,"href":"https:\/\/tucomarca.whitekongsoftware.com\/ca\/wp-json\/wp\/v2\/users\/12"}],"replies":[{"embeddable":true,"href":"https:\/\/tucomarca.whitekongsoftware.com\/ca\/wp-json\/wp\/v2\/comments?post=182836"}],"version-history":[{"count":0,"href":"https:\/\/tucomarca.whitekongsoftware.com\/ca\/wp-json\/wp\/v2\/posts\/182836\/revisions"}],"wp:featuredmedia":[{"embeddable":true,"href":"https:\/\/tucomarca.whitekongsoftware.com\/ca\/wp-json\/wp\/v2\/media\/182840"}],"wp:attachment":[{"href":"https:\/\/tucomarca.whitekongsoftware.com\/ca\/wp-json\/wp\/v2\/media?parent=182836"}],"wp:term":[{"taxonomy":"category","embeddable":true,"href":"https:\/\/tucomarca.whitekongsoftware.com\/ca\/wp-json\/wp\/v2\/categories?post=182836"},{"taxonomy":"post_tag","embeddable":true,"href":"https:\/\/tucomarca.whitekongsoftware.com\/ca\/wp-json\/wp\/v2\/tags?post=182836"}],"curies":[{"name":"wp","href":"https:\/\/api.w.org\/{rel}","templated":true}]}}