{"id":182586,"date":"2023-04-03T10:10:00","date_gmt":"2023-04-03T09:10:00","guid":{"rendered":"https:\/\/www.tucomarca.com\/wordpress\/segunda\/?p=182586"},"modified":"2023-04-03T19:19:41","modified_gmt":"2023-04-03T18:19:41","slug":"la-generalitat-atorga-la-declaracio-de-festa-dinteres-turistic-provincial-a-la-cavalcada-de-san-jose-de-xest","status":"publish","type":"post","link":"https:\/\/tucomarca.whitekongsoftware.com\/ca\/la-generalitat-atorga-la-declaracio-de-festa-dinteres-turistic-provincial-a-la-cavalcada-de-san-jose-de-xest\/","title":{"rendered":"La Generalitat atorga la declaraci\u00f3 de Festa d&#8217;Inter\u00e9s Tur\u00edstic Provincial a la Cavalcada de San Jos\u00e9 de Xest"},"content":{"rendered":"\n<p class=\"wp-block-paragraph\">Despr\u00e9s de la sol\u00b7licitud realitzada per part de l&#8217;Ajuntament de Xest perqu\u00e8 la tradicional Cavalcada de San Jos\u00e9 fora declarada Festa d&#8217;Inter\u00e9s Tur\u00edstic, la Generalitat ha respost favorablement a la petici\u00f3 i la desfilada de carrosses chestano ja forma part del registre de Festes d&#8217;Inter\u00e9s Tur\u00edstic Provincial de la Comunitat Valenciana.&nbsp;<\/p>\n\n\n\n<p class=\"wp-block-paragraph\">\u201cDes de la regidoria de Festes i les falles hem estat durant molt de temps recopilant informaci\u00f3 per a elaborar l&#8217;expedient i realment ha sigut un proc\u00e9s ardu i llarg, per\u00f2 que ara t\u00e9 els seus fruits i estem molt satisfets. Les falles de Xest han rebut aquesta not\u00edcia amb molta alegria. Ara el seg\u00fcent pas \u00e9s contactar amb l&#8217;Ajuntament de Val\u00e8ncia i amb la Junta Central Fallera perqu\u00e8 la nostra cavalcada tinga m\u00e9s visibilitat durant la celebraci\u00f3 de les Falles\u201d, ha declarat el regidor, Ra\u00fal Mota. \u201cAquest reconeixement de la Cavalcada de San Jos\u00e9 com a Festa d&#8217;Inter\u00e9s Tur\u00edstic Provincial \u00e9s molt important perqu\u00e8, amb aix\u00f2, el nom de Xest comen\u00e7a a tindre pres\u00e8ncia, a nivell tur\u00edstic, per les seues tradicions; i no sols pel Circuit. D&#8217;igual forma estem treballant per as reconeguen les Festes de la Verema\u201d.&nbsp;<\/p>\n\n\n\n<p class=\"wp-block-paragraph\">Per a aconseguir aquest reconeixement, l&#8217;Ajuntament va presentar el passat 15 de mar\u00e7 un expedient en Conselleria que comptava amb nombrosos materials recopilats per les falles locals, Falla Barri de l&#8217;Alegria i Falla Ind\u00fastria i Comer\u00e7, i la Junta Local Fallera, amb l&#8217;objectiu de documentar l&#8217;evoluci\u00f3 de la cavalcada des dels seus inicis, en 1945, quan estava vinculada amb l&#8217;ofici dels fornilleros.&nbsp;<\/p>\n\n\n\n<p class=\"wp-block-paragraph\">\u201cEstem molt satisfets de la col\u00b7laboraci\u00f3 que hi ha hagut entre l&#8217;Ajuntament, les dues falles de Xest i la Junta Local per a elaborar l&#8217;expedient. A m\u00e9s, ens ompli d&#8217;orgull que finalment s&#8217;haja reconegut la nostra cavalcada de San Jos\u00e9, perqu\u00e8 cap de les falles de Val\u00e8ncia t\u00e9 una manifestaci\u00f3 com aquesta i que siga coneguda des de fora ens dona un lloc dins del programa faller a nivell provincial\u201d, ha declarat l&#8217;alcalde, Jos\u00e9 Morell.<\/p>\n\n\n\n<p class=\"wp-block-paragraph\">En la documentaci\u00f3 de la sol\u00b7licitud tamb\u00e9 es posaven en valor i es detallaven les peculiars t\u00e8cniques i artesanies emprades per a fer les carrosses i els materials utilitzats i es destaca el fet que la de Xest siga l&#8217;\u00fanica cavalcada que es fa el 19 de mar\u00e7 a la comarca.<\/p>\n\n\n\n<p class=\"wp-block-paragraph\"><\/p>\n","protected":false},"excerpt":{"rendered":"<div class=\"mh-excerpt\">Despr\u00e9s de la sol\u00b7licitud realitzada per part de l&#8217;Ajuntament de Xest perqu\u00e8 la tradicional Cavalcada de San Jos\u00e9 fora declarada Festa d&#8217;Inter\u00e9s Tur\u00edstic, la Generalitat ha respost favorablement a la petici\u00f3 i la desfilada de <a class=\"mh-excerpt-more\" href=\"https:\/\/tucomarca.whitekongsoftware.com\/ca\/la-generalitat-atorga-la-declaracio-de-festa-dinteres-turistic-provincial-a-la-cavalcada-de-san-jose-de-xest\/\" title=\"La Generalitat atorga la declaraci\u00f3 de Festa d&#8217;Inter\u00e9s Tur\u00edstic Provincial a la Cavalcada de San Jos\u00e9 de Xest\">[+] <\/a><\/div>\n","protected":false},"author":12,"featured_media":181379,"comment_status":"open","ping_status":"open","sticky":false,"template":"","format":"standard","meta":{"footnotes":""},"categories":[10948,10894,10912,11007,10947,10896,10974],"tags":[18915,11071,18990,10914],"class_list":["post-182586","post","type-post","status-publish","format-standard","has-post-thumbnail","category-infraestructuras-ca","category-la-comarca-ca","category-la-hoya-ca","category-ocio-y-cultura-ca","category-politica","category-seccion-ca","category-cheste-ca","tag-cabalgata-de-san-jose-ca","tag-cheste","tag-fiesta-de-interes-turistico-provincial-ca","tag-la-hoya-de-bunol-chiva-ca"],"_links":{"self":[{"href":"https:\/\/tucomarca.whitekongsoftware.com\/ca\/wp-json\/wp\/v2\/posts\/182586","targetHints":{"allow":["GET"]}}],"collection":[{"href":"https:\/\/tucomarca.whitekongsoftware.com\/ca\/wp-json\/wp\/v2\/posts"}],"about":[{"href":"https:\/\/tucomarca.whitekongsoftware.com\/ca\/wp-json\/wp\/v2\/types\/post"}],"author":[{"embeddable":true,"href":"https:\/\/tucomarca.whitekongsoftware.com\/ca\/wp-json\/wp\/v2\/users\/12"}],"replies":[{"embeddable":true,"href":"https:\/\/tucomarca.whitekongsoftware.com\/ca\/wp-json\/wp\/v2\/comments?post=182586"}],"version-history":[{"count":0,"href":"https:\/\/tucomarca.whitekongsoftware.com\/ca\/wp-json\/wp\/v2\/posts\/182586\/revisions"}],"wp:featuredmedia":[{"embeddable":true,"href":"https:\/\/tucomarca.whitekongsoftware.com\/ca\/wp-json\/wp\/v2\/media\/181379"}],"wp:attachment":[{"href":"https:\/\/tucomarca.whitekongsoftware.com\/ca\/wp-json\/wp\/v2\/media?parent=182586"}],"wp:term":[{"taxonomy":"category","embeddable":true,"href":"https:\/\/tucomarca.whitekongsoftware.com\/ca\/wp-json\/wp\/v2\/categories?post=182586"},{"taxonomy":"post_tag","embeddable":true,"href":"https:\/\/tucomarca.whitekongsoftware.com\/ca\/wp-json\/wp\/v2\/tags?post=182586"}],"curies":[{"name":"wp","href":"https:\/\/api.w.org\/{rel}","templated":true}]}}