{"id":182576,"date":"2023-04-03T10:00:00","date_gmt":"2023-04-03T09:00:00","guid":{"rendered":"https:\/\/www.tucomarca.com\/wordpress\/segunda\/?p=182576"},"modified":"2023-04-03T19:16:06","modified_gmt":"2023-04-03T18:16:06","slug":"bunyol-presenta-a-la-fira-de-les-comarques-la-seua-mascota-tico-per-a-fomentar-la-tomatina","status":"publish","type":"post","link":"https:\/\/tucomarca.whitekongsoftware.com\/ca\/bunyol-presenta-a-la-fira-de-les-comarques-la-seua-mascota-tico-per-a-fomentar-la-tomatina\/","title":{"rendered":"Bunyol presenta a la Fira de les Comarques la seua mascota \u201cTico\u201d per a fomentar La Tomatina"},"content":{"rendered":"\n<h4 class=\"wp-block-heading\">Bunyol ha presentat la seua nova mascota Tico en la Fira de les Comarques que s&#8217;ha celebrat aquest cap de setmana en la Pla\u00e7a de Bous de Val\u00e8ncia amb l&#8217;objectiu de continuar fomentant i donant a con\u00e9ixer la seua festa m\u00e9s internacional, La Tomatina.&nbsp;<\/h4>\n\n\n\n<p class=\"wp-block-paragraph\">Juncal Carrascosa, Alcaldessa de Bunyol, va intervindre en la presentaci\u00f3 oficial de la mascota, a la qual tamb\u00e9 va acudir Jordi Mayor, Diputat de Turisme i Bandes de M\u00fasica de la Diputaci\u00f3 de Val\u00e8ncia. Per part seua, Mar\u00eda Vall\u00e9s, Regidora de Turisme i Tomatina del consistori bu\u00f1olense, va explicar que aquesta nova mascota ha sigut \u201cmolt ben acceptada per la ciutadania i servir\u00e0 per a aproximar La Tomatina a tothom\u201d.&nbsp;<br>La Fira de les Comarques es va celebrar en la Pla\u00e7a de Bous de Val\u00e8ncia del divendres al diumenge en un excel\u00b7lent ambient, gran \u00e8xit de participaci\u00f3 i assist\u00e8ncia. Es va presentar per primera vegada aquesta mascota, que ha sigut comprada a trav\u00e9s de fons de la Diputaci\u00f3, i que a partir d&#8217;ara viatjar\u00e0 amb Bunyol en totes les fires, exposicions i actes p\u00fablics que es facen per a donar a con\u00e9ixer Bunyol.&nbsp;<br>\u201cAll\u00ed es va presentar l&#8217;\u00e0mplia oferta cultural, natural, patrimonial i gastron\u00f2mica que ofereix Bunyol durant tot l&#8217;any i no sols l&#8217;\u00faltim dimecres d&#8217;agost, que \u00e9s el dia que se celebra la Tomatina\u201d, va finalitzar l&#8217;edil del ram bu\u00f1olense, Mar\u00eda Vall\u00e9s, qui tamb\u00e9 va recon\u00e9ixer que \u00e9s un privilegi tindre aquesta Fira \u201cper a continuar promocionant la nostra localitat i els nostres encants prenent La Tomatina com el nostre gran referent\u201d.<\/p>\n\n\n\n<figure class=\"wp-block-gallery has-nested-images columns-default is-cropped wp-block-gallery-1 is-layout-flex wp-block-gallery-is-layout-flex\">\n<figure class=\"wp-block-image size-large\"><img loading=\"lazy\" decoding=\"async\" width=\"1181\" height=\"1579\" data-id=\"182571\" src=\"http:\/\/www.tucomarca.com\/wordpress\/segunda\/wp-content\/uploads\/2023\/04\/Tico-3.jpg\" alt=\"\" class=\"wp-image-182571\" srcset=\"https:\/\/tucomarca.whitekongsoftware.com\/wp-content\/uploads\/2023\/04\/Tico-3.jpg 1181w, https:\/\/tucomarca.whitekongsoftware.com\/wp-content\/uploads\/2023\/04\/Tico-3-224x300.jpg 224w, https:\/\/tucomarca.whitekongsoftware.com\/wp-content\/uploads\/2023\/04\/Tico-3-766x1024.jpg 766w, https:\/\/tucomarca.whitekongsoftware.com\/wp-content\/uploads\/2023\/04\/Tico-3-768x1027.jpg 768w, https:\/\/tucomarca.whitekongsoftware.com\/wp-content\/uploads\/2023\/04\/Tico-3-1149x1536.jpg 1149w\" sizes=\"auto, (max-width: 1181px) 100vw, 1181px\" \/><\/figure>\n\n\n\n<figure class=\"wp-block-image size-large\"><img loading=\"lazy\" decoding=\"async\" width=\"1181\" height=\"883\" data-id=\"182567\" src=\"http:\/\/www.tucomarca.com\/wordpress\/segunda\/wp-content\/uploads\/2023\/04\/Tico-1.jpg\" alt=\"\" class=\"wp-image-182567\" srcset=\"https:\/\/tucomarca.whitekongsoftware.com\/wp-content\/uploads\/2023\/04\/Tico-1.jpg 1181w, https:\/\/tucomarca.whitekongsoftware.com\/wp-content\/uploads\/2023\/04\/Tico-1-300x224.jpg 300w, https:\/\/tucomarca.whitekongsoftware.com\/wp-content\/uploads\/2023\/04\/Tico-1-1024x766.jpg 1024w, https:\/\/tucomarca.whitekongsoftware.com\/wp-content\/uploads\/2023\/04\/Tico-1-768x574.jpg 768w, https:\/\/tucomarca.whitekongsoftware.com\/wp-content\/uploads\/2023\/04\/Tico-1-326x245.jpg 326w, https:\/\/tucomarca.whitekongsoftware.com\/wp-content\/uploads\/2023\/04\/Tico-1-80x60.jpg 80w\" sizes=\"auto, (max-width: 1181px) 100vw, 1181px\" \/><\/figure>\n\n\n\n<figure class=\"wp-block-image size-large\"><img loading=\"lazy\" decoding=\"async\" width=\"1181\" height=\"883\" data-id=\"182573\" src=\"http:\/\/www.tucomarca.com\/wordpress\/segunda\/wp-content\/uploads\/2023\/04\/Tico-4.jpg\" alt=\"\" class=\"wp-image-182573\" srcset=\"https:\/\/tucomarca.whitekongsoftware.com\/wp-content\/uploads\/2023\/04\/Tico-4.jpg 1181w, https:\/\/tucomarca.whitekongsoftware.com\/wp-content\/uploads\/2023\/04\/Tico-4-300x224.jpg 300w, https:\/\/tucomarca.whitekongsoftware.com\/wp-content\/uploads\/2023\/04\/Tico-4-1024x766.jpg 1024w, https:\/\/tucomarca.whitekongsoftware.com\/wp-content\/uploads\/2023\/04\/Tico-4-768x574.jpg 768w, https:\/\/tucomarca.whitekongsoftware.com\/wp-content\/uploads\/2023\/04\/Tico-4-326x245.jpg 326w, https:\/\/tucomarca.whitekongsoftware.com\/wp-content\/uploads\/2023\/04\/Tico-4-80x60.jpg 80w\" sizes=\"auto, (max-width: 1181px) 100vw, 1181px\" \/><\/figure>\n<\/figure>\n","protected":false},"excerpt":{"rendered":"<div class=\"mh-excerpt\">Bunyol ha presentat la seua nova mascota Tico en la Fira de les Comarques que s&#8217;ha celebrat aquest cap de setmana en la Pla\u00e7a de Bous de Val\u00e8ncia amb l&#8217;objectiu de continuar fomentant i donant <a class=\"mh-excerpt-more\" href=\"https:\/\/tucomarca.whitekongsoftware.com\/ca\/bunyol-presenta-a-la-fira-de-les-comarques-la-seua-mascota-tico-per-a-fomentar-la-tomatina\/\" title=\"Bunyol presenta a la Fira de les Comarques la seua mascota \u201cTico\u201d per a fomentar La Tomatina\">[+] <\/a><\/div>\n","protected":false},"author":12,"featured_media":182570,"comment_status":"open","ping_status":"open","sticky":false,"template":"","format":"gallery","meta":{"footnotes":""},"categories":[10911,10948,10894,10912,11007,10947,10896],"tags":[10913,11112,10914],"class_list":["post-182576","post","type-post","status-publish","format-gallery","has-post-thumbnail","category-bunol-ca","category-infraestructuras-ca","category-la-comarca-ca","category-la-hoya-ca","category-ocio-y-cultura-ca","category-politica","category-seccion-ca","tag-bunol-ca","tag-fira-de-les-comarques-ca","tag-la-hoya-de-bunol-chiva-ca","post_format-post-format-gallery"],"_links":{"self":[{"href":"https:\/\/tucomarca.whitekongsoftware.com\/ca\/wp-json\/wp\/v2\/posts\/182576","targetHints":{"allow":["GET"]}}],"collection":[{"href":"https:\/\/tucomarca.whitekongsoftware.com\/ca\/wp-json\/wp\/v2\/posts"}],"about":[{"href":"https:\/\/tucomarca.whitekongsoftware.com\/ca\/wp-json\/wp\/v2\/types\/post"}],"author":[{"embeddable":true,"href":"https:\/\/tucomarca.whitekongsoftware.com\/ca\/wp-json\/wp\/v2\/users\/12"}],"replies":[{"embeddable":true,"href":"https:\/\/tucomarca.whitekongsoftware.com\/ca\/wp-json\/wp\/v2\/comments?post=182576"}],"version-history":[{"count":0,"href":"https:\/\/tucomarca.whitekongsoftware.com\/ca\/wp-json\/wp\/v2\/posts\/182576\/revisions"}],"wp:featuredmedia":[{"embeddable":true,"href":"https:\/\/tucomarca.whitekongsoftware.com\/ca\/wp-json\/wp\/v2\/media\/182570"}],"wp:attachment":[{"href":"https:\/\/tucomarca.whitekongsoftware.com\/ca\/wp-json\/wp\/v2\/media?parent=182576"}],"wp:term":[{"taxonomy":"category","embeddable":true,"href":"https:\/\/tucomarca.whitekongsoftware.com\/ca\/wp-json\/wp\/v2\/categories?post=182576"},{"taxonomy":"post_tag","embeddable":true,"href":"https:\/\/tucomarca.whitekongsoftware.com\/ca\/wp-json\/wp\/v2\/tags?post=182576"}],"curies":[{"name":"wp","href":"https:\/\/api.w.org\/{rel}","templated":true}]}}