{"id":182483,"date":"2023-04-01T12:00:00","date_gmt":"2023-04-01T11:00:00","guid":{"rendered":"https:\/\/www.tucomarca.com\/wordpress\/segunda\/?p=182483"},"modified":"2023-04-02T23:03:21","modified_gmt":"2023-04-02T22:03:21","slug":"riba-roja-registra-record-dafiliacions-a-la-seguretat-social-en-aconseguir-les-18-795-despres-dincrementar-un-16-les-inscripcions-comptabilitzades-a-lactual-legislatura","status":"publish","type":"post","link":"https:\/\/tucomarca.whitekongsoftware.com\/ca\/riba-roja-registra-record-dafiliacions-a-la-seguretat-social-en-aconseguir-les-18-795-despres-dincrementar-un-16-les-inscripcions-comptabilitzades-a-lactual-legislatura\/","title":{"rendered":"Riba-roja registra r\u00e8cord d&#8217;afiliacions a la Seguretat Social en aconseguir les 18.795 despr\u00e9s d&#8217;incrementar un 16% les inscripcions comptabilitzades a l&#8217;actual legislatura\u00a0"},"content":{"rendered":"\n<h4 class=\"wp-block-heading\">El Ministeri de Seguretat Social i Migracions difon les dades de noves afiliacions durant aquesta legislatura que s&#8217;incrementa en fins a 2.607 registres nous entre els anys 2019 i 2023&nbsp;<\/h4>\n\n\n\n<p class=\"wp-block-paragraph\">El registre de les afiliacions a la Seguretat Social han aconseguit un r\u00e8cord al febrer passat amb 18.795 inscripcions a Riba-roja de T\u00faria, segons les dades difoses pel Ministeri d&#8217;Inclusi\u00f3, Seguretat Social i Migracions. La tend\u00e8ncia positiva en la localitat ratifica l&#8217;evoluci\u00f3 durant els \u00faltims anys en incrementar fins a un 16% les dades al llarg de la present legislatura pol\u00edtica.&nbsp;<\/p>\n\n\n\n<p class=\"wp-block-paragraph\">Les xifres donades a con\u00e9ixer per la Seguretat Social suposen un recolzament a la creaci\u00f3 d&#8217;ocupaci\u00f3 i nous llocs de treball durant la present legislatura en passar de les 16.188 inscripcions al febrer de l&#8217;any 2019 a les 18.795 d&#8217;aquest propi any, \u00e9s a dir, una difer\u00e8ncia de 2.607 noves afiliacions a la Seguretat Social, un 16% m\u00e9s entre tots dos anys. La tend\u00e8ncia \u00e9s similar en cadascuna de les modalitats reflectides pel Ministeri de la Seguretat Social.&nbsp;<\/p>\n\n\n\n<p class=\"wp-block-paragraph\">D&#8217;aquesta manera, l&#8217;evoluci\u00f3 experimentada en noves afiliacions augmenta, progressivament, en cada mes de febrer des de l&#8217;any 2019 fins a l&#8217;actualitat. A m\u00e9s, si retrocedim fins a l&#8217;any 2015, la tend\u00e8ncia confirma les dades en passar dels 13.734 registres a les 18.795 afiliacions de febrer d&#8217;enguany, \u00e9s a dir, 5.061 m\u00e9s i un 36% m\u00e9s. El r\u00e8gim general \u00e9s el que major difer\u00e8ncia registra, de les 11.874 afiliacions al febrer de 2015 a les 16.784 afiliacions de febrer de 2023.&nbsp;<\/p>\n\n\n\n<p class=\"wp-block-paragraph\">Precisament, en aquest any 2023, l&#8217;evoluci\u00f3 \u00e9s positiva mes a mes, de les 18.656 afiliacions al gener passat s&#8217;ha augmentat a les 18.795 afiliacions de febrer, l&#8217;\u00faltim dels mesos comptabilitzats. El r\u00e8gim d&#8217;aut\u00f2noms s&#8217;ha consolidat en m\u00e9s de 1.800 en l&#8217;actualitat, enfront dels 1.571 aut\u00f2noms al febrer de l&#8217;any 2015, \u00e9s a dir, 233 aut\u00f2noms m\u00e9s entre tots dos per\u00edodes de temps. El final de la legislatura 2015 a 2019 suposa el recolzament en les afiliacions.&nbsp;<\/p>\n\n\n\n<p class=\"wp-block-paragraph\">De fet, de les 13.734 afiliacions al febrer de 2015 s&#8217;ha passat a les 16.188 afiliacions al febrer de 2019, \u00e9s a dir, 2.454 m\u00e9s entre tots dos per\u00edodes, i un 17\u20198% de difer\u00e8ncia. Entre totes dues anualitats, les afiliacions corresponents al r\u00e8gim d&#8217;aut\u00f2noms han passat de les 1.571 del mes de febrer de 2015 a les 1.756 afiliacions al febrer de 2019. Amb tot, l&#8217;increment \u00e9s major entre l&#8217;any 2015 i el 2019, tant en afiliacions en aut\u00f2noms com en treballadors per compte d&#8217;altri.&nbsp;<\/p>\n\n\n\n<p class=\"wp-block-paragraph\">Les noves afiliacions a la Seguretat Social han superat, fins i tot, els registres previs a la pand\u00e8mia del coronavirus en passar de les 17.271 afiliacions al febrer de 2020 a les 17.650 afiliacions de febrer de 2022 i, finalment, les 18.795 afiliacions de febrer d&#8217;enguany, per tant, l&#8217;increment previ a la pand\u00e8mia i fins a l&#8217;actualitat \u00e9s de 1.524 noves afiliacions a la Seguretat Social entre tots dos per\u00edodes de temps a Riba-roja de T\u00faria.&nbsp;<\/p>\n\n\n\n<p class=\"wp-block-paragraph\">Aquestes dades d&#8217;afiliacions a la Seguretat Social es completen amb els corresponents a l&#8217;atur juvenil registrat al llarg dels \u00faltims anys, amb una reducci\u00f3 de fins al 43% en l&#8217;\u00faltima d\u00e8cada, entre els anys 2014 i 2023, que van passar dels 191 aturats als 109 aturats entre tots dos per\u00edodes de temps. Aquestes dades confirmen les dades en reducci\u00f3 de la desocupaci\u00f3 per als joves d&#8217;entre 18 i 25 anys, segons Labora, l&#8217;institut auton\u00f2mic d&#8217;ocupaci\u00f3 i formaci\u00f3, dependent de la Generalitat.&nbsp;<\/p>\n\n\n\n<p class=\"wp-block-paragraph\">Les xifres de l&#8217;atur gen\u00e8ric apunten en la mateixa direcci\u00f3 amb una altra reducci\u00f3 entre finals de l&#8217;any 2019 amb 1.527 aturats a Riba-roja de T\u00faria fins als 1.414 aturats al febrer de 2023, \u00e9s a dir, fins a 113 persones sense una ocupaci\u00f3, Despr\u00e9s de la irrupci\u00f3 de la pand\u00e8mia, el nivell de desocupaci\u00f3 va augmentar fins als 1.737 aturats al setembre de 2020, les 1.736 desocupacions al febrer de l&#8217;any 2021 i, d&#8217;ac\u00ed, als 1.414 del passat mes de febrer.&nbsp;<\/p>\n\n\n\n<p class=\"wp-block-paragraph\">L&#8217;alcalde de Riba-roja de T\u00faria, Robert Raga, ha afirmat que aquestes dades \u201ccorroboren les xifres registrades en els \u00faltims anys en relaci\u00f3 a les afiliacions a la Seguretat Social, amb un increment positiu i un increment progressiu que es pot estendre a la creaci\u00f3 de llocs de treball en la franja de persones m\u00e9s joves de fins a 25 anys, per aix\u00f2 hem de continuar en la mateixa l\u00ednia de suport als sistemes productius de l&#8217;economia\u201d.<\/p>\n\n\n\n<p class=\"wp-block-paragraph\"><\/p>\n","protected":false},"excerpt":{"rendered":"<div class=\"mh-excerpt\">El Ministeri de Seguretat Social i Migracions difon les dades de noves afiliacions durant aquesta legislatura que s&#8217;incrementa en fins a 2.607 registres nous entre els anys 2019 i 2023&nbsp; El registre de les afiliacions <a class=\"mh-excerpt-more\" href=\"https:\/\/tucomarca.whitekongsoftware.com\/ca\/riba-roja-registra-record-dafiliacions-a-la-seguretat-social-en-aconseguir-les-18-795-despres-dincrementar-un-16-les-inscripcions-comptabilitzades-a-lactual-legislatura\/\" title=\"Riba-roja registra r\u00e8cord d&#8217;afiliacions a la Seguretat Social en aconseguir les 18.795 despr\u00e9s d&#8217;incrementar un 16% les inscripcions comptabilitzades a l&#8217;actual legislatura\u00a0\">[+] <\/a><\/div>\n","protected":false},"author":12,"featured_media":166828,"comment_status":"open","ping_status":"open","sticky":false,"template":"","format":"standard","meta":{"footnotes":""},"categories":[10892,10948,10894,10947,10906,10896],"tags":[10899,12480,15024],"class_list":["post-182483","post","type-post","status-publish","format-standard","has-post-thumbnail","category-camp-de-turia-ca","category-infraestructuras-ca","category-la-comarca-ca","category-politica","category-riba-roja-ca","category-seccion-ca","tag-camp-de-turia-ca","tag-empleo-ca","tag-riba-roja-de-turia-ca"],"_links":{"self":[{"href":"https:\/\/tucomarca.whitekongsoftware.com\/ca\/wp-json\/wp\/v2\/posts\/182483","targetHints":{"allow":["GET"]}}],"collection":[{"href":"https:\/\/tucomarca.whitekongsoftware.com\/ca\/wp-json\/wp\/v2\/posts"}],"about":[{"href":"https:\/\/tucomarca.whitekongsoftware.com\/ca\/wp-json\/wp\/v2\/types\/post"}],"author":[{"embeddable":true,"href":"https:\/\/tucomarca.whitekongsoftware.com\/ca\/wp-json\/wp\/v2\/users\/12"}],"replies":[{"embeddable":true,"href":"https:\/\/tucomarca.whitekongsoftware.com\/ca\/wp-json\/wp\/v2\/comments?post=182483"}],"version-history":[{"count":0,"href":"https:\/\/tucomarca.whitekongsoftware.com\/ca\/wp-json\/wp\/v2\/posts\/182483\/revisions"}],"wp:featuredmedia":[{"embeddable":true,"href":"https:\/\/tucomarca.whitekongsoftware.com\/ca\/wp-json\/wp\/v2\/media\/166828"}],"wp:attachment":[{"href":"https:\/\/tucomarca.whitekongsoftware.com\/ca\/wp-json\/wp\/v2\/media?parent=182483"}],"wp:term":[{"taxonomy":"category","embeddable":true,"href":"https:\/\/tucomarca.whitekongsoftware.com\/ca\/wp-json\/wp\/v2\/categories?post=182483"},{"taxonomy":"post_tag","embeddable":true,"href":"https:\/\/tucomarca.whitekongsoftware.com\/ca\/wp-json\/wp\/v2\/tags?post=182483"}],"curies":[{"name":"wp","href":"https:\/\/api.w.org\/{rel}","templated":true}]}}