{"id":182444,"date":"2023-03-31T12:00:00","date_gmt":"2023-03-31T11:00:00","guid":{"rendered":"https:\/\/www.tucomarca.com\/wordpress\/segunda\/?p=182444"},"modified":"2023-03-31T18:50:21","modified_gmt":"2023-03-31T17:50:21","slug":"el-pspv-psoe-dalzira-homenatja-els-que-han-sigut-els-seus-regidors-en-lacte-alzira-amb-cor-socialista","status":"publish","type":"post","link":"https:\/\/tucomarca.whitekongsoftware.com\/ca\/el-pspv-psoe-dalzira-homenatja-els-que-han-sigut-els-seus-regidors-en-lacte-alzira-amb-cor-socialista\/","title":{"rendered":"El PSPV-PSOE d&#8217;Alzira homenatja els que han sigut els seus regidors en l&#8217;acte &#8220;Alzira amb cor socialista&#8221;"},"content":{"rendered":"\n<p class=\"wp-block-paragraph\">El PSPV-PSOE va celebrar aquest dijous &#8220;Alzira amb cor socialista&#8221;, un homenatge a tots els regidors del municipi en la hist\u00f2ria de la democr\u00e0cia. En acte van participar el expresident de la Generalitat i senador, Joan Lerma, el conseller d&#8217;Hisenda i Model Econ\u00f2mic Arcadi Espa\u00f1a, el Secretari general del PSPV-PSOE de la Ribera Alta, Carles Arques, i la candidata del PSPV-PSOE a la alcad\u00eda d&#8217;Alzira, Gemma Al\u00f3s.<\/p>\n\n\n\n<p class=\"wp-block-paragraph\">Els socialistes valencians van destacar durant l&#8217;acte l&#8217;aposta que el Govern de Ximo Puig est\u00e0 fent per Alzira, on els Pressupostos de la Generalitat Valenciana per a 2023 destinen un total de 23.887.139 \u20ac que donen resposta a moltes de les reivindicacions del municipi. Entre les principals inversions, l&#8217;ampliaci\u00f3 de l&#8217;Hospital la Ribera (1.500.000\u20ac) o la rehabilitaci\u00f3 del Monestir de la Murta (831.860\u20ac).<\/p>\n\n\n\n<p class=\"wp-block-paragraph\"><\/p>\n","protected":false},"excerpt":{"rendered":"<div class=\"mh-excerpt\">El PSPV-PSOE va celebrar aquest dijous &#8220;Alzira amb cor socialista&#8221;, un homenatge a tots els regidors del municipi en la hist\u00f2ria de la democr\u00e0cia. En acte van participar el expresident de la Generalitat i senador, <a class=\"mh-excerpt-more\" href=\"https:\/\/tucomarca.whitekongsoftware.com\/ca\/el-pspv-psoe-dalzira-homenatja-els-que-han-sigut-els-seus-regidors-en-lacte-alzira-amb-cor-socialista\/\" title=\"El PSPV-PSOE d&#8217;Alzira homenatja els que han sigut els seus regidors en l&#8217;acte &#8220;Alzira amb cor socialista&#8221;\">[+] <\/a><\/div>\n","protected":false},"author":12,"featured_media":182451,"comment_status":"open","ping_status":"open","sticky":false,"template":"","format":"standard","meta":{"footnotes":""},"categories":[10889,10948,10894,10902,10947,10896],"tags":[11192,11333,11319],"class_list":["post-182444","post","type-post","status-publish","format-standard","has-post-thumbnail","category-alzira-cat","category-infraestructuras-ca","category-la-comarca-ca","category-la-ribera-ca","category-politica","category-seccion-ca","tag-alzira-ca","tag-la-ribera-2-ca","tag-pspv-psoe-ca"],"_links":{"self":[{"href":"https:\/\/tucomarca.whitekongsoftware.com\/ca\/wp-json\/wp\/v2\/posts\/182444","targetHints":{"allow":["GET"]}}],"collection":[{"href":"https:\/\/tucomarca.whitekongsoftware.com\/ca\/wp-json\/wp\/v2\/posts"}],"about":[{"href":"https:\/\/tucomarca.whitekongsoftware.com\/ca\/wp-json\/wp\/v2\/types\/post"}],"author":[{"embeddable":true,"href":"https:\/\/tucomarca.whitekongsoftware.com\/ca\/wp-json\/wp\/v2\/users\/12"}],"replies":[{"embeddable":true,"href":"https:\/\/tucomarca.whitekongsoftware.com\/ca\/wp-json\/wp\/v2\/comments?post=182444"}],"version-history":[{"count":0,"href":"https:\/\/tucomarca.whitekongsoftware.com\/ca\/wp-json\/wp\/v2\/posts\/182444\/revisions"}],"wp:featuredmedia":[{"embeddable":true,"href":"https:\/\/tucomarca.whitekongsoftware.com\/ca\/wp-json\/wp\/v2\/media\/182451"}],"wp:attachment":[{"href":"https:\/\/tucomarca.whitekongsoftware.com\/ca\/wp-json\/wp\/v2\/media?parent=182444"}],"wp:term":[{"taxonomy":"category","embeddable":true,"href":"https:\/\/tucomarca.whitekongsoftware.com\/ca\/wp-json\/wp\/v2\/categories?post=182444"},{"taxonomy":"post_tag","embeddable":true,"href":"https:\/\/tucomarca.whitekongsoftware.com\/ca\/wp-json\/wp\/v2\/tags?post=182444"}],"curies":[{"name":"wp","href":"https:\/\/api.w.org\/{rel}","templated":true}]}}