{"id":182325,"date":"2023-03-31T10:00:00","date_gmt":"2023-03-31T09:00:00","guid":{"rendered":"https:\/\/www.tucomarca.com\/wordpress\/segunda\/?p=182325"},"modified":"2023-03-31T13:40:36","modified_gmt":"2023-03-31T12:40:36","slug":"la-coalicio-esquerra-unida-podemos-presenta-als-seus-candidats-a-bunyol-chimo-masmano-i-mati-mas","status":"publish","type":"post","link":"https:\/\/tucomarca.whitekongsoftware.com\/ca\/la-coalicio-esquerra-unida-podemos-presenta-als-seus-candidats-a-bunyol-chimo-masmano-i-mati-mas\/","title":{"rendered":"La coalici\u00f3 Esquerra Unida-Podemos presenta als seus candidats a Bunyol: Chimo Masmano i Mati Mas"},"content":{"rendered":"\n<figure class=\"wp-block-gallery has-nested-images columns-2 is-cropped wp-block-gallery-1 is-layout-flex wp-block-gallery-is-layout-flex\">\n<figure class=\"wp-block-image size-large\"><img loading=\"lazy\" decoding=\"async\" width=\"1181\" height=\"803\" data-id=\"182318\" src=\"http:\/\/www.tucomarca.com\/wordpress\/segunda\/wp-content\/uploads\/2023\/03\/ActoEU-Podemos_1.jpg\" alt=\"\" class=\"wp-image-182318\" srcset=\"https:\/\/tucomarca.whitekongsoftware.com\/wp-content\/uploads\/2023\/03\/ActoEU-Podemos_1.jpg 1181w, https:\/\/tucomarca.whitekongsoftware.com\/wp-content\/uploads\/2023\/03\/ActoEU-Podemos_1-300x204.jpg 300w, https:\/\/tucomarca.whitekongsoftware.com\/wp-content\/uploads\/2023\/03\/ActoEU-Podemos_1-1024x696.jpg 1024w, https:\/\/tucomarca.whitekongsoftware.com\/wp-content\/uploads\/2023\/03\/ActoEU-Podemos_1-768x522.jpg 768w\" sizes=\"auto, (max-width: 1181px) 100vw, 1181px\" \/><\/figure>\n\n\n\n<figure class=\"wp-block-image size-large\"><img loading=\"lazy\" decoding=\"async\" width=\"2560\" height=\"1707\" data-id=\"182312\" src=\"http:\/\/www.tucomarca.com\/wordpress\/segunda\/wp-content\/uploads\/2023\/03\/ActoEU-Podemos_2-scaled.jpg\" alt=\"\" class=\"wp-image-182312\" srcset=\"https:\/\/tucomarca.whitekongsoftware.com\/wp-content\/uploads\/2023\/03\/ActoEU-Podemos_2-scaled.jpg 2560w, https:\/\/tucomarca.whitekongsoftware.com\/wp-content\/uploads\/2023\/03\/ActoEU-Podemos_2-300x200.jpg 300w, https:\/\/tucomarca.whitekongsoftware.com\/wp-content\/uploads\/2023\/03\/ActoEU-Podemos_2-1024x683.jpg 1024w, https:\/\/tucomarca.whitekongsoftware.com\/wp-content\/uploads\/2023\/03\/ActoEU-Podemos_2-768x512.jpg 768w, https:\/\/tucomarca.whitekongsoftware.com\/wp-content\/uploads\/2023\/03\/ActoEU-Podemos_2-1536x1024.jpg 1536w, https:\/\/tucomarca.whitekongsoftware.com\/wp-content\/uploads\/2023\/03\/ActoEU-Podemos_2-2048x1365.jpg 2048w\" sizes=\"auto, (max-width: 2560px) 100vw, 2560px\" \/><\/figure>\n\n\n\n<figure class=\"wp-block-image size-large\"><img loading=\"lazy\" decoding=\"async\" width=\"886\" height=\"1329\" data-id=\"182314\" src=\"http:\/\/www.tucomarca.com\/wordpress\/segunda\/wp-content\/uploads\/2023\/03\/ActoEU-Podemos_3.jpg\" alt=\"\" class=\"wp-image-182314\" srcset=\"https:\/\/tucomarca.whitekongsoftware.com\/wp-content\/uploads\/2023\/03\/ActoEU-Podemos_3.jpg 886w, https:\/\/tucomarca.whitekongsoftware.com\/wp-content\/uploads\/2023\/03\/ActoEU-Podemos_3-200x300.jpg 200w, https:\/\/tucomarca.whitekongsoftware.com\/wp-content\/uploads\/2023\/03\/ActoEU-Podemos_3-683x1024.jpg 683w, https:\/\/tucomarca.whitekongsoftware.com\/wp-content\/uploads\/2023\/03\/ActoEU-Podemos_3-768x1152.jpg 768w\" sizes=\"auto, (max-width: 886px) 100vw, 886px\" \/><\/figure>\n\n\n\n<figure class=\"wp-block-image size-large\"><img loading=\"lazy\" decoding=\"async\" width=\"886\" height=\"1329\" data-id=\"182316\" src=\"http:\/\/www.tucomarca.com\/wordpress\/segunda\/wp-content\/uploads\/2023\/03\/ActoEU-Podemos_4.jpg\" alt=\"\" class=\"wp-image-182316\" srcset=\"https:\/\/tucomarca.whitekongsoftware.com\/wp-content\/uploads\/2023\/03\/ActoEU-Podemos_4.jpg 886w, https:\/\/tucomarca.whitekongsoftware.com\/wp-content\/uploads\/2023\/03\/ActoEU-Podemos_4-200x300.jpg 200w, https:\/\/tucomarca.whitekongsoftware.com\/wp-content\/uploads\/2023\/03\/ActoEU-Podemos_4-683x1024.jpg 683w, https:\/\/tucomarca.whitekongsoftware.com\/wp-content\/uploads\/2023\/03\/ActoEU-Podemos_4-768x1152.jpg 768w\" sizes=\"auto, (max-width: 886px) 100vw, 886px\" \/><\/figure>\n<\/figure>\n\n\n\n<p class=\"wp-block-paragraph\">La Sala El Mercat de Bunyol ha acollit aquest dijous, 30 de mar\u00e7, en un acte p\u00fablic la presentaci\u00f3 de l&#8217;acord electoral entre Esquerra Unida i Podem per a les eleccions municipals del 28 de maig.<\/p>\n\n\n\n<p class=\"wp-block-paragraph\">En l&#8217;acte han intervingut Chimo Masmano Ruiz, coordinador d&#8217;EU de Bunyol i candidat a l&#8217;alcaldia de Bunyol; Mati Mas Mont\u00f3, coordinadora de Podemos Bunyol i portaveu a l&#8217;Ajuntament de la localitat; i com a convidat a l&#8217;acte per a presentar aquest acord ha estat en la taula H\u00e9ctor Illueca Ballester, conseller d&#8217;Habitatge i Agricultura i Vicepresident segon de la Generalitat Valenciana.<\/p>\n\n\n\n<p class=\"wp-block-paragraph\">Fotos: <strong>J. L. Mont\u00f3n<\/strong><\/p>\n","protected":false},"excerpt":{"rendered":"<div class=\"mh-excerpt\">La Sala El Mercat de Bunyol ha acollit aquest dijous, 30 de mar\u00e7, en un acte p\u00fablic la presentaci\u00f3 de l&#8217;acord electoral entre Esquerra Unida i Podem per a les eleccions municipals del 28 de <a class=\"mh-excerpt-more\" href=\"https:\/\/tucomarca.whitekongsoftware.com\/ca\/la-coalicio-esquerra-unida-podemos-presenta-als-seus-candidats-a-bunyol-chimo-masmano-i-mati-mas\/\" title=\"La coalici\u00f3 Esquerra Unida-Podemos presenta als seus candidats a Bunyol: Chimo Masmano i Mati Mas\">[+] <\/a><\/div>\n","protected":false},"author":12,"featured_media":182321,"comment_status":"open","ping_status":"open","sticky":false,"template":"","format":"gallery","meta":{"footnotes":""},"categories":[10911,10948,10894,10912,10947,10896],"tags":[10913,18828,18979,10914],"class_list":["post-182325","post","type-post","status-publish","format-gallery","has-post-thumbnail","category-bunol-ca","category-infraestructuras-ca","category-la-comarca-ca","category-la-hoya-ca","category-politica","category-seccion-ca","tag-bunol-ca","tag-elecciones-municipales-2023-ca","tag-eu-podemos-bunol-ca","tag-la-hoya-de-bunol-chiva-ca","post_format-post-format-gallery"],"_links":{"self":[{"href":"https:\/\/tucomarca.whitekongsoftware.com\/ca\/wp-json\/wp\/v2\/posts\/182325","targetHints":{"allow":["GET"]}}],"collection":[{"href":"https:\/\/tucomarca.whitekongsoftware.com\/ca\/wp-json\/wp\/v2\/posts"}],"about":[{"href":"https:\/\/tucomarca.whitekongsoftware.com\/ca\/wp-json\/wp\/v2\/types\/post"}],"author":[{"embeddable":true,"href":"https:\/\/tucomarca.whitekongsoftware.com\/ca\/wp-json\/wp\/v2\/users\/12"}],"replies":[{"embeddable":true,"href":"https:\/\/tucomarca.whitekongsoftware.com\/ca\/wp-json\/wp\/v2\/comments?post=182325"}],"version-history":[{"count":0,"href":"https:\/\/tucomarca.whitekongsoftware.com\/ca\/wp-json\/wp\/v2\/posts\/182325\/revisions"}],"wp:featuredmedia":[{"embeddable":true,"href":"https:\/\/tucomarca.whitekongsoftware.com\/ca\/wp-json\/wp\/v2\/media\/182321"}],"wp:attachment":[{"href":"https:\/\/tucomarca.whitekongsoftware.com\/ca\/wp-json\/wp\/v2\/media?parent=182325"}],"wp:term":[{"taxonomy":"category","embeddable":true,"href":"https:\/\/tucomarca.whitekongsoftware.com\/ca\/wp-json\/wp\/v2\/categories?post=182325"},{"taxonomy":"post_tag","embeddable":true,"href":"https:\/\/tucomarca.whitekongsoftware.com\/ca\/wp-json\/wp\/v2\/tags?post=182325"}],"curies":[{"name":"wp","href":"https:\/\/api.w.org\/{rel}","templated":true}]}}