{"id":182296,"date":"2023-03-31T11:00:00","date_gmt":"2023-03-31T10:00:00","guid":{"rendered":"https:\/\/www.tucomarca.com\/wordpress\/segunda\/?p=182296"},"modified":"2023-03-31T13:46:46","modified_gmt":"2023-03-31T12:46:46","slug":"xest-aprova-un-projecte-fotovoltaic-de-25-mw-que-permetra-a-veins-i-empreses-locals-reduir-fins-a-un-70-la-factura-electrica","status":"publish","type":"post","link":"https:\/\/tucomarca.whitekongsoftware.com\/ca\/xest-aprova-un-projecte-fotovoltaic-de-25-mw-que-permetra-a-veins-i-empreses-locals-reduir-fins-a-un-70-la-factura-electrica\/","title":{"rendered":"Xest aprova un projecte fotovoltaic de 25 MW que permetr\u00e0 a ve\u00efns i empreses locals reduir fins a un 70% la factura el\u00e8ctrica"},"content":{"rendered":"\n<h4 class=\"wp-block-heading\">L&#8217;Ajuntament de Xest traur\u00e0 a licitaci\u00f3 l&#8217;execuci\u00f3 del projecte Xest Luz Verde, elaborat des de la regidoria de Medi Ambient, amb el recolzat de la Generalitat.<\/h4>\n\n\n\n<h4 class=\"wp-block-heading\">El projecte ha sigut reconegut per l&#8217;Escola T\u00e8cnica Superior d&#8217;Enginyeria Industrial de la Universitat Polit\u00e8cnica de Val\u00e8ncia en tractar-se d&#8217;una iniciativa pionera per a un consum energ\u00e8tic sostenible.<\/h4>\n\n\n\n<p class=\"wp-block-paragraph\">L&#8217;Ajuntament de Xest ha aprovat l&#8217;execuci\u00f3 de Xest Luz Verde, un projecte fotovoltaic de 25 MW, repartits en m\u00e9s de 30 punts d&#8217;autoconsum, i que permetr\u00e0, als prop de 10.000 habitants del municipi, reduir fins a un 70 per cent la seua factura el\u00e8ctrica.&nbsp;<br>Les instal\u00b7lacions fotovoltaiques per a autoconsum ocuparan una superf\u00edcie aproximada de 275.000m2, distribu\u00efts en diferents espais degradats i altres de nova construcci\u00f3, subministrant tamb\u00e9 energia a les m\u00e9s de 500 empreses de la zona, m\u00e9s de 100 comer\u00e7os, 4 pol\u00edgons industrials, el circuit de motos Ricardo Tormo i la universitat laboral, a m\u00e9s de cobrir tot l&#8217;enllumenat p\u00fablic i edificis municipals, amb un m\u00ednim de reducci\u00f3 de cost del preu de l&#8217;energia d&#8217;un 10% per davall del Mercat Ib\u00e8ric d&#8217;Energia (OMIE).<br>Aix\u00ed mateix, el projecte Xest Luz Verde, elaborat per David Pujals, regidor de Medi Ambient, amb el recolzat de la Generalitat Valenciana, suposar\u00e0, des del punt de vista de l&#8217;impacte mediambiental, l&#8217;equivalent a plantar 288.000 arbres, permetent reduir, aix\u00ed, prop de 19.000 tones d&#8217;emissions de CO\u2082 a l&#8217;atmosfera.<br>La presentaci\u00f3 del projecte final s&#8217;ha dut a terme aquesta vesprada en un acte al qual han assistit la consellera d&#8217;Agricultura, Desenvolupament Rural, Emerg\u00e8ncia Clim\u00e0tica i Transici\u00f3 Ecol\u00f2gica, Isaura Navarro; la primera tinenta alcalde de l&#8217;Ajuntament de Xest, M\u00aa \u00c1ngeles Llorente; el regidor d&#8217;Ocupaci\u00f3 i Serveis Jos\u00e9 Vicente Guijarro i el regidor de Medi Ambient, David Pujals, creador i impulsor d&#8217;aquesta iniciativa.<br>Per part seua, l&#8217;enginyer industrial, Jos\u00e9 Dur\u00e1, ha sigut l&#8217;encarregat d&#8217;explicar les diverses actuacions que s&#8217;emmarquen en aquest projecte pioner de transformaci\u00f3 global, que oferir\u00e0 a la zona una alternativa de consum energ\u00e8tic m\u00e9s econ\u00f2mica i respectuosa amb el medi ambient.<br>Com ha explicat el regidor David Pujals, \u201caquest projecte destaca per aprofitar al m\u00e0xim els recursos disponibles, creant noves infraestructures i implicant l&#8217;empresa privada i al sector p\u00fablic per a logar el benefici de tota la societat, sense deixar-nos ning\u00fa arrere, i sent un model d&#8217;autoconsum sense precedents\u201d<br>\u201cEs tracta d&#8217;una iniciativa de gran envergadura que suposar\u00e0 molt per al nostre poble. Ara nom\u00e9s queda la voluntat pol\u00edtica, que dep\u00e9n dels 13 regidors d&#8217;aquest ajuntament, que Xest passe a ser referent i que els nostres ve\u00efns i ve\u00efnes puguen assegurar-se aquests beneficis\u201d, ha indicat David Pujals.&nbsp;<br>Cal destacar que l&#8217;Escola T\u00e8cnica Superior d&#8217;Enginyeria Industrial de Val\u00e8ncia de la Universitat Polit\u00e8cnica ha reconegut recentment la labor del regidor de Medi Ambient de l&#8217;Ajuntament de Xest en el disseny i impuls del projecte Xest Luz Verde, en tractar-se d&#8217;una iniciativa pionera per a un consum energ\u00e8tic sostenible, amb perspectives de convertir-se en un projecte de gran import\u00e0ncia no sols en el municipi, sin\u00f3 en tota la Comunitat Valenciana.<\/p>\n\n\n\n<p class=\"wp-block-paragraph\"><\/p>\n","protected":false},"excerpt":{"rendered":"<div class=\"mh-excerpt\">L&#8217;Ajuntament de Xest traur\u00e0 a licitaci\u00f3 l&#8217;execuci\u00f3 del projecte Xest Luz Verde, elaborat des de la regidoria de Medi Ambient, amb el recolzat de la Generalitat. El projecte ha sigut reconegut per l&#8217;Escola T\u00e8cnica Superior <a class=\"mh-excerpt-more\" href=\"https:\/\/tucomarca.whitekongsoftware.com\/ca\/xest-aprova-un-projecte-fotovoltaic-de-25-mw-que-permetra-a-veins-i-empreses-locals-reduir-fins-a-un-70-la-factura-electrica\/\" title=\"Xest aprova un projecte fotovoltaic de 25 MW que permetr\u00e0 a ve\u00efns i empreses locals reduir fins a un 70% la factura el\u00e8ctrica\">[+] <\/a><\/div>\n","protected":false},"author":12,"featured_media":182330,"comment_status":"open","ping_status":"open","sticky":false,"template":"","format":"standard","meta":{"footnotes":""},"categories":[10898,10948,10894,10912,10903,10947,10896,10974],"tags":[11071,15575,18462,10914],"class_list":["post-182296","post","type-post","status-publish","format-standard","has-post-thumbnail","category-ventana-ca","category-infraestructuras-ca","category-la-comarca-ca","category-la-hoya-ca","category-medio-ambiente-la-comarca-ca","category-politica","category-seccion-ca","category-cheste-ca","tag-cheste","tag-cheste-luz-verde-ca","tag-energia-fotovoltaica-ca","tag-la-hoya-de-bunol-chiva-ca"],"_links":{"self":[{"href":"https:\/\/tucomarca.whitekongsoftware.com\/ca\/wp-json\/wp\/v2\/posts\/182296","targetHints":{"allow":["GET"]}}],"collection":[{"href":"https:\/\/tucomarca.whitekongsoftware.com\/ca\/wp-json\/wp\/v2\/posts"}],"about":[{"href":"https:\/\/tucomarca.whitekongsoftware.com\/ca\/wp-json\/wp\/v2\/types\/post"}],"author":[{"embeddable":true,"href":"https:\/\/tucomarca.whitekongsoftware.com\/ca\/wp-json\/wp\/v2\/users\/12"}],"replies":[{"embeddable":true,"href":"https:\/\/tucomarca.whitekongsoftware.com\/ca\/wp-json\/wp\/v2\/comments?post=182296"}],"version-history":[{"count":0,"href":"https:\/\/tucomarca.whitekongsoftware.com\/ca\/wp-json\/wp\/v2\/posts\/182296\/revisions"}],"wp:featuredmedia":[{"embeddable":true,"href":"https:\/\/tucomarca.whitekongsoftware.com\/ca\/wp-json\/wp\/v2\/media\/182330"}],"wp:attachment":[{"href":"https:\/\/tucomarca.whitekongsoftware.com\/ca\/wp-json\/wp\/v2\/media?parent=182296"}],"wp:term":[{"taxonomy":"category","embeddable":true,"href":"https:\/\/tucomarca.whitekongsoftware.com\/ca\/wp-json\/wp\/v2\/categories?post=182296"},{"taxonomy":"post_tag","embeddable":true,"href":"https:\/\/tucomarca.whitekongsoftware.com\/ca\/wp-json\/wp\/v2\/tags?post=182296"}],"curies":[{"name":"wp","href":"https:\/\/api.w.org\/{rel}","templated":true}]}}