{"id":182209,"date":"2023-03-29T11:11:00","date_gmt":"2023-03-29T10:11:00","guid":{"rendered":"https:\/\/www.tucomarca.com\/wordpress\/segunda\/?p=182209"},"modified":"2023-03-29T18:50:07","modified_gmt":"2023-03-29T17:50:07","slug":"la-socialista-noemi-morales-presenta-la-seua-candidatura-a-lalcaldia-de-la-pobla-de-vallbona","status":"publish","type":"post","link":"https:\/\/tucomarca.whitekongsoftware.com\/ca\/la-socialista-noemi-morales-presenta-la-seua-candidatura-a-lalcaldia-de-la-pobla-de-vallbona\/","title":{"rendered":"La socialista Noem\u00ed Morales presenta la seua candidatura a l&#8217;alcaldia de La Pobla de Vallbona"},"content":{"rendered":"\n<p class=\"wp-block-paragraph\">El PSPV-PSOE va celebrar aquest dilluns la presentaci\u00f3 de Noem\u00ed Morales com a candidata socialista a l&#8217;Alcaldia de la Pobla de Vallbona, una cita en la qual van participar la sotssecret\u00e0ria general i d&#8217;Igualtat del partit, Ana Dom\u00ednguez, i la secret\u00e0ria general de la comarca de Camp del T\u00faria, Lola Celda. Ambdues van posar en valor la capacitat i fortalesa de Morales per a ser la pr\u00f2xima alcaldessa del municipi i treballar \u201cdia a dia pel futur de sa Pobla i dels seus ve\u00efns\u201d.&nbsp;<\/p>\n\n\n\n<p class=\"wp-block-paragraph\">En aquest sentit, la sotssecret\u00e0ria del PSPV-PSOE va defensar que \u201cel millor actiu que tenim els i les socialistes s\u00f3n els nostres alcaldes i alcaldesses, i Noem\u00ed el demostrar\u00e0 amb fets\u201d i remarcat que \u201cser\u00e0 ella la que liderar\u00e0 un projecte de majories i buscar la confian\u00e7a del seu poble\u201d.&nbsp;<\/p>\n\n\n\n<p class=\"wp-block-paragraph\">Aix\u00ed mateix, els socialistes valencians van destacar durant l&#8217;acte de presentaci\u00f3 l&#8217;aposta que el Govern de Ximo Puig est\u00e0 fent per la Pobla de Vallbona on els Pressupostos de la Generalitat Valenciana per a 2023 destinen un total de 2.322.435\u20ac que donaran resposta a moltes de les reivindicacions del municipi.<\/p>\n\n\n\n<p class=\"wp-block-paragraph\"><\/p>\n","protected":false},"excerpt":{"rendered":"<div class=\"mh-excerpt\">El PSPV-PSOE va celebrar aquest dilluns la presentaci\u00f3 de Noem\u00ed Morales com a candidata socialista a l&#8217;Alcaldia de la Pobla de Vallbona, una cita en la qual van participar la sotssecret\u00e0ria general i d&#8217;Igualtat del <a class=\"mh-excerpt-more\" href=\"https:\/\/tucomarca.whitekongsoftware.com\/ca\/la-socialista-noemi-morales-presenta-la-seua-candidatura-a-lalcaldia-de-la-pobla-de-vallbona\/\" title=\"La socialista Noem\u00ed Morales presenta la seua candidatura a l&#8217;alcaldia de La Pobla de Vallbona\">[+] <\/a><\/div>\n","protected":false},"author":12,"featured_media":182207,"comment_status":"open","ping_status":"open","sticky":false,"template":"","format":"standard","meta":{"footnotes":""},"categories":[10892,10948,10894,10915,10947,10896],"tags":[10899,10916,18973],"class_list":["post-182209","post","type-post","status-publish","format-standard","has-post-thumbnail","category-camp-de-turia-ca","category-infraestructuras-ca","category-la-comarca-ca","category-la-pobla-ca","category-politica","category-seccion-ca","tag-camp-de-turia-ca","tag-la-pobla-de-vallbona-ca","tag-pspv-psoe-de-la-pobla-de-vallbona-ca"],"_links":{"self":[{"href":"https:\/\/tucomarca.whitekongsoftware.com\/ca\/wp-json\/wp\/v2\/posts\/182209","targetHints":{"allow":["GET"]}}],"collection":[{"href":"https:\/\/tucomarca.whitekongsoftware.com\/ca\/wp-json\/wp\/v2\/posts"}],"about":[{"href":"https:\/\/tucomarca.whitekongsoftware.com\/ca\/wp-json\/wp\/v2\/types\/post"}],"author":[{"embeddable":true,"href":"https:\/\/tucomarca.whitekongsoftware.com\/ca\/wp-json\/wp\/v2\/users\/12"}],"replies":[{"embeddable":true,"href":"https:\/\/tucomarca.whitekongsoftware.com\/ca\/wp-json\/wp\/v2\/comments?post=182209"}],"version-history":[{"count":0,"href":"https:\/\/tucomarca.whitekongsoftware.com\/ca\/wp-json\/wp\/v2\/posts\/182209\/revisions"}],"wp:featuredmedia":[{"embeddable":true,"href":"https:\/\/tucomarca.whitekongsoftware.com\/ca\/wp-json\/wp\/v2\/media\/182207"}],"wp:attachment":[{"href":"https:\/\/tucomarca.whitekongsoftware.com\/ca\/wp-json\/wp\/v2\/media?parent=182209"}],"wp:term":[{"taxonomy":"category","embeddable":true,"href":"https:\/\/tucomarca.whitekongsoftware.com\/ca\/wp-json\/wp\/v2\/categories?post=182209"},{"taxonomy":"post_tag","embeddable":true,"href":"https:\/\/tucomarca.whitekongsoftware.com\/ca\/wp-json\/wp\/v2\/tags?post=182209"}],"curies":[{"name":"wp","href":"https:\/\/api.w.org\/{rel}","templated":true}]}}