{"id":182201,"date":"2023-03-29T11:12:00","date_gmt":"2023-03-29T10:12:00","guid":{"rendered":"https:\/\/www.tucomarca.com\/wordpress\/segunda\/?p=182201"},"modified":"2023-03-29T18:53:09","modified_gmt":"2023-03-29T17:53:09","slug":"el-socialista-fernando-arenas-dona-a-coneixer-al-seu-equip-en-un-pati-ple-de-la-casa-alamanzon-dutiel","status":"publish","type":"post","link":"https:\/\/tucomarca.whitekongsoftware.com\/ca\/el-socialista-fernando-arenas-dona-a-coneixer-al-seu-equip-en-un-pati-ple-de-la-casa-alamanzon-dutiel\/","title":{"rendered":"El socialista Fernando Arenas dona a con\u00e9ixer al seu equip en un pati ple de la Casa Alamanz\u00f3n d&#8217;Utiel"},"content":{"rendered":"\n<p class=\"wp-block-paragraph\">Dissabte passat, 25 de mar\u00e7, se citaven al Pati de la Casa Alamanz\u00f3n els i les socialistes d&#8217;Utiel per a con\u00e9ixer a l&#8217;equip del candidat a l&#8217;alcaldia Fernando Arenas.<\/p>\n\n\n\n<p class=\"wp-block-paragraph\">Amb un pati de la casa que alberga el museu municipal ple de simpatitzants, amics i amigues, i companys i companyes, Arenas presentava a un renovat equip amb la il\u00b7lusi\u00f3 i les ganes de revalidar l&#8217;alcaldia socialista en el municipi el pr\u00f2xim 28 de maig.<\/p>\n\n\n\n<p class=\"wp-block-paragraph\">Per a elaborar aquesta candidatura, Fernando Arenas ha volgut combinar l&#8217;experi\u00e8ncia de gesti\u00f3 en el govern de molts dels seus companys i actuals regidors en el consistori, amb noves cares joves i amb ganes i il\u00b7lusi\u00f3 d&#8217;aportar molt a Utiel.<\/p>\n\n\n\n<p class=\"wp-block-paragraph\">Aquest equip que presentava Arenas ja havia sigut ratificat, per unanimitat, en assemblea local.<\/p>\n\n\n\n<p class=\"wp-block-paragraph\">L&#8217;acte va comptar amb l&#8217;assist\u00e8ncia del Secretari Auton\u00f2mic d&#8217;Agricultura i responsable d&#8217;aqueixa mat\u00e8ria en l&#8217;executiva nacional del PSPV-PSOE Roger Llanes i el Vicepresident de Diputaci\u00f3, Secretari General del PSPV- PSOE de la Prov\u00edncia de Val\u00e8ncia i actual alcalde de Mislata, Carlos Fern\u00e1ndez Bielsa que apuntava que&nbsp;<strong><em>\u201cEls socialistes hem demostrat que gestionem millor, Utiel vol mirar al futur\u201d<\/em><\/strong><\/p>\n\n\n\n<p class=\"wp-block-paragraph\">Les m\u00e9s de 200 persones esperaven impacients i il\u00b7lusionades con\u00e9ixer la llista encap\u00e7alada per Arenas, que tancava les intervencions reivindicant el seu orgull de pertinen\u00e7a al poble i al s\u00f2lid projecte que liderar\u00e0 a Utiel, destacant la uni\u00f3 de l&#8217;equip.<\/p>\n\n\n\n<p class=\"wp-block-paragraph\">Han sigut moltes les persones que han volgut sumar-se a aquest projecte encap\u00e7alat per Fernando Arenas de les quals formen el seg\u00fcent equip:<\/p>\n\n\n\n<ol class=\"wp-block-list\"><li>Fernando Arenas Mateos-Aparicio&nbsp;<\/li><li>Eloisa Viana Moreno<\/li><li>Jos\u00e9 Luis Arenas S\u00e1nchez<\/li><li>Manuela Navarro Torregrosa<\/li><li>Alejandro Mart\u00ednez G\u00f3mez<\/li><li>Mar\u00eda Carmen L\u00f3pez Gonz\u00e1lez<\/li><li>Paula Yag\u00fce G\u00f3mez<\/li><li>Rafael Moya Garc\u00eda<\/li><li>V\u00edctor Herrera Latorre<\/li><li>Mar\u00eda Mil\u00e0 Yag\u00fce<\/li><li>Andr\u00e9s Mej\u00edas Cerd\u00e1n<\/li><li>Susana Garijo Ruiz<\/li><li>Vicente Mart\u00ednez Gim\u00e9nez<\/li><li>Elena Fuster Clavijo<\/li><li>Juli\u00e1n Garc\u00eda Ruiz<\/li><li>Andrea Dom\u00ednguez Latorre<\/li><li>Cristian Fern\u00e1ndez Serrano<\/li><\/ol>\n\n\n\n<p class=\"wp-block-paragraph\">S1. Patricia Isabel L\u00f3pez Vergara<\/p>\n\n\n\n<p class=\"wp-block-paragraph\">S2. Antonio Alegre Hern\u00e1ndez<br>S3. Carla Borja Roda<br>S4. Luis Oscar Gonz\u00e1lez Garc\u00eda<\/p>\n\n\n\n<p class=\"wp-block-paragraph\">S5. Elena L\u00f3pez P\u00e9rez.<\/p>\n\n\n\n<p class=\"wp-block-paragraph\">Finalment, l&#8217;acte va acabar amb tots les i els membres de l&#8217;equip damunt de l&#8217;escenari i amb tots els assistents a l&#8217;acte en peus en una forta ovaci\u00f3.<\/p>\n\n\n\n<p class=\"wp-block-paragraph\"><\/p>\n","protected":false},"excerpt":{"rendered":"<div class=\"mh-excerpt\">Dissabte passat, 25 de mar\u00e7, se citaven al Pati de la Casa Alamanz\u00f3n els i les socialistes d&#8217;Utiel per a con\u00e9ixer a l&#8217;equip del candidat a l&#8217;alcaldia Fernando Arenas. Amb un pati de la casa <a class=\"mh-excerpt-more\" href=\"https:\/\/tucomarca.whitekongsoftware.com\/ca\/el-socialista-fernando-arenas-dona-a-coneixer-al-seu-equip-en-un-pati-ple-de-la-casa-alamanzon-dutiel\/\" title=\"El socialista Fernando Arenas dona a con\u00e9ixer al seu equip en un pati ple de la Casa Alamanz\u00f3n d&#8217;Utiel\">[+] <\/a><\/div>\n","protected":false},"author":12,"featured_media":182200,"comment_status":"open","ping_status":"open","sticky":false,"template":"","format":"standard","meta":{"footnotes":""},"categories":[10948,10894,10947,10909,10896,11059],"tags":[18971,10910,11174],"class_list":["post-182201","post","type-post","status-publish","format-standard","has-post-thumbnail","category-infraestructuras-ca","category-la-comarca-ca","category-politica","category-requena-utiel-ca","category-seccion-ca","category-utiel-ca","tag-pspv-psoe-utiel-ca","tag-requena-utiel-ca","tag-utiel-ca"],"_links":{"self":[{"href":"https:\/\/tucomarca.whitekongsoftware.com\/ca\/wp-json\/wp\/v2\/posts\/182201","targetHints":{"allow":["GET"]}}],"collection":[{"href":"https:\/\/tucomarca.whitekongsoftware.com\/ca\/wp-json\/wp\/v2\/posts"}],"about":[{"href":"https:\/\/tucomarca.whitekongsoftware.com\/ca\/wp-json\/wp\/v2\/types\/post"}],"author":[{"embeddable":true,"href":"https:\/\/tucomarca.whitekongsoftware.com\/ca\/wp-json\/wp\/v2\/users\/12"}],"replies":[{"embeddable":true,"href":"https:\/\/tucomarca.whitekongsoftware.com\/ca\/wp-json\/wp\/v2\/comments?post=182201"}],"version-history":[{"count":0,"href":"https:\/\/tucomarca.whitekongsoftware.com\/ca\/wp-json\/wp\/v2\/posts\/182201\/revisions"}],"wp:featuredmedia":[{"embeddable":true,"href":"https:\/\/tucomarca.whitekongsoftware.com\/ca\/wp-json\/wp\/v2\/media\/182200"}],"wp:attachment":[{"href":"https:\/\/tucomarca.whitekongsoftware.com\/ca\/wp-json\/wp\/v2\/media?parent=182201"}],"wp:term":[{"taxonomy":"category","embeddable":true,"href":"https:\/\/tucomarca.whitekongsoftware.com\/ca\/wp-json\/wp\/v2\/categories?post=182201"},{"taxonomy":"post_tag","embeddable":true,"href":"https:\/\/tucomarca.whitekongsoftware.com\/ca\/wp-json\/wp\/v2\/tags?post=182201"}],"curies":[{"name":"wp","href":"https:\/\/api.w.org\/{rel}","templated":true}]}}