{"id":182158,"date":"2023-03-29T09:09:00","date_gmt":"2023-03-29T08:09:00","guid":{"rendered":"https:\/\/www.tucomarca.com\/wordpress\/segunda\/?p=182158"},"modified":"2023-03-29T13:42:58","modified_gmt":"2023-03-29T12:42:58","slug":"fotogaleria-arranca-la-ii-setmana-de-la-salut-de-xest-amb-una-marxa-per-la-salut-i-la-pau","status":"publish","type":"post","link":"https:\/\/tucomarca.whitekongsoftware.com\/ca\/fotogaleria-arranca-la-ii-setmana-de-la-salut-de-xest-amb-una-marxa-per-la-salut-i-la-pau\/","title":{"rendered":"Fotogaler\u00eda: arranca la II Setmana de la Salut de Xest amb una marxa per la Salut i la Pau\u00a0"},"content":{"rendered":"\n<p class=\"wp-block-paragraph\">Ahir, 27 de mar\u00e7, la Regidoria de Sanitat va donar el tret d&#8217;eixida de la II Setmana de la Salut de Xest amb la celebraci\u00f3 de la marxa \u201cMovent-nos per la Salut i la Pau\u201d.&nbsp;<\/p>\n\n\n\n<p class=\"wp-block-paragraph\">L&#8217;acte va comptar amb la participaci\u00f3 de professorat del CEIP Francisco Giner dels Rius, de l&#8217;IES Ricardo Mar\u00edn i del Centre de Formaci\u00f3 de Persones Adultes, a m\u00e9s de ve\u00efns i ve\u00efnes de totes les edats que es van sumar a completar el recorregut des de la pla\u00e7a II Rep\u00fablica. La marxa va finalitzar en la pla\u00e7a de l&#8217;Ermita amb la lectura de dos manifestos, per la Sanitat P\u00fablica i per la Pau, i una actuaci\u00f3 de m\u00fasica en directe, a c\u00e0rrec de Jos\u00e9 Vicente Domingo.&nbsp;<\/p>\n\n\n\n<p class=\"wp-block-paragraph\">\u201cLa pand\u00e8mia del Coronavirus&nbsp;va posar de manifest les&nbsp;febleses i les fortaleses del sistema sanitari. La creaci\u00f3 del Sistema Nacional de Salut a Espanya ha sigut un dels grans assoliments de la Democr\u00e0cia, ja que va permetre l&#8217;acc\u00e9s universal i gratu\u00eft a totes les persones. Hi ha tres motius claus pels quals hem de continuar defensant-ho: perqu\u00e8 \u00e9s eficient i equitatiu; perqu\u00e8 si no ho defensem de les pol\u00edtiques dirigides a deteriorar-ho, podem perdre-ho; i perqu\u00e8 els intents de privatitzaci\u00f3 no pararan si no els detenim. Necessitem recuperar la Sanitat P\u00fablica des de&nbsp;la&nbsp;voluntat&nbsp;col\u00b7lectiva&nbsp;i&nbsp;i el m\u00e9s ampli consens pol\u00edtic i social.&nbsp;Per aix\u00f2, demanem als partits pol\u00edtics, a totes les organitzacions&nbsp;sindicals,&nbsp;ciutadanes, associacions professionals&nbsp;sanit\u00e0ries, consumidors i&nbsp;entitats de tota naturalesa social i cultural,&nbsp;que facen costat&nbsp;a&nbsp;la Sanitat P\u00fablica\u201d, va manifestar la regidora de Sanitat, M\u00aa \u00c1ngeles Llorente.<\/p>\n\n\n\n<p class=\"wp-block-paragraph\">A m\u00e9s de manifestar-se en pro de la Sanitat P\u00fablica, la regidora va proposar una reflexi\u00f3 sobre la pau com a dret hum\u00e0. \u201cActualment hi ha molts conflictes oberts en el m\u00f3n provocant immensos sofriments als \u00e9ssers humans. No \u00e9s possible parar la guerra enviant tancs i armes als pa\u00efsos en conflicte. Cal for\u00e7ar negociacions per a la pau. Una guerra se sap quan comen\u00e7a, per\u00f2 mai quan acaba, ni l&#8217;abast que tindr\u00e0. Les seues conseq\u00fc\u00e8ncies s\u00f3n imprevisibles i demolidores. \u00c9s urgent impulsar una mobilitzaci\u00f3 social en tota Europa contra la guerra. Posar en marxa de manera immediata converses de pau en el marc de l&#8217;ONU i de l&#8217;OSCE, per a aconseguir un acord de pau que pose fi a aquesta confrontaci\u00f3 b\u00e8l\u00b7lica i a les altres guerres oblidades a tot el m\u00f3n\u201d, declarava Llorente.<\/p>\n\n\n\n<p class=\"wp-block-paragraph\"><strong>II Setmana de la Salut<br><\/strong>A m\u00e9s de la marxa, durant tot el dia es van realitzar activitats. La jornada es va obrir amb una classe de pilates, impartida per l&#8217;associaci\u00f3 ChesteFit, seguida d&#8217;una xarrada titulada F\u00e0rmacs en el sistema nacional de salut, a c\u00e0rrec del coordinador del Centre de Salut de Xest, Esteban Rosero. A m\u00e9s, el Gimn\u00e0s Xest va oferir una classe gratu\u00efta de hip-hop per a adolescents i es van realitzar diferents activitats i tallers en els centres educatius de la localitat. El dia va finalitzar amb una sessi\u00f3 de Bodypump, a c\u00e0rrec de ChesteFit.<\/p>\n\n\n\n<p class=\"wp-block-paragraph\">La Setmana de la Salut continuar\u00e0 celebrant-se fins al diumenge, amb un complet programa en el qual es recullen xarrades, tallers i classes gratu\u00eftes de diferents disciplines esportives. El dissabte, 1 d&#8217;abril, tindr\u00e0 lloc la jornada Connecta amb la naturalesa; es desenvolupar\u00e0 de 10.00 a 13.00 en la segona arbreda del poliesportiu municipal i englobar\u00e0 tallers mediambientals, sessions de taitx\u00ed, chikung i ioga, i un esmorzar saludable per a totes les persones assistents. El diumenge, 2 d&#8217;abril, es tancar\u00e0 la Setmana de la Salut amb la I Fira de la Salut de Xest, de 10.00 a 14.00 en la pla\u00e7a Doctor Cajal. Aquesta fira comptar\u00e0 amb estands, classes de Bodi Attack i zumba i exhibicions d&#8217;arts marcials, de musicoter\u00e0pia i de dansa intergeneracional.<\/p>\n\n\n\n<figure class=\"wp-block-gallery has-nested-images columns-2 is-cropped wp-block-gallery-1 is-layout-flex wp-block-gallery-is-layout-flex\">\n<figure class=\"wp-block-image size-large\"><img loading=\"lazy\" decoding=\"async\" width=\"886\" height=\"591\" data-id=\"182152\" src=\"http:\/\/www.tucomarca.com\/wordpress\/segunda\/wp-content\/uploads\/2023\/03\/Cheste_MarchaSaludPaz_2.jpg\" alt=\"\" class=\"wp-image-182152\" srcset=\"https:\/\/tucomarca.whitekongsoftware.com\/wp-content\/uploads\/2023\/03\/Cheste_MarchaSaludPaz_2.jpg 886w, https:\/\/tucomarca.whitekongsoftware.com\/wp-content\/uploads\/2023\/03\/Cheste_MarchaSaludPaz_2-300x200.jpg 300w, https:\/\/tucomarca.whitekongsoftware.com\/wp-content\/uploads\/2023\/03\/Cheste_MarchaSaludPaz_2-768x512.jpg 768w\" sizes=\"auto, (max-width: 886px) 100vw, 886px\" \/><\/figure>\n\n\n\n<figure class=\"wp-block-image size-large\"><img loading=\"lazy\" decoding=\"async\" width=\"886\" height=\"591\" data-id=\"182154\" src=\"http:\/\/www.tucomarca.com\/wordpress\/segunda\/wp-content\/uploads\/2023\/03\/Cheste_MarchaSaludPaz_3.jpg\" alt=\"\" class=\"wp-image-182154\" srcset=\"https:\/\/tucomarca.whitekongsoftware.com\/wp-content\/uploads\/2023\/03\/Cheste_MarchaSaludPaz_3.jpg 886w, https:\/\/tucomarca.whitekongsoftware.com\/wp-content\/uploads\/2023\/03\/Cheste_MarchaSaludPaz_3-300x200.jpg 300w, https:\/\/tucomarca.whitekongsoftware.com\/wp-content\/uploads\/2023\/03\/Cheste_MarchaSaludPaz_3-768x512.jpg 768w\" sizes=\"auto, (max-width: 886px) 100vw, 886px\" \/><\/figure>\n\n\n\n<figure class=\"wp-block-image size-large\"><img loading=\"lazy\" decoding=\"async\" width=\"886\" height=\"591\" data-id=\"182160\" src=\"http:\/\/www.tucomarca.com\/wordpress\/segunda\/wp-content\/uploads\/2023\/03\/Cheste_MarchaSaludPaz_1.jpg\" alt=\"\" class=\"wp-image-182160\" srcset=\"https:\/\/tucomarca.whitekongsoftware.com\/wp-content\/uploads\/2023\/03\/Cheste_MarchaSaludPaz_1.jpg 886w, https:\/\/tucomarca.whitekongsoftware.com\/wp-content\/uploads\/2023\/03\/Cheste_MarchaSaludPaz_1-300x200.jpg 300w, https:\/\/tucomarca.whitekongsoftware.com\/wp-content\/uploads\/2023\/03\/Cheste_MarchaSaludPaz_1-768x512.jpg 768w\" sizes=\"auto, (max-width: 886px) 100vw, 886px\" \/><\/figure>\n\n\n\n<figure class=\"wp-block-image size-large\"><img loading=\"lazy\" decoding=\"async\" width=\"886\" height=\"591\" data-id=\"182150\" src=\"http:\/\/www.tucomarca.com\/wordpress\/segunda\/wp-content\/uploads\/2023\/03\/Cheste_MarchaSaludPaz_7.jpg\" alt=\"\" class=\"wp-image-182150\" srcset=\"https:\/\/tucomarca.whitekongsoftware.com\/wp-content\/uploads\/2023\/03\/Cheste_MarchaSaludPaz_7.jpg 886w, https:\/\/tucomarca.whitekongsoftware.com\/wp-content\/uploads\/2023\/03\/Cheste_MarchaSaludPaz_7-300x200.jpg 300w, https:\/\/tucomarca.whitekongsoftware.com\/wp-content\/uploads\/2023\/03\/Cheste_MarchaSaludPaz_7-768x512.jpg 768w\" sizes=\"auto, (max-width: 886px) 100vw, 886px\" \/><\/figure>\n\n\n\n<figure class=\"wp-block-image size-large\"><img loading=\"lazy\" decoding=\"async\" width=\"886\" height=\"591\" data-id=\"182148\" src=\"http:\/\/www.tucomarca.com\/wordpress\/segunda\/wp-content\/uploads\/2023\/03\/Cheste_MarchaSaludPaz_6.jpg\" alt=\"\" class=\"wp-image-182148\" srcset=\"https:\/\/tucomarca.whitekongsoftware.com\/wp-content\/uploads\/2023\/03\/Cheste_MarchaSaludPaz_6.jpg 886w, https:\/\/tucomarca.whitekongsoftware.com\/wp-content\/uploads\/2023\/03\/Cheste_MarchaSaludPaz_6-300x200.jpg 300w, https:\/\/tucomarca.whitekongsoftware.com\/wp-content\/uploads\/2023\/03\/Cheste_MarchaSaludPaz_6-768x512.jpg 768w\" sizes=\"auto, (max-width: 886px) 100vw, 886px\" \/><\/figure>\n<\/figure>\n","protected":false},"excerpt":{"rendered":"<div class=\"mh-excerpt\">Ahir, 27 de mar\u00e7, la Regidoria de Sanitat va donar el tret d&#8217;eixida de la II Setmana de la Salut de Xest amb la celebraci\u00f3 de la marxa \u201cMovent-nos per la Salut i la Pau\u201d.&nbsp; <a class=\"mh-excerpt-more\" href=\"https:\/\/tucomarca.whitekongsoftware.com\/ca\/fotogaleria-arranca-la-ii-setmana-de-la-salut-de-xest-amb-una-marxa-per-la-salut-i-la-pau\/\" title=\"Fotogaler\u00eda: arranca la II Setmana de la Salut de Xest amb una marxa per la Salut i la Pau\u00a0\">[+] <\/a><\/div>\n","protected":false},"author":12,"featured_media":182146,"comment_status":"open","ping_status":"open","sticky":false,"template":"","format":"gallery","meta":{"footnotes":""},"categories":[11010,10948,10894,10912,10896,10974],"tags":[11071,10914],"class_list":["post-182158","post","type-post","status-publish","format-gallery","has-post-thumbnail","category-canal-salud","category-infraestructuras-ca","category-la-comarca-ca","category-la-hoya-ca","category-seccion-ca","category-cheste-ca","tag-cheste","tag-la-hoya-de-bunol-chiva-ca","post_format-post-format-gallery"],"_links":{"self":[{"href":"https:\/\/tucomarca.whitekongsoftware.com\/ca\/wp-json\/wp\/v2\/posts\/182158","targetHints":{"allow":["GET"]}}],"collection":[{"href":"https:\/\/tucomarca.whitekongsoftware.com\/ca\/wp-json\/wp\/v2\/posts"}],"about":[{"href":"https:\/\/tucomarca.whitekongsoftware.com\/ca\/wp-json\/wp\/v2\/types\/post"}],"author":[{"embeddable":true,"href":"https:\/\/tucomarca.whitekongsoftware.com\/ca\/wp-json\/wp\/v2\/users\/12"}],"replies":[{"embeddable":true,"href":"https:\/\/tucomarca.whitekongsoftware.com\/ca\/wp-json\/wp\/v2\/comments?post=182158"}],"version-history":[{"count":0,"href":"https:\/\/tucomarca.whitekongsoftware.com\/ca\/wp-json\/wp\/v2\/posts\/182158\/revisions"}],"wp:featuredmedia":[{"embeddable":true,"href":"https:\/\/tucomarca.whitekongsoftware.com\/ca\/wp-json\/wp\/v2\/media\/182146"}],"wp:attachment":[{"href":"https:\/\/tucomarca.whitekongsoftware.com\/ca\/wp-json\/wp\/v2\/media?parent=182158"}],"wp:term":[{"taxonomy":"category","embeddable":true,"href":"https:\/\/tucomarca.whitekongsoftware.com\/ca\/wp-json\/wp\/v2\/categories?post=182158"},{"taxonomy":"post_tag","embeddable":true,"href":"https:\/\/tucomarca.whitekongsoftware.com\/ca\/wp-json\/wp\/v2\/tags?post=182158"}],"curies":[{"name":"wp","href":"https:\/\/api.w.org\/{rel}","templated":true}]}}