{"id":182083,"date":"2023-03-28T10:30:00","date_gmt":"2023-03-28T09:30:00","guid":{"rendered":"https:\/\/www.tucomarca.com\/wordpress\/segunda\/?p=182083"},"modified":"2023-03-28T21:54:00","modified_gmt":"2023-03-28T20:54:00","slug":"el-cd-bunyol-es-fica-en-llocs-de-promocio-despres-dimposar-se-a-domicili-1-2-al-segon-classificat-el-recanvis-colon","status":"publish","type":"post","link":"https:\/\/tucomarca.whitekongsoftware.com\/ca\/el-cd-bunyol-es-fica-en-llocs-de-promocio-despres-dimposar-se-a-domicili-1-2-al-segon-classificat-el-recanvis-colon\/","title":{"rendered":"El CD Bunyol es fica en llocs de promoci\u00f3 despr\u00e9s d&#8217;imposar-se a domicili (1-2) al tercer classificat, el Recanvis Col\u00f3n"},"content":{"rendered":"\n<p class=\"wp-block-paragraph\">El Club Esportiu Bunyol ha donat mostres aquest passat cap de setmana de l&#8217;enorme estat de forma en el qual es troba l&#8217;equip que est\u00e0 signant una de les millors traject\u00f2ries esportives de la present temporada en la Regional Preferent valenciana amb una progressi\u00f3 que li ha portat, amb la seua ratxa de vict\u00f2ries (i un empat) consecutives, des del lloc huit\u00e9 de la taula del grup segon a ficar-se entre els tres primers llocs que donen dret a jugar la promoci\u00f3 d&#8217;ascens a Tercera Divisi\u00f3.<\/p>\n\n\n\n<p class=\"wp-block-paragraph\">I \u00e9s que amb l&#8217;enorme vict\u00f2ria dels blancs sobre el, fins a aqueix moment, tercer classificat, el Recanvis Col\u00f3n, el CD Bunyol ha fet valdre unes credencials que no en va li han fet campi\u00f3 del seu grup durant les dues \u00faltimes temporades de lliga i en aquesta l&#8217;han convertit en el millor conjunt de la segona volta. <\/p>\n\n\n\n<p class=\"wp-block-paragraph\"><strong>Victoria a domicili del segon. <\/strong><\/p>\n\n\n\n<p class=\"wp-block-paragraph\">El CD Bunyol aconseguia imposar-se per un gol a 2 al Recanvis Col\u00f3n en el partit disputat aquest passat diumenge al mat\u00ed en Camp Municipal El Perdiguer dels de Catarroja amb gols d&#8217;Albert i de Duco, dos dels jugadors m\u00e9s en ratxa de l&#8217;equip blanc que estan marcant pr\u00e0cticament en tots les \u00faltimes trobades disputades. <\/p>\n\n\n\n<p class=\"wp-block-paragraph\">En aquesta ocasi\u00f3 i despr\u00e9s d&#8217;una primera part sense gols, ho van fer en la segona meitat, concretament en el minut 57 Albert i en el 71 Duco. Posteriorment, en el 90 retallarien dist\u00e0ncies els locals encara que ja sense temps per a l&#8217;empat i menys per a la remuntada. <\/p>\n\n\n\n<p class=\"wp-block-paragraph\">Amb aquest enorme triomf per als blancs sobre el Recanvis Col\u00f3n, l&#8217;equip se situa tercer amb 55 punts en la taula i a tot just un punt menys del segon, el Paiporta CF. Una classificaci\u00f3 que, de moment, continua encap\u00e7alant en solitari el CD Utiel gr\u00e0cies als seus 64 punts.<\/p>\n\n\n\n<p class=\"wp-block-paragraph\">Els blancs reben aquest cap de setmana en el Beltr\u00e1n B\u00e1guena la visita de la Uni\u00f3 Benetusser Favara CF, conjunt situat en el lloc 11 de la classificaci\u00f3 gr\u00e0cies als seus 29 punts, per la qual cosa, de nou, el CD Bunyol t\u00e9 una bona oportunitat de continuar incrementant el seu caseller.<\/p>\n","protected":false},"excerpt":{"rendered":"<div class=\"mh-excerpt\">El Club Esportiu Bunyol ha donat mostres aquest passat cap de setmana de l&#8217;enorme estat de forma en el qual es troba l&#8217;equip que est\u00e0 signant una de les millors traject\u00f2ries esportives de la present <a class=\"mh-excerpt-more\" href=\"https:\/\/tucomarca.whitekongsoftware.com\/ca\/el-cd-bunyol-es-fica-en-llocs-de-promocio-despres-dimposar-se-a-domicili-1-2-al-segon-classificat-el-recanvis-colon\/\" title=\"El CD Bunyol es fica en llocs de promoci\u00f3 despr\u00e9s d&#8217;imposar-se a domicili (1-2) al tercer classificat, el Recanvis Col\u00f3n\">[+] <\/a><\/div>\n","protected":false},"author":1,"featured_media":178712,"comment_status":"open","ping_status":"open","sticky":false,"template":"","format":"standard","meta":{"footnotes":""},"categories":[10911,11015,11003,10912,10896],"tags":[10913,11126,11074,11075,10914],"class_list":["post-182083","post","type-post","status-publish","format-standard","has-post-thumbnail","category-bunol-ca","category-canal-futbol","category-sports","category-la-hoya-ca","category-seccion-ca","tag-bunol-ca","tag-cd-bunol-ca","tag-deportes-ca","tag-futbol-ca","tag-la-hoya-de-bunol-chiva-ca"],"_links":{"self":[{"href":"https:\/\/tucomarca.whitekongsoftware.com\/ca\/wp-json\/wp\/v2\/posts\/182083","targetHints":{"allow":["GET"]}}],"collection":[{"href":"https:\/\/tucomarca.whitekongsoftware.com\/ca\/wp-json\/wp\/v2\/posts"}],"about":[{"href":"https:\/\/tucomarca.whitekongsoftware.com\/ca\/wp-json\/wp\/v2\/types\/post"}],"author":[{"embeddable":true,"href":"https:\/\/tucomarca.whitekongsoftware.com\/ca\/wp-json\/wp\/v2\/users\/1"}],"replies":[{"embeddable":true,"href":"https:\/\/tucomarca.whitekongsoftware.com\/ca\/wp-json\/wp\/v2\/comments?post=182083"}],"version-history":[{"count":0,"href":"https:\/\/tucomarca.whitekongsoftware.com\/ca\/wp-json\/wp\/v2\/posts\/182083\/revisions"}],"wp:featuredmedia":[{"embeddable":true,"href":"https:\/\/tucomarca.whitekongsoftware.com\/ca\/wp-json\/wp\/v2\/media\/178712"}],"wp:attachment":[{"href":"https:\/\/tucomarca.whitekongsoftware.com\/ca\/wp-json\/wp\/v2\/media?parent=182083"}],"wp:term":[{"taxonomy":"category","embeddable":true,"href":"https:\/\/tucomarca.whitekongsoftware.com\/ca\/wp-json\/wp\/v2\/categories?post=182083"},{"taxonomy":"post_tag","embeddable":true,"href":"https:\/\/tucomarca.whitekongsoftware.com\/ca\/wp-json\/wp\/v2\/tags?post=182083"}],"curies":[{"name":"wp","href":"https:\/\/api.w.org\/{rel}","templated":true}]}}