{"id":182036,"date":"2023-03-27T17:30:00","date_gmt":"2023-03-27T16:30:00","guid":{"rendered":"https:\/\/www.tucomarca.com\/wordpress\/segunda\/?p=182036"},"modified":"2023-03-28T20:09:49","modified_gmt":"2023-03-28T19:09:49","slug":"faura-protagonitza-la-campanya-de-presentacio-de-la-nova-imatge-corporativa-de-la-diputacio","status":"publish","type":"post","link":"https:\/\/tucomarca.whitekongsoftware.com\/ca\/faura-protagonitza-la-campanya-de-presentacio-de-la-nova-imatge-corporativa-de-la-diputacio\/","title":{"rendered":"V\u00eddeo: Faura protagonitza la campanya de presentaci\u00f3 de la nova imatge corporativa de la Diputaci\u00f3 de Val\u00e8ncia"},"content":{"rendered":"\n<h4 class=\"wp-block-heading\">Ve\u00efnes i ve\u00efns de la localitat del Camp de Morvedre, on \u00e9s alcalde el president Gaspar, es convertixen en actors i actrius per un dia per a donar a con\u00e9ixer la nova marca de la corporaci\u00f3 provincial<\/h4>\n\n\n\n<figure class=\"wp-block-embed is-type-video is-provider-youtube wp-block-embed-youtube wp-embed-aspect-16-9 wp-has-aspect-ratio\"><div class=\"wp-block-embed__wrapper\">\n<iframe loading=\"lazy\" title=\"Una diputaci\u00f3 tan pr\u00f2xima, actual i necess\u00e0ria com tu\" width=\"500\" height=\"281\" src=\"https:\/\/www.youtube.com\/embed\/gIALv2YUwIs?feature=oembed\" frameborder=\"0\" allow=\"accelerometer; autoplay; clipboard-write; encrypted-media; gyroscope; picture-in-picture; web-share\" referrerpolicy=\"strict-origin-when-cross-origin\" allowfullscreen><\/iframe>\n<\/div><\/figure>\n\n\n\n<figure class=\"wp-block-gallery has-nested-images columns-default is-cropped wp-block-gallery-1 is-layout-flex wp-block-gallery-is-layout-flex\">\n<figure class=\"wp-block-image size-large\"><img loading=\"lazy\" decoding=\"async\" width=\"1101\" height=\"693\" data-id=\"182029\" src=\"http:\/\/www.tucomarca.com\/wordpress\/segunda\/wp-content\/uploads\/2023\/03\/Faura2.jpg\" alt=\"\" class=\"wp-image-182029\" srcset=\"https:\/\/tucomarca.whitekongsoftware.com\/wp-content\/uploads\/2023\/03\/Faura2.jpg 1101w, https:\/\/tucomarca.whitekongsoftware.com\/wp-content\/uploads\/2023\/03\/Faura2-300x189.jpg 300w, https:\/\/tucomarca.whitekongsoftware.com\/wp-content\/uploads\/2023\/03\/Faura2-1024x645.jpg 1024w, https:\/\/tucomarca.whitekongsoftware.com\/wp-content\/uploads\/2023\/03\/Faura2-768x483.jpg 768w\" sizes=\"auto, (max-width: 1101px) 100vw, 1101px\" \/><\/figure>\n\n\n\n<figure class=\"wp-block-image size-large\"><img loading=\"lazy\" decoding=\"async\" width=\"1254\" height=\"684\" data-id=\"182033\" src=\"http:\/\/www.tucomarca.com\/wordpress\/segunda\/wp-content\/uploads\/2023\/03\/Faura3.jpg\" alt=\"\" class=\"wp-image-182033\" srcset=\"https:\/\/tucomarca.whitekongsoftware.com\/wp-content\/uploads\/2023\/03\/Faura3.jpg 1254w, https:\/\/tucomarca.whitekongsoftware.com\/wp-content\/uploads\/2023\/03\/Faura3-300x164.jpg 300w, https:\/\/tucomarca.whitekongsoftware.com\/wp-content\/uploads\/2023\/03\/Faura3-1024x559.jpg 1024w, https:\/\/tucomarca.whitekongsoftware.com\/wp-content\/uploads\/2023\/03\/Faura3-768x419.jpg 768w\" sizes=\"auto, (max-width: 1254px) 100vw, 1254px\" \/><\/figure>\n<\/figure>\n\n\n\n<p class=\"wp-block-paragraph\">La \u2018botiga\u2019 de Minerva, el forn, el bar, els tallers\u2026 Els carrers de Faura s&#8217;han convertit en escenari de la campanya de presentaci\u00f3 de la nova imatge corporativa de la Diputaci\u00f3 de Val\u00e8ncia. I els seus ve\u00efns i ve\u00efnes en els protagonistes d&#8217;un repartiment intergeneracional, des de la inf\u00e0ncia que garantix el futur del poble fins als majors de la localitat del Camp de Morvedre.<\/p>\n\n\n\n<p class=\"wp-block-paragraph\">En total, m\u00e9s d&#8217;una vintena de persones que han sigut actors i actrius per un dia donant vida a l&#8217;espot coordinat per Elena Mel\u00e9ndez, de Ruzafa Studio, que presenta la nova imatge corporativa d&#8217;una Diputaci\u00f3 \u201ctan pr\u00f2xima, actual i necess\u00e0ria com tu\u201d. Esta \u00e9s l&#8217;ess\u00e8ncia d&#8217;una campanya que servix per a difondre el nou claim de la instituci\u00f3, \u2018Per sempre pobles\u2019, i que ha fet escala a Faura, el poble del qual \u00e9s alcalde des de 2003 el president de la Diputaci\u00f3, Toni Gaspar, qui ja ha anunciat que no es presenta a la reelecci\u00f3.<\/p>\n\n\n\n<p class=\"wp-block-paragraph\">La Diputaci\u00f3 de Val\u00e8ncia va presentar a mitjan febrer en el CaixaForum una nova identitat concorde al canvi en la gesti\u00f3 impulsat en els \u00faltims anys, amb la intenci\u00f3 de projectar en el temps els millors valors del municipalisme. En paraules del president Gaspar, \u201cno \u00e9s un canvi de s\u00edmbol sin\u00f3 un s\u00edmbol de canvi\u201d. Aix\u00ed va definir el proc\u00e9s l&#8217;encara alcalde de Faura, qui destaca un projecte que \u201cper primera vegada ha donat veu i tot el pes de la decisi\u00f3 final als professionals del sector, amb l&#8217;objectiu d&#8217;assegurar-nos la implicaci\u00f3 dels millors dissenyadors i el millor resultat possible\u201d.<\/p>\n\n\n\n<p class=\"wp-block-paragraph\">El treball realitzat demostra que \u201cla col\u00b7laboraci\u00f3 entre els sectors professionals i l&#8217;administraci\u00f3 p\u00fablica \u00e9s la f\u00f3rmula que pot ajudar-nos a tindre institucions compatibles amb el temps i la societat en qu\u00e8 vivim\u201d. El resultat d&#8217;este proc\u00e9s \u201cexemplar\u201d, en opini\u00f3 de l&#8217;Associaci\u00f3 de Dissenyadors de la Comunitat Valenciana, \u00e9s el que ara difon la corporaci\u00f3 provincial despr\u00e9s de presentar la nova marca als alcaldes i alcaldesses de la prov\u00edncia, i en paral\u00b7lel a la implantaci\u00f3 del manual d&#8217;identitat corporativa en el si de la instituci\u00f3.<\/p>\n","protected":false},"excerpt":{"rendered":"<div class=\"mh-excerpt\">Ve\u00efnes i ve\u00efns de la localitat del Camp de Morvedre, on \u00e9s alcalde el president Gaspar, es convertixen en actors i actrius per un dia per a donar a con\u00e9ixer la nova marca de la <a class=\"mh-excerpt-more\" href=\"https:\/\/tucomarca.whitekongsoftware.com\/ca\/faura-protagonitza-la-campanya-de-presentacio-de-la-nova-imatge-corporativa-de-la-diputacio\/\" title=\"V\u00eddeo: Faura protagonitza la campanya de presentaci\u00f3 de la nova imatge corporativa de la Diputaci\u00f3 de Val\u00e8ncia\">[+] <\/a><\/div>\n","protected":false},"author":12,"featured_media":182032,"comment_status":"open","ping_status":"open","sticky":false,"template":"","format":"video","meta":{"footnotes":""},"categories":[10890,10951,10892,11046,10898,10948,10963,10894,10912,10902,10909,10896,11062],"tags":[11246,18962,18963],"class_list":["post-182036","post","type-post","status-publish","format-video","has-post-thumbnail","category-ademus","category-ayora-cofrentes-ca","category-camp-de-turia-ca","category-los-serranos-ca","category-ventana-ca","category-infraestructuras-ca","category-la-canal-de-navarres-ca","category-la-comarca-ca","category-la-hoya-ca","category-la-ribera-ca","category-requena-utiel-ca","category-seccion-ca","category-videos","tag-diputacio-de-valencia-ca","tag-faura-ca","tag-nueva-imagen-corporativa-ca","post_format-post-format-video"],"_links":{"self":[{"href":"https:\/\/tucomarca.whitekongsoftware.com\/ca\/wp-json\/wp\/v2\/posts\/182036","targetHints":{"allow":["GET"]}}],"collection":[{"href":"https:\/\/tucomarca.whitekongsoftware.com\/ca\/wp-json\/wp\/v2\/posts"}],"about":[{"href":"https:\/\/tucomarca.whitekongsoftware.com\/ca\/wp-json\/wp\/v2\/types\/post"}],"author":[{"embeddable":true,"href":"https:\/\/tucomarca.whitekongsoftware.com\/ca\/wp-json\/wp\/v2\/users\/12"}],"replies":[{"embeddable":true,"href":"https:\/\/tucomarca.whitekongsoftware.com\/ca\/wp-json\/wp\/v2\/comments?post=182036"}],"version-history":[{"count":0,"href":"https:\/\/tucomarca.whitekongsoftware.com\/ca\/wp-json\/wp\/v2\/posts\/182036\/revisions"}],"wp:featuredmedia":[{"embeddable":true,"href":"https:\/\/tucomarca.whitekongsoftware.com\/ca\/wp-json\/wp\/v2\/media\/182032"}],"wp:attachment":[{"href":"https:\/\/tucomarca.whitekongsoftware.com\/ca\/wp-json\/wp\/v2\/media?parent=182036"}],"wp:term":[{"taxonomy":"category","embeddable":true,"href":"https:\/\/tucomarca.whitekongsoftware.com\/ca\/wp-json\/wp\/v2\/categories?post=182036"},{"taxonomy":"post_tag","embeddable":true,"href":"https:\/\/tucomarca.whitekongsoftware.com\/ca\/wp-json\/wp\/v2\/tags?post=182036"}],"curies":[{"name":"wp","href":"https:\/\/api.w.org\/{rel}","templated":true}]}}