{"id":182025,"date":"2023-03-28T13:00:00","date_gmt":"2023-03-28T12:00:00","guid":{"rendered":"https:\/\/www.tucomarca.com\/wordpress\/segunda\/?p=182025"},"modified":"2023-03-28T20:23:21","modified_gmt":"2023-03-28T19:23:21","slug":"alumnes-dinstituts-de-zones-nuclears-participen-en-set-jornades-formatives-relatives-a-seguretat-nuclear-i-proteccio-radiologica-desenvolupades-per-amac-i-el-csn","status":"publish","type":"post","link":"https:\/\/tucomarca.whitekongsoftware.com\/ca\/alumnes-dinstituts-de-zones-nuclears-participen-en-set-jornades-formatives-relatives-a-seguretat-nuclear-i-proteccio-radiologica-desenvolupades-per-amac-i-el-csn\/","title":{"rendered":"Alumnes d&#8217;instituts de zones nuclears participen \u2028en set jornades formatives relatives a seguretat nuclear i protecci\u00f3 radiol\u00f2gica desenvolupades per AMAC i el CSN"},"content":{"rendered":"\n<h4 class=\"wp-block-heading\">Uns 300 alumnes d&#8217;Instituts d&#8217;Ensenyament Secundari coneixen les funcions i compet\u00e8ncies de l&#8217;\u00f2rgan supervisor i visiten el centre d&#8217;informaci\u00f3 del CSN a Madrid<\/h4>\n\n\n\n<h4 class=\"wp-block-heading\">Aquesta activitat s&#8217;emmarca dins del conveni de col\u00b7laboraci\u00f3 entre AMAC i el CSN per a refor\u00e7ar les l\u00ednies de comunicaci\u00f3 i informaci\u00f3 amb els municipis d&#8217;\u00e0rees nuclears&nbsp;<\/h4>\n\n\n\n<p class=\"wp-block-paragraph\">L&#8217;Associaci\u00f3 de Municipis en \u00c0rees de Centrals Nuclears i Magatzems de Residus Radioactius (AMAC) i el Consell de Seguretat Nuclear (CSN) organitzen set jornades de formaci\u00f3 a l&#8217;alumnat de segon cicle de l&#8217;Educaci\u00f3 Secund\u00e0ria Obligat\u00f2ria (ESO), Batxillerat i Formaci\u00f3 Professional en les quals el personal del CSN explica les seues funcions i compet\u00e8ncies.<\/p>\n\n\n\n<p class=\"wp-block-paragraph\">Aquestes jornades s&#8217;emmarquen dins del conveni de col\u00b7laboraci\u00f3 entre totes dues entitats, que t\u00e9 una vig\u00e8ncia de dos anys, i que cerca, entre altres objectius, refor\u00e7ar les l\u00ednies de comunicaci\u00f3 i informaci\u00f3 entre el CSN i els municipis de la AMAC, perqu\u00e8 els ciutadans coneguen millor les actuacions del CSN en les mat\u00e8ries de la seua compet\u00e8ncia.<\/p>\n\n\n\n<p class=\"wp-block-paragraph\">Concretament en l&#8217;Annex I d&#8217;aquest conveni figura com una de les responsabilitats de la AMAC, realitzar la formaci\u00f3 de l&#8217;alumnat d&#8217;Instituts d&#8217;Educaci\u00f3 Secund\u00e0ria (IES) de segon cicle de l&#8217;Educaci\u00f3 Secund\u00e0ria Obligat\u00f2ria (ESO), Batxillerat i Formaci\u00f3 Professional, de les zones situades en el ve\u00efnatge dels empla\u00e7aments de les centrals nuclears i El Cabril.&nbsp;<br>Per a aix\u00f2 s&#8217;estan desenvolupant aquestes set jornades en les quals el personal del CSN explica les funcions i compet\u00e8ncies d&#8217;aquest organisme. Aix\u00ed mateix, es realitza una visita al centre d&#8217;informaci\u00f3 del CSN a Madrid.&nbsp;<\/p>\n\n\n\n<p class=\"wp-block-paragraph\"><strong>Informaci\u00f3 sobre el CSN<\/strong><\/p>\n\n\n\n<p class=\"wp-block-paragraph\">La visita de cadascun d&#8217;aquests instituts al Consell de Seguretat Nuclear inclou tres presentacions. En concret, la primera \u00e9s a c\u00e0rrec del personal de l&#8217;\u00c0rea de Relacions Institucionals del Gabinet T\u00e8cnic de la Presid\u00e8ncia (GTP) que els dona informaci\u00f3 sobre la missi\u00f3, funci\u00f3 i organitzaci\u00f3 del CSN.<\/p>\n\n\n\n<p class=\"wp-block-paragraph\">En una segona presentaci\u00f3, que realitzen t\u00e8cnics de la Direcci\u00f3 T\u00e8cnica de Seguretat Nuclear, se&#8217;ls informa sobre l&#8217;organitzaci\u00f3 i activitats d&#8217;aquesta direcci\u00f3 t\u00e8cnica. I en la tercera, realitzada per t\u00e8cnics de la Direcci\u00f3 T\u00e8cnica de Protecci\u00f3 Radiol\u00f2gica, d&#8217;igual forma, se&#8217;ls explica tot el relatiu a l&#8217;organitzaci\u00f3 i activitats d&#8217;aquesta direcci\u00f3 t\u00e8cnica.<\/p>\n\n\n\n<p class=\"wp-block-paragraph\">Despr\u00e9s d&#8217;aquestes tres presentacions, realitzen una visita al Centre de l&#8217;Informaci\u00f3 del CSN guiada per personal de l&#8217;\u00c0rea de Publicacions del GTP.<\/p>\n\n\n\n<p class=\"wp-block-paragraph\">La jornada es desenvolupa entre les 10 i les 14 h i en finalitzar aquesta activitat tots els assistents realitzen una enquesta.<\/p>\n\n\n\n<p class=\"wp-block-paragraph\">Fins al moment han participat en les jornades: l&#8217;IES Castella Vetula, per la zona de Garo\u00f1a (Burgos); l&#8217;IES Zurbar\u00e1n i el IEA August\u00f3briga, tots dos de Navalmoral de la Mata, per la zona de la zona de Almaraz (C\u00e0ceres); l&#8217;IES Flix i l&#8217;IES Julio Antonio de Mora d\u2019Ebre, per la zona d&#8217;Asc\u00f3 (Tarragona); l&#8217;IES Antoni Ballester de Mont Roig del Camp, per la zona de Vandell\u00f3s; l&#8217;IES Ferran III d&#8217;Aiora, per la zona de Cofrents (Val\u00e8ncia); i IES Duc de Rivas, per la zona de Hornachuelos (C\u00f2rdova).<\/p>\n\n\n\n<p class=\"wp-block-paragraph\">Estan pendents les pr\u00f2ximes visites de l&#8217;IES Don Joan Manuel de Cifuentes (Guadalajara) i l&#8217;IES Berenguer d\u2019Enten\u00e7a de L&#8217;Hospitalet de l&#8217;Infant (Vandell\u00f3s), per les zones de Zorita-Trillo i Vandell\u00f3s, el 30 de mar\u00e7.<\/p>\n\n\n\n<p class=\"wp-block-paragraph\"><\/p>\n","protected":false},"excerpt":{"rendered":"<div class=\"mh-excerpt\">Uns 300 alumnes d&#8217;Instituts d&#8217;Ensenyament Secundari coneixen les funcions i compet\u00e8ncies de l&#8217;\u00f2rgan supervisor i visiten el centre d&#8217;informaci\u00f3 del CSN a Madrid Aquesta activitat s&#8217;emmarca dins del conveni de col\u00b7laboraci\u00f3 entre AMAC i el <a class=\"mh-excerpt-more\" href=\"https:\/\/tucomarca.whitekongsoftware.com\/ca\/alumnes-dinstituts-de-zones-nuclears-participen-en-set-jornades-formatives-relatives-a-seguretat-nuclear-i-proteccio-radiologica-desenvolupades-per-amac-i-el-csn\/\" title=\"Alumnes d&#8217;instituts de zones nuclears participen \u2028en set jornades formatives relatives a seguretat nuclear i protecci\u00f3 radiol\u00f2gica desenvolupades per AMAC i el CSN\">[+] <\/a><\/div>\n","protected":false},"author":12,"featured_media":182024,"comment_status":"open","ping_status":"open","sticky":false,"template":"","format":"standard","meta":{"footnotes":""},"categories":[10954,10951,10955,10948,10894,10903,10896],"tags":[11163,18958,11440],"class_list":["post-182025","post","type-post","status-publish","format-standard","has-post-thumbnail","category-ayora-ca","category-ayora-cofrentes-ca","category-cofrentes-ca","category-infraestructuras-ca","category-la-comarca-ca","category-medio-ambiente-la-comarca-ca","category-seccion-ca","tag-ayora-ca","tag-ies-fernando-iii-de-ayora-ca","tag-valle-de-ayora-cofrentes-ca"],"_links":{"self":[{"href":"https:\/\/tucomarca.whitekongsoftware.com\/ca\/wp-json\/wp\/v2\/posts\/182025","targetHints":{"allow":["GET"]}}],"collection":[{"href":"https:\/\/tucomarca.whitekongsoftware.com\/ca\/wp-json\/wp\/v2\/posts"}],"about":[{"href":"https:\/\/tucomarca.whitekongsoftware.com\/ca\/wp-json\/wp\/v2\/types\/post"}],"author":[{"embeddable":true,"href":"https:\/\/tucomarca.whitekongsoftware.com\/ca\/wp-json\/wp\/v2\/users\/12"}],"replies":[{"embeddable":true,"href":"https:\/\/tucomarca.whitekongsoftware.com\/ca\/wp-json\/wp\/v2\/comments?post=182025"}],"version-history":[{"count":0,"href":"https:\/\/tucomarca.whitekongsoftware.com\/ca\/wp-json\/wp\/v2\/posts\/182025\/revisions"}],"wp:featuredmedia":[{"embeddable":true,"href":"https:\/\/tucomarca.whitekongsoftware.com\/ca\/wp-json\/wp\/v2\/media\/182024"}],"wp:attachment":[{"href":"https:\/\/tucomarca.whitekongsoftware.com\/ca\/wp-json\/wp\/v2\/media?parent=182025"}],"wp:term":[{"taxonomy":"category","embeddable":true,"href":"https:\/\/tucomarca.whitekongsoftware.com\/ca\/wp-json\/wp\/v2\/categories?post=182025"},{"taxonomy":"post_tag","embeddable":true,"href":"https:\/\/tucomarca.whitekongsoftware.com\/ca\/wp-json\/wp\/v2\/tags?post=182025"}],"curies":[{"name":"wp","href":"https:\/\/api.w.org\/{rel}","templated":true}]}}