{"id":182017,"date":"2023-03-28T09:00:00","date_gmt":"2023-03-28T08:00:00","guid":{"rendered":"https:\/\/www.tucomarca.com\/wordpress\/segunda\/?p=182017"},"modified":"2023-03-28T19:20:22","modified_gmt":"2023-03-28T18:20:22","slug":"el-club-gimnastica-ritmica-bunyol-turis-vall-dels-alcalans-obte-uns-resultats-immillorables-en-les-competicions-esportives-daquesta-finalitat-de-setmana","status":"publish","type":"post","link":"https:\/\/tucomarca.whitekongsoftware.com\/ca\/el-club-gimnastica-ritmica-bunyol-turis-vall-dels-alcalans-obte-uns-resultats-immillorables-en-les-competicions-esportives-daquesta-finalitat-de-setmana\/","title":{"rendered":"El Club de Gimn\u00e0stica R\u00edtmica Bunyol-Tur\u00eds-Vall dels Alcalans obt\u00e9 uns resultats immillorables en les competicions esportives d&#8217;aquesta finalitat de setmana"},"content":{"rendered":"\n<h4 class=\"wp-block-heading\">La gimnasta del Club Gimn\u00e0stica R\u00edtmica Bunyol-Tur\u00eds-Vall dels Alcalans, Lucia Jim\u00e9nez, s&#8217;ha proclamat Campiona d&#8217;Espanya en Gimn\u00e0stica R\u00edtmica Adaptada Femenina Sub16 aquest dissabte.<\/h4>\n\n\n\n<p class=\"wp-block-paragraph\"><strong>CAMPIONAT D&#8217;ESPANYA EN GIMN\u00c0STICA R\u00cdTMICA ADAPTADA FEMENINA SUB16<\/strong><\/p>\n\n\n\n<figure class=\"wp-block-image size-full is-resized\"><img loading=\"lazy\" decoding=\"async\" src=\"http:\/\/www.tucomarca.com\/wordpress\/segunda\/wp-content\/uploads\/2023\/03\/Gimnasia_LuciaJimenez_2.jpg\" alt=\"\" class=\"wp-image-182006\" width=\"620\" height=\"465\" srcset=\"https:\/\/tucomarca.whitekongsoftware.com\/wp-content\/uploads\/2023\/03\/Gimnasia_LuciaJimenez_2.jpg 885w, https:\/\/tucomarca.whitekongsoftware.com\/wp-content\/uploads\/2023\/03\/Gimnasia_LuciaJimenez_2-300x225.jpg 300w, https:\/\/tucomarca.whitekongsoftware.com\/wp-content\/uploads\/2023\/03\/Gimnasia_LuciaJimenez_2-768x576.jpg 768w, https:\/\/tucomarca.whitekongsoftware.com\/wp-content\/uploads\/2023\/03\/Gimnasia_LuciaJimenez_2-678x509.jpg 678w, https:\/\/tucomarca.whitekongsoftware.com\/wp-content\/uploads\/2023\/03\/Gimnasia_LuciaJimenez_2-326x245.jpg 326w, https:\/\/tucomarca.whitekongsoftware.com\/wp-content\/uploads\/2023\/03\/Gimnasia_LuciaJimenez_2-80x60.jpg 80w\" sizes=\"auto, (max-width: 620px) 100vw, 620px\" \/><\/figure>\n\n\n\n<p class=\"wp-block-paragraph\">El Club Gimn\u00e0stica R\u00edtmica Bunyol-Tur\u00eds-Vall dels Alcalans emprenia un nou aprenentatge a principis de temporada amb Luc\u00eda Jim\u00e9nez. Era un cam\u00ed desconegut i el feia amb por i incertesa per\u00f2 amb moltes ganes i il\u00b7lusi\u00f3. Insistir, persistir i mai desistir davant aquest nou repte. \u201cHui, tan sols cinc mesos despr\u00e9s podem dir amb gran orgull que el nostre club est\u00e0 obert a l&#8217;esport de persones amb discapacitat intel\u00b7lectual\u201d, va confirmar M\u00f3nica Garc\u00eda, entrenadora d&#8217;aquest gran club esportiu.&nbsp;<br>El dissabte era un dia molt important. S&#8217;estrenaven en aquesta modalitat. \u201cNova federaci\u00f3, nova normativa i nou codi. I ni per remei pod\u00edem imaginar-nos que fora tan m\u00e0gic. Una vesprada incre\u00efble plena de ll\u00e0grimes d&#8217;emoci\u00f3 i pell estarrufada. I el fermall d&#8217;OR. La nostra gimnasta Luc\u00eda Jim\u00e9nez s&#8217;ha proclamat Campiona d&#8217;Espanya en Gimn\u00e0stica R\u00edtmica Adaptada Femenina Sub16\u201d, va continuar M\u00f3nica Garc\u00eda.&nbsp;<br>Qualifica d&#8217;orgull per a gimnastes, t\u00e8cnics i fam\u00edlia de Luc\u00eda Jim\u00e9nez poder compartir el dia a dia amb ella. Perqu\u00e8 la diversitat aporta amor. Dia inoblidable per al record\u201d, va sentenciar Garc\u00eda.<\/p>\n\n\n\n<p class=\"wp-block-paragraph\"><strong>CAMPIONAT D&#8217;ESPANYA BASE 2023<\/strong><\/p>\n\n\n\n<figure class=\"wp-block-image size-full is-resized\"><img loading=\"lazy\" decoding=\"async\" src=\"http:\/\/www.tucomarca.com\/wordpress\/segunda\/wp-content\/uploads\/2023\/03\/Gimnasia_marzo23.jpg\" alt=\"\" class=\"wp-image-182010\" width=\"645\" height=\"617\" srcset=\"https:\/\/tucomarca.whitekongsoftware.com\/wp-content\/uploads\/2023\/03\/Gimnasia_marzo23.jpg 885w, https:\/\/tucomarca.whitekongsoftware.com\/wp-content\/uploads\/2023\/03\/Gimnasia_marzo23-300x287.jpg 300w, https:\/\/tucomarca.whitekongsoftware.com\/wp-content\/uploads\/2023\/03\/Gimnasia_marzo23-768x736.jpg 768w\" sizes=\"auto, (max-width: 645px) 100vw, 645px\" \/><\/figure>\n\n\n\n<p class=\"wp-block-paragraph\">Per\u00f2 el dissabte no va ser l&#8217;\u00fanica competici\u00f3 a la qual van assistir. Ahir diumenge va ser el torn de l&#8217;Auton\u00f2mic Nacional Base 2023, celebrat a Gandia, que \u00e9s la prova classificat\u00f2ria per al Campionat d&#8217;Espanya Base 2023, que se celebrar\u00e0 del 18 al 23 d&#8217;Abril a Pamplona.&nbsp;<br>M\u00f3nica Garc\u00eda, emocionada, qualificava d&#8217;orgull comptar amb totes les gimnastes, tant les classificades com les que no han pogut. I \u00e9s que huit de les 11 gimnastes amb les quals el seu club participava, viatjaran a Pamplona a l&#8217;abril. Les classificades han sigut:&nbsp;<br>Ana Mar\u00eda Hodoroaba (Prebenjamin) 7a&nbsp;<br>Andrea Vega (Juvenil) 7a<br>Elvira Ponce (Juvenil) 8a<br>Nuria Aguilar (Juvenil 07-06) 12a<br>Nayra Ferrer 7a<br>Irene Bosch (Infantil11) 14a<br>Amaia Fuertes (Infantil10) 4a<br>Destaca l&#8217;excel\u00b7lent resultat de Nerea Carrasco, que va ser Bronze Auton\u00f2mic i medalla de bronze.<\/p>\n\n\n\n<p class=\"wp-block-paragraph\"><strong>CAMPUS PASQUA 2023&nbsp;<br><\/strong>Aquest club continua treballant. El Campionat d&#8217;Espanya se celebra en uns dies a Pamplona i totes les que participaran continuen entrenant. Per\u00f2 a m\u00e9s, com sempre, el club ofereix un campus per a tots els que desitgen con\u00e9ixer de prop aquest esport. Es pot trobar tota la informaci\u00f3 en les xarxes socials d&#8217;aquest club esportiu.<\/p>\n","protected":false},"excerpt":{"rendered":"<div class=\"mh-excerpt\">La gimnasta del Club Gimn\u00e0stica R\u00edtmica Bunyol-Tur\u00eds-Vall dels Alcalans, Lucia Jim\u00e9nez, s&#8217;ha proclamat Campiona d&#8217;Espanya en Gimn\u00e0stica R\u00edtmica Adaptada Femenina Sub16 aquest dissabte. CAMPIONAT D&#8217;ESPANYA EN GIMN\u00c0STICA R\u00cdTMICA ADAPTADA FEMENINA SUB16 El Club Gimn\u00e0stica R\u00edtmica <a class=\"mh-excerpt-more\" href=\"https:\/\/tucomarca.whitekongsoftware.com\/ca\/el-club-gimnastica-ritmica-bunyol-turis-vall-dels-alcalans-obte-uns-resultats-immillorables-en-les-competicions-esportives-daquesta-finalitat-de-setmana\/\" title=\"El Club de Gimn\u00e0stica R\u00edtmica Bunyol-Tur\u00eds-Vall dels Alcalans obt\u00e9 uns resultats immillorables en les competicions esportives d&#8217;aquesta finalitat de setmana\">[+] <\/a><\/div>\n","protected":false},"author":12,"featured_media":182016,"comment_status":"open","ping_status":"open","sticky":false,"template":"","format":"image","meta":{"footnotes":""},"categories":[10911,11003,10894,10912,10902,11009,10896,11047],"tags":[10913,12726,10914,18956,11093],"class_list":["post-182017","post","type-post","status-publish","format-image","has-post-thumbnail","category-bunol-ca","category-sports","category-la-comarca-ca","category-la-hoya-ca","category-la-ribera-ca","category-polideportivo-ca","category-seccion-ca","category-turis-ca","tag-bunol-ca","tag-club-gimnasia-ritmica-bunol-turis-vall-dels-alcalans-ca","tag-la-hoya-de-bunol-chiva-ca","tag-lucia-jimenez-ca","tag-turis-ca","post_format-post-format-image"],"_links":{"self":[{"href":"https:\/\/tucomarca.whitekongsoftware.com\/ca\/wp-json\/wp\/v2\/posts\/182017","targetHints":{"allow":["GET"]}}],"collection":[{"href":"https:\/\/tucomarca.whitekongsoftware.com\/ca\/wp-json\/wp\/v2\/posts"}],"about":[{"href":"https:\/\/tucomarca.whitekongsoftware.com\/ca\/wp-json\/wp\/v2\/types\/post"}],"author":[{"embeddable":true,"href":"https:\/\/tucomarca.whitekongsoftware.com\/ca\/wp-json\/wp\/v2\/users\/12"}],"replies":[{"embeddable":true,"href":"https:\/\/tucomarca.whitekongsoftware.com\/ca\/wp-json\/wp\/v2\/comments?post=182017"}],"version-history":[{"count":0,"href":"https:\/\/tucomarca.whitekongsoftware.com\/ca\/wp-json\/wp\/v2\/posts\/182017\/revisions"}],"wp:featuredmedia":[{"embeddable":true,"href":"https:\/\/tucomarca.whitekongsoftware.com\/ca\/wp-json\/wp\/v2\/media\/182016"}],"wp:attachment":[{"href":"https:\/\/tucomarca.whitekongsoftware.com\/ca\/wp-json\/wp\/v2\/media?parent=182017"}],"wp:term":[{"taxonomy":"category","embeddable":true,"href":"https:\/\/tucomarca.whitekongsoftware.com\/ca\/wp-json\/wp\/v2\/categories?post=182017"},{"taxonomy":"post_tag","embeddable":true,"href":"https:\/\/tucomarca.whitekongsoftware.com\/ca\/wp-json\/wp\/v2\/tags?post=182017"}],"curies":[{"name":"wp","href":"https:\/\/api.w.org\/{rel}","templated":true}]}}