{"id":182002,"date":"2023-03-28T08:00:00","date_gmt":"2023-03-28T07:00:00","guid":{"rendered":"https:\/\/www.tucomarca.com\/wordpress\/segunda\/?p=182002"},"modified":"2023-03-28T19:11:50","modified_gmt":"2023-03-28T18:11:50","slug":"el-psoe-assegura-que-la-gestio-forestal-la-sostenibilitat-i-el-medi-ambient-seran-prioritat-a-bunyol","status":"publish","type":"post","link":"https:\/\/tucomarca.whitekongsoftware.com\/ca\/el-psoe-assegura-que-la-gestio-forestal-la-sostenibilitat-i-el-medi-ambient-seran-prioritat-a-bunyol\/","title":{"rendered":"El PSOE assegura que la gesti\u00f3 forestal, la sostenibilitat i el medi ambient &#8220;seran prioritat&#8221; a Bunyol"},"content":{"rendered":"\n<h4 class=\"wp-block-heading\">Des del PSOE informen que durant &#8220;els \u00faltims dies s&#8217;han mantingut converses amb els col\u00b7lectius implicats en la gesti\u00f3 dels nostres recursos naturals i que \u00e9s &#8220;fonamental fomentar sinergies entre entitats per a protegir el nostre entorn&#8221;.<\/h4>\n\n\n\n<p class=\"wp-block-paragraph\">El Partit Socialista de Bunyol ha informat que s&#8217;ha reunit amb la Societat de Ca\u00e7adors i el Grup Ecologista Tamus, &#8220;col\u00b7lectius implicats i compromesos en la gesti\u00f3 forestal i mediambiental de la localitat&#8221;, segoins han manifestat.\u00a0<br>&#8220;\u00c9s necessari cuidar el nostre entorn, el condicionament de camins, la intervenci\u00f3 en les masses forestals i totes les actuacions encaminades a la prevenci\u00f3 d&#8217;incendis forestals s\u00f3n una prioritat tant per a l&#8217;Associaci\u00f3 de Ca\u00e7adors com el Grup ecologista Tamus&#8221;, han afegit.\u00a0<br>&#8220;Al mateix temps que es donaven aquestes reunions, desafortunadament s&#8217;ha deslligat un altre incendi en la Comunitat, que de nou ha sigut devastador per al nostre territori, aix\u00f2 ens fa augmentar la nostra preocupaci\u00f3 pel nostre terme municipal, i el dels nostres pobles ve\u00efns, perqu\u00e8 els incendis afecten a tots i no entenen de limites territorials&#8221;.\u00a0<br>&#8220;Existeixen oportunitats per a millorar la situaci\u00f3 de les nostres muntanyes, despr\u00e9s de la reorganitzaci\u00f3 de les Brigades Forestals, ajuntaments com el de Bunyol disposaran de recursos econ\u00f2mics per a dur a terme actuacions en el nostre terme municipal. Aix\u00f2 ha sigut possible despr\u00e9s de l&#8217;elaboraci\u00f3 del Pla de prevenci\u00f3 d&#8217;incendis forestals imprescindible per a optar a aquests recursos econ\u00f2mics&#8221;.\u00a0<br>&#8220;A m\u00e9s s&#8217;han adoptat mesures de prevenci\u00f3 com la construcci\u00f3 d&#8217;un nou dep\u00f2sit d&#8217;aigua en Pardenillas, amb una inversi\u00f3 de mes de 200.000\u20ac, que jugar\u00e0 un paper estrat\u00e8gic en la dotaci\u00f3 de mitjans d&#8217;extinci\u00f3 d&#8217;incendis. Aix\u00ed mateix, s&#8217;han col\u00b7locat abeuradors d&#8217;aigua per als animals que habiten aqueixes zones.\u00a0<br>Entre altres iniciatives aquests moments tamb\u00e9 s&#8217;ha llan\u00e7at un projecte pilot per a contindre futurs incendis, i tallafocs contra els grans incendis. I que ser\u00e0 una proposta innovadora que segur es posar\u00e0 en marxa en molts altres llocs del nostre pa\u00eds. I que vista la dimensi\u00f3 dels actuals incendis \u00e9s una actuaci\u00f3 imprescindible, les zones d&#8217;intervenci\u00f3 seran els paratges de Monedi i la Cabrera.\u00a0Apostem per aprofitar sinergies entre entitats mitjan\u00e7ant l&#8217;adhesi\u00f3 a l&#8217;Associaci\u00f3 de Municipis Forestals (AMUFOR)&#8221;.<br>&#8220;Destacar en la conversa amb el Grup Ecologista Tamus la sintonia en diversos assumptes de rellev\u00e0ncia per al nostre municipi. L&#8217;aigua \u00e9s i va ser una prioritat. La seua gesti\u00f3, que apostem que continue sent p\u00fablica, ha de garantir el futur creixement i desenvolupament del nostre poble&#8221;.<\/p>\n\n\n\n<p class=\"wp-block-paragraph\">Des del PSPV de Bunyol aseguren que &#8220;existeix una aposta clara per fomentar un \u00fas racional i eficient dels recursos h\u00eddrics per a aix\u00f2 es promouran acords amb la Comunitat de Regants de tal forma que es garantisca un bon estat de les canalitzacions que facilite l&#8217;aprofitament de l&#8217;aigua&#8221;.\u00a0<br>&#8220;\u00c9s necessari augmentar la protecci\u00f3 dels nostres paratges naturals, a trav\u00e9s de la figura del paratge natural municipal tamb\u00e9 ha de ser possible negociar el manteniment i erradicaci\u00f3 d&#8217;esp\u00e8cies naturals invasores del va riure bu\u00f1ol i barranc els Muts&#8221;.\u00a0<br>&#8220;Per a aix\u00f2 \u00e9s fonamental la implicaci\u00f3 de totes i tots els que vivim en aquest poble a convertir-lo en uns dels pobles mes bonics de la nostra prov\u00edncia. Si usem els contenidors de recollida selectiva, l&#8217;eco parc, la recollida d&#8217;andr\u00f2mines i estris, papereres, contenidors de RSU, aconseguirem dues coses que els nostres impostos no augmenten i que tinguem m\u00e9s recursos. Recuperar els escocells buits, implementar nous, i garantir que en les futures intervencions als carrers tindran arboles de veritat i no jardineres ser\u00e0 una realitat&#8221;.\u00a0<br>&#8220;En definitiva apostem per accions encaminades a mitigar l&#8217;efecte del canvi clim\u00e0tic al nostre poble com s\u00f3n les avingudes produ\u00efdes per les pluges torrencials, sequeres, incendis forestals, entre altres. I contribuir dins de les nostres possibilitats a posar mitjans per a evitar aquests problemes&#8221;, han finalitzat des del PSOE local.<\/p>\n","protected":false},"excerpt":{"rendered":"<div class=\"mh-excerpt\">Des del PSOE informen que durant &#8220;els \u00faltims dies s&#8217;han mantingut converses amb els col\u00b7lectius implicats en la gesti\u00f3 dels nostres recursos naturals i que \u00e9s &#8220;fonamental fomentar sinergies entre entitats per a protegir el <a class=\"mh-excerpt-more\" href=\"https:\/\/tucomarca.whitekongsoftware.com\/ca\/el-psoe-assegura-que-la-gestio-forestal-la-sostenibilitat-i-el-medi-ambient-seran-prioritat-a-bunyol\/\" title=\"El PSOE assegura que la gesti\u00f3 forestal, la sostenibilitat i el medi ambient &#8220;seran prioritat&#8221; a Bunyol\">[+] <\/a><\/div>\n","protected":false},"author":12,"featured_media":182000,"comment_status":"open","ping_status":"open","sticky":false,"template":"","format":"standard","meta":{"footnotes":""},"categories":[10911,10948,10894,10912,10903,10947,10896],"tags":[10913,10914,11381],"class_list":["post-182002","post","type-post","status-publish","format-standard","has-post-thumbnail","category-bunol-ca","category-infraestructuras-ca","category-la-comarca-ca","category-la-hoya-ca","category-medio-ambiente-la-comarca-ca","category-politica","category-seccion-ca","tag-bunol-ca","tag-la-hoya-de-bunol-chiva-ca","tag-pspv-psoe-bunol-ca"],"_links":{"self":[{"href":"https:\/\/tucomarca.whitekongsoftware.com\/ca\/wp-json\/wp\/v2\/posts\/182002","targetHints":{"allow":["GET"]}}],"collection":[{"href":"https:\/\/tucomarca.whitekongsoftware.com\/ca\/wp-json\/wp\/v2\/posts"}],"about":[{"href":"https:\/\/tucomarca.whitekongsoftware.com\/ca\/wp-json\/wp\/v2\/types\/post"}],"author":[{"embeddable":true,"href":"https:\/\/tucomarca.whitekongsoftware.com\/ca\/wp-json\/wp\/v2\/users\/12"}],"replies":[{"embeddable":true,"href":"https:\/\/tucomarca.whitekongsoftware.com\/ca\/wp-json\/wp\/v2\/comments?post=182002"}],"version-history":[{"count":0,"href":"https:\/\/tucomarca.whitekongsoftware.com\/ca\/wp-json\/wp\/v2\/posts\/182002\/revisions"}],"wp:featuredmedia":[{"embeddable":true,"href":"https:\/\/tucomarca.whitekongsoftware.com\/ca\/wp-json\/wp\/v2\/media\/182000"}],"wp:attachment":[{"href":"https:\/\/tucomarca.whitekongsoftware.com\/ca\/wp-json\/wp\/v2\/media?parent=182002"}],"wp:term":[{"taxonomy":"category","embeddable":true,"href":"https:\/\/tucomarca.whitekongsoftware.com\/ca\/wp-json\/wp\/v2\/categories?post=182002"},{"taxonomy":"post_tag","embeddable":true,"href":"https:\/\/tucomarca.whitekongsoftware.com\/ca\/wp-json\/wp\/v2\/tags?post=182002"}],"curies":[{"name":"wp","href":"https:\/\/api.w.org\/{rel}","templated":true}]}}