{"id":181995,"date":"2023-03-28T08:30:00","date_gmt":"2023-03-28T07:30:00","guid":{"rendered":"https:\/\/www.tucomarca.com\/wordpress\/segunda\/?p=181995"},"modified":"2023-03-28T19:14:57","modified_gmt":"2023-03-28T18:14:57","slug":"el-liceu-de-xest-acull-dos-actes-per-la-memoria-historica","status":"publish","type":"post","link":"https:\/\/tucomarca.whitekongsoftware.com\/ca\/el-liceu-de-xest-acull-dos-actes-per-la-memoria-historica\/","title":{"rendered":"El Liceu de Xest acull dos actes per la Mem\u00f2ria Hist\u00f2rica"},"content":{"rendered":"\n<p class=\"wp-block-paragraph\"><strong>Durant el passat cap de setmana es van celebrar en el Teatre Liceu dos actes per la Mem\u00f2ria Hist\u00f2rica, organitzats per la Regidoria de Cultura de l&#8217;Ajuntament de Xest.<\/strong><\/p>\n\n\n\n<figure class=\"wp-block-gallery has-nested-images columns-default is-cropped wp-block-gallery-1 is-layout-flex wp-block-gallery-is-layout-flex\">\n<figure class=\"wp-block-image size-full\"><img loading=\"lazy\" decoding=\"async\" width=\"886\" height=\"591\" data-id=\"181985\" src=\"http:\/\/www.tucomarca.com\/wordpress\/segunda\/wp-content\/uploads\/2023\/03\/ChesteNoOlvideis_04.jpg\" alt=\"\" class=\"wp-image-181985\" srcset=\"https:\/\/tucomarca.whitekongsoftware.com\/wp-content\/uploads\/2023\/03\/ChesteNoOlvideis_04.jpg 886w, https:\/\/tucomarca.whitekongsoftware.com\/wp-content\/uploads\/2023\/03\/ChesteNoOlvideis_04-300x200.jpg 300w, https:\/\/tucomarca.whitekongsoftware.com\/wp-content\/uploads\/2023\/03\/ChesteNoOlvideis_04-768x512.jpg 768w\" sizes=\"auto, (max-width: 886px) 100vw, 886px\" \/><\/figure>\n\n\n\n<figure class=\"wp-block-image size-full\"><img loading=\"lazy\" decoding=\"async\" width=\"886\" height=\"591\" data-id=\"181989\" src=\"http:\/\/www.tucomarca.com\/wordpress\/segunda\/wp-content\/uploads\/2023\/03\/ChesteNoOlvideis_02.jpg\" alt=\"\" class=\"wp-image-181989\" srcset=\"https:\/\/tucomarca.whitekongsoftware.com\/wp-content\/uploads\/2023\/03\/ChesteNoOlvideis_02.jpg 886w, https:\/\/tucomarca.whitekongsoftware.com\/wp-content\/uploads\/2023\/03\/ChesteNoOlvideis_02-300x200.jpg 300w, https:\/\/tucomarca.whitekongsoftware.com\/wp-content\/uploads\/2023\/03\/ChesteNoOlvideis_02-768x512.jpg 768w\" sizes=\"auto, (max-width: 886px) 100vw, 886px\" \/><\/figure>\n<\/figure>\n\n\n\n<p class=\"wp-block-paragraph\"><strong>Documental A les dones d&#8217;Espanya. Mar\u00eda Lej\u00e1rraga<\/strong><br>El divendres, 24 de mar\u00e7, es va projectar el documental A les dones d&#8217;Espanya. Mar\u00eda Lej\u00e1rraga; una ficci\u00f3 que narra la hist\u00f2ria de Mar\u00eda de l&#8217;O Lej\u00e1rraga, escriptora i pionera del feminisme a Espanya durant els anys 20 del segle passat, la producci\u00f3 del qual va veure la llum sota el nom del seu marit, l&#8217;empresari teatral Gregorio Mart\u00ednez Sierra. Considerada hui dia una de les dramaturgues espanyoles m\u00e9s prol\u00edfica de tots els temps, \u00e9s autora d&#8217;obres com a Can\u00e7\u00f3 de bressol, portada al cinema en cinc ocasions, o del llibret de l&#8217;amor bruixot, de Falla. Va ser, a m\u00e9s, diputada per la segona Rep\u00fablica i fundadora de projectes pioners per als drets i les llibertats de la dona.<\/p>\n\n\n\n<p class=\"wp-block-paragraph\">\u201cLa hist\u00f2ria d&#8217;Espanya ha estat sempre marcada pel mal govern de reis absolutistes i militars colpistes que van ofegar en sang els somnis de llibertat del poble. En aquest pa\u00eds s&#8217;han viscut molt pocs per\u00edodes leg\u00edtimament democr\u00e0tics i constitucionals. La primera Rep\u00fablica va ser molt curta i de gran inestabilitat, no obstant aix\u00f2, la segona Rep\u00fablica va deixar una empremta pol\u00edtica, cultural i sentimental, que encara hui perdura\u201d, va introduir la regidora de Cultura, M\u00aa \u00c1ngeles Llorente, abans de la projecci\u00f3 de la cinta. \u201cEn aquest context de recordar i posar en valor els assoliments de la segona Rep\u00fablica els presentem aquest documental que reivindica la figura de Mar\u00eda de l&#8217;O Lej\u00e1rraga. El seu vertader nom va quedar fora del relat literari i els llibres de text del nostre pa\u00eds durant massa temps; perqu\u00e8 utilitzava el nom del seu marit com a pseud\u00f2nim literari, una estrat\u00e8gia que li va servir per a escriure una obra rellevant en una \u00e8poca en qu\u00e8 la literatura era un vedat privat dels homes. Som moltes les persones que creiem que una rep\u00fablica federal i solid\u00e0ria \u00e9s la millor alternativa per a l&#8217;Espanya plural del segle XXI. Amb l&#8217;aval dels avan\u00e7os de la segona Rep\u00fablica creiem que ja \u00e9s hora de donar veu a la ciutadania i obrir un nou proc\u00e9s constituent cap a la tercera Rep\u00fablica\u201d.<\/p>\n\n\n\n<p class=\"wp-block-paragraph\"><strong>Obra de teatre No oblideu les seues veus<\/strong><\/p>\n\n\n\n<figure class=\"wp-block-image size-full\"><img loading=\"lazy\" decoding=\"async\" width=\"886\" height=\"586\" src=\"http:\/\/www.tucomarca.com\/wordpress\/segunda\/wp-content\/uploads\/2023\/03\/ChesteNoOlvideis_03.jpg\" alt=\"\" class=\"wp-image-181991\" srcset=\"https:\/\/tucomarca.whitekongsoftware.com\/wp-content\/uploads\/2023\/03\/ChesteNoOlvideis_03.jpg 886w, https:\/\/tucomarca.whitekongsoftware.com\/wp-content\/uploads\/2023\/03\/ChesteNoOlvideis_03-300x198.jpg 300w, https:\/\/tucomarca.whitekongsoftware.com\/wp-content\/uploads\/2023\/03\/ChesteNoOlvideis_03-768x508.jpg 768w\" sizes=\"auto, (max-width: 886px) 100vw, 886px\" \/><\/figure>\n\n\n\n<p class=\"wp-block-paragraph\">El diumenge, 26 de mar\u00e7, el Liceu va acollir la representaci\u00f3 de No Oblideu les seues veus, dirigida pel chestano Aar\u00f3n S. M\u00e1\u00f1ez i interpretada per les actrius, tamb\u00e9 locals, Andrea Izquierdo, Olga L\u00f3pez, Mar\u00eda de la Creu i Gada Azizieh. Aquesta pe\u00e7a teatral va sorgir d&#8217;un laboratori esc\u00e8nic de Mem\u00f2ria Hist\u00f2rica i pret\u00e9n ser un altaveu per a con\u00e9ixer les hist\u00f2ries de dones que durant la Guerra Civil i el Franquisme van perdre la llibertat i van haver de callar durant d\u00e8cades.&nbsp;<\/p>\n\n\n\n<p class=\"wp-block-paragraph\">\u201cGr\u00e0cies per estar ac\u00ed reconstruint la Mem\u00f2ria. Hui Far\u00e0ndula Teatre representa en el Liceu No oblideu les seues veus, per tercera vegada, despr\u00e9s d&#8217;haver passat per molt\u00edssimes sales de Val\u00e8ncia i de tota la comunitat\u201d, explicava la regidora de Cultura. Durant la seua intervenci\u00f3, Llorente va recordar el que va suposar el dictadura de Franco a Espanya. &#8220;Els ven\u00e7uts de la Guerra Civil van ser denominats com a enemics d&#8217;Espanya, es va perseguir a qualsevol que tinguera ideologia d&#8217;esquerres i a tots aquells que foren considerats una amena\u00e7a per al r\u00e8gim; molts van acabar en camps de concentraci\u00f3, treballant com a esclaus, en presons on se&#8217;ls torturava, o afusellats; malgrat tot no hi ha un cens definitiu sobre v\u00edctimes mortals i molts segueixen en les cunetes. Els seus familiars lluiten cada dia per trobar-los i donar-los sepultura. Aquesta \u00e9s una tasca inconclusa i un deute d&#8217;aquesta Democr\u00e0cia: reparaci\u00f3, just\u00edcia i veritat, ning\u00fa busca venjan\u00e7a. En aquest context de franquisme les dones van ser rapades, violades i assassinades, per\u00f2 la mem\u00f2ria d&#8217;aqueix dolor va quedar oculta durant d\u00e8cades. La repressi\u00f3 franquista va construir a les dones com a \u00e9ssers inferiors als homes i les va excloure de la ciutadania. No obstant aix\u00f2, aquesta repressi\u00f3 no va anul\u00b7lar la seua capacitat de superviv\u00e8ncia i resist\u00e8ncia femenina\u201d, assenyalava la regidora abans de donar pas a l&#8217;obra.<\/p>\n\n\n\n<p class=\"wp-block-paragraph\">Durant la pe\u00e7a teatral es van encadenar imatges que van mostrar la vida de dones des de la d\u00e8cada dels 40 fins a l&#8217;actualitat, en un viatge que va convidar al p\u00fablic a con\u00e9ixer el passat col\u00b7lectiu i tamb\u00e9 el personal, i a reflexionar sobre les conseq\u00fc\u00e8ncies de la Guerra Civil i el Franquisme que continuen vigents en l&#8217;actualitat.<\/p>\n","protected":false},"excerpt":{"rendered":"<div class=\"mh-excerpt\">Durant el passat cap de setmana es van celebrar en el Teatre Liceu dos actes per la Mem\u00f2ria Hist\u00f2rica, organitzats per la Regidoria de Cultura de l&#8217;Ajuntament de Xest. Documental A les dones d&#8217;Espanya. Mar\u00eda <a class=\"mh-excerpt-more\" href=\"https:\/\/tucomarca.whitekongsoftware.com\/ca\/el-liceu-de-xest-acull-dos-actes-per-la-memoria-historica\/\" title=\"El Liceu de Xest acull dos actes per la Mem\u00f2ria Hist\u00f2rica\">[+] <\/a><\/div>\n","protected":false},"author":12,"featured_media":181988,"comment_status":"open","ping_status":"open","sticky":false,"template":"","format":"gallery","meta":{"footnotes":""},"categories":[10894,10912,11007,10896,10974],"tags":[11071,10914,12287],"class_list":["post-181995","post","type-post","status-publish","format-gallery","has-post-thumbnail","category-la-comarca-ca","category-la-hoya-ca","category-ocio-y-cultura-ca","category-seccion-ca","category-cheste-ca","tag-cheste","tag-la-hoya-de-bunol-chiva-ca","tag-memoria-historica-ca","post_format-post-format-gallery"],"_links":{"self":[{"href":"https:\/\/tucomarca.whitekongsoftware.com\/ca\/wp-json\/wp\/v2\/posts\/181995","targetHints":{"allow":["GET"]}}],"collection":[{"href":"https:\/\/tucomarca.whitekongsoftware.com\/ca\/wp-json\/wp\/v2\/posts"}],"about":[{"href":"https:\/\/tucomarca.whitekongsoftware.com\/ca\/wp-json\/wp\/v2\/types\/post"}],"author":[{"embeddable":true,"href":"https:\/\/tucomarca.whitekongsoftware.com\/ca\/wp-json\/wp\/v2\/users\/12"}],"replies":[{"embeddable":true,"href":"https:\/\/tucomarca.whitekongsoftware.com\/ca\/wp-json\/wp\/v2\/comments?post=181995"}],"version-history":[{"count":0,"href":"https:\/\/tucomarca.whitekongsoftware.com\/ca\/wp-json\/wp\/v2\/posts\/181995\/revisions"}],"wp:featuredmedia":[{"embeddable":true,"href":"https:\/\/tucomarca.whitekongsoftware.com\/ca\/wp-json\/wp\/v2\/media\/181988"}],"wp:attachment":[{"href":"https:\/\/tucomarca.whitekongsoftware.com\/ca\/wp-json\/wp\/v2\/media?parent=181995"}],"wp:term":[{"taxonomy":"category","embeddable":true,"href":"https:\/\/tucomarca.whitekongsoftware.com\/ca\/wp-json\/wp\/v2\/categories?post=181995"},{"taxonomy":"post_tag","embeddable":true,"href":"https:\/\/tucomarca.whitekongsoftware.com\/ca\/wp-json\/wp\/v2\/tags?post=181995"}],"curies":[{"name":"wp","href":"https:\/\/api.w.org\/{rel}","templated":true}]}}