{"id":181954,"date":"2023-03-27T11:45:00","date_gmt":"2023-03-27T10:45:00","guid":{"rendered":"https:\/\/www.tucomarca.com\/wordpress\/segunda\/?p=181954"},"modified":"2023-03-27T20:40:01","modified_gmt":"2023-03-27T19:40:01","slug":"dolores-julian-es-elegida-candidata-desquerra-unida-per-a-les-municipals-a-xiva","status":"publish","type":"post","link":"https:\/\/tucomarca.whitekongsoftware.com\/ca\/dolores-julian-es-elegida-candidata-desquerra-unida-per-a-les-municipals-a-xiva\/","title":{"rendered":"Dolores Juli\u00e1n \u00e9s elegida candidata d&#8217;Esquerra Unida per a les municipals a Xiva"},"content":{"rendered":"\n<figure class=\"wp-block-image size-large\"><img loading=\"lazy\" decoding=\"async\" width=\"768\" height=\"1024\" src=\"http:\/\/www.tucomarca.com\/wordpress\/segunda\/wp-content\/uploads\/2023\/03\/DoloresJulianEUChiva-768x1024.jpg\" alt=\"\" class=\"wp-image-181952\" srcset=\"https:\/\/tucomarca.whitekongsoftware.com\/wp-content\/uploads\/2023\/03\/DoloresJulianEUChiva-768x1024.jpg 768w, https:\/\/tucomarca.whitekongsoftware.com\/wp-content\/uploads\/2023\/03\/DoloresJulianEUChiva-225x300.jpg 225w, https:\/\/tucomarca.whitekongsoftware.com\/wp-content\/uploads\/2023\/03\/DoloresJulianEUChiva-1152x1536.jpg 1152w, https:\/\/tucomarca.whitekongsoftware.com\/wp-content\/uploads\/2023\/03\/DoloresJulianEUChiva-1536x2048.jpg 1536w, https:\/\/tucomarca.whitekongsoftware.com\/wp-content\/uploads\/2023\/03\/DoloresJulianEUChiva-scaled.jpg 1920w\" sizes=\"auto, (max-width: 768px) 100vw, 768px\" \/><\/figure>\n\n\n\n<p class=\"wp-block-paragraph\">L&#8217;actual edil ha sigut triada per l&#8217;assemblea del col\u00b7lectiu local d&#8217;EUPV-IU a Xiva com a candidata a l&#8217;Alcaldia per a les pr\u00f2ximes Eleccions Municipals de maig. La decisi\u00f3 ha sigut presa aquest dissabte 25 de mar\u00e7 i per la unanimitat de la milit\u00e0ncia.<\/p>\n\n\n\n<p class=\"wp-block-paragraph\">&#8220;Dolores Juli\u00e1n S\u00e1nchez \u00e9s una hist\u00f2rica socialista que es va integrar com a independent en la candidatura electoral d&#8217;Esquerra Unida a Xiva en les \u00faltimes eleccions municipals de 2019. Dirigeix la regidoria de Desenvolupament Urb\u00e0 i Sostenibilitat de l&#8217;Ajuntament de Xiva des de fa uns mesos i la seua labor al capdavant d&#8217;aquesta, ha sigut determinant perqu\u00e8 el col\u00b7lectiu local confie en ella de manera un\u00e0nime&#8221;, segons fonts de la formaci\u00f3.<\/p>\n\n\n\n<p class=\"wp-block-paragraph\">&#8220;El seu dilatat comprom\u00eds associatiu al seu poble, des de les festes locals fins a l&#8217;educaci\u00f3 per a persones adultes, li atorga gran bagatge i experi\u00e8ncia, a m\u00e9s d&#8217;un fort reconeixement social. Aix\u00ed mateix, la seua relaci\u00f3 amb la vida pol\u00edtica des de sempre, li identifica com una persona preocupada per contribuir a millorar la vida de les ve\u00efnes i ve\u00efns de Xiva&#8221;, han afegit les mismes fonts.\u00a0<\/p>\n\n\n\n<p class=\"wp-block-paragraph\">Amb ganes i il\u00b7lusi\u00f3 d&#8217;afrontar aquest nou repte, Dolores Juli\u00e1n ha afirmat representar a \u201cuna for\u00e7a pol\u00edtica d&#8217;acords, propostes i progr\u00e9s, que treballa des de l&#8217;honradesa i l&#8217;honestedat per l&#8217;inter\u00e9s del poble de Xiva.\u201d<\/p>\n","protected":false},"excerpt":{"rendered":"<div class=\"mh-excerpt\">L&#8217;actual edil ha sigut triada per l&#8217;assemblea del col\u00b7lectiu local d&#8217;EUPV-IU a Xiva com a candidata a l&#8217;Alcaldia per a les pr\u00f2ximes Eleccions Municipals de maig. La decisi\u00f3 ha sigut presa aquest dissabte 25 de <a class=\"mh-excerpt-more\" href=\"https:\/\/tucomarca.whitekongsoftware.com\/ca\/dolores-julian-es-elegida-candidata-desquerra-unida-per-a-les-municipals-a-xiva\/\" title=\"Dolores Juli\u00e1n \u00e9s elegida candidata d&#8217;Esquerra Unida per a les municipals a Xiva\">[+] <\/a><\/div>\n","protected":false},"author":1,"featured_media":181952,"comment_status":"open","ping_status":"open","sticky":false,"template":"","format":"standard","meta":{"footnotes":""},"categories":[10948,10894,10912,10947,10896,10975],"tags":[11195,11592,10914],"class_list":["post-181954","post","type-post","status-publish","format-standard","has-post-thumbnail","category-infraestructuras-ca","category-la-comarca-ca","category-la-hoya-ca","category-politica","category-seccion-ca","category-chiva-ca","tag-chiva-ca","tag-esquerra-unida-ca","tag-la-hoya-de-bunol-chiva-ca"],"_links":{"self":[{"href":"https:\/\/tucomarca.whitekongsoftware.com\/ca\/wp-json\/wp\/v2\/posts\/181954","targetHints":{"allow":["GET"]}}],"collection":[{"href":"https:\/\/tucomarca.whitekongsoftware.com\/ca\/wp-json\/wp\/v2\/posts"}],"about":[{"href":"https:\/\/tucomarca.whitekongsoftware.com\/ca\/wp-json\/wp\/v2\/types\/post"}],"author":[{"embeddable":true,"href":"https:\/\/tucomarca.whitekongsoftware.com\/ca\/wp-json\/wp\/v2\/users\/1"}],"replies":[{"embeddable":true,"href":"https:\/\/tucomarca.whitekongsoftware.com\/ca\/wp-json\/wp\/v2\/comments?post=181954"}],"version-history":[{"count":0,"href":"https:\/\/tucomarca.whitekongsoftware.com\/ca\/wp-json\/wp\/v2\/posts\/181954\/revisions"}],"wp:featuredmedia":[{"embeddable":true,"href":"https:\/\/tucomarca.whitekongsoftware.com\/ca\/wp-json\/wp\/v2\/media\/181952"}],"wp:attachment":[{"href":"https:\/\/tucomarca.whitekongsoftware.com\/ca\/wp-json\/wp\/v2\/media?parent=181954"}],"wp:term":[{"taxonomy":"category","embeddable":true,"href":"https:\/\/tucomarca.whitekongsoftware.com\/ca\/wp-json\/wp\/v2\/categories?post=181954"},{"taxonomy":"post_tag","embeddable":true,"href":"https:\/\/tucomarca.whitekongsoftware.com\/ca\/wp-json\/wp\/v2\/tags?post=181954"}],"curies":[{"name":"wp","href":"https:\/\/api.w.org\/{rel}","templated":true}]}}