{"id":181935,"date":"2023-03-25T09:00:00","date_gmt":"2023-03-25T08:00:00","guid":{"rendered":"https:\/\/www.tucomarca.com\/wordpress\/segunda\/?p=181935"},"modified":"2023-03-27T20:23:02","modified_gmt":"2023-03-27T19:23:02","slug":"sanitat-notifica-8-defuncions-i-795-casos-nous-de-coronavirus-a-la-comunitat-valenciana-469-dels-quals-en-persones-majors-de-60-anys","status":"publish","type":"post","link":"https:\/\/tucomarca.whitekongsoftware.com\/ca\/sanitat-notifica-8-defuncions-i-795-casos-nous-de-coronavirus-a-la-comunitat-valenciana-469-dels-quals-en-persones-majors-de-60-anys\/","title":{"rendered":"Sanitat notifica 8 defuncions i 795 casos nous de coronavirus a la Comunitat Valenciana, 469 dels quals en persones majors de 60 anys"},"content":{"rendered":"\n<p class=\"wp-block-paragraph\">E<strong>ls hospitals valencians tenen 164 persones ingressades per COVID, 4 de les quals en l\u2019UCI<\/strong><\/p>\n\n\n\n<p class=\"wp-block-paragraph\">La Conselleria de Sanitat Universal i Salut P\u00fablica ha notificat un total de 795 casos nous de coronavirus confirmats per prova PCR o a trav\u00e9s de test d\u2019ant\u00edgens des de l\u2019\u00faltima actualitzaci\u00f3 dijous passat. Els nous casos per prov\u00edncies s\u00f3n 185 a Castell\u00f3 (196.668 en total), 191 a Alacant (536.847 en total) i 419 a Val\u00e8ncia (855.622 en total).<\/p>\n\n\n\n<p class=\"wp-block-paragraph\">469 d\u2019aquests casos s\u00f3n persones majors de 60 anys. Per prov\u00edncies: 126 de Castell\u00f3, 116 d\u2019Alacant i 227 de Val\u00e8ncia.<\/p>\n\n\n\n<p class=\"wp-block-paragraph\">Els hospitals valencians tenen actualment 164 persones ingressades per coronavirus, 4 de les quals en l\u2019UCI: 34 a la prov\u00edncia de Castell\u00f3, amb zero pacients en UCI; 37 a la prov\u00edncia d\u2019Alacant, amb zero pacients en UCI, i 93 a la prov\u00edncia de Val\u00e8ncia, amb 4 pacients en UCI.<\/p>\n\n\n\n<p class=\"wp-block-paragraph\">S\u2019han notificat 8 defuncions per coronavirus des de l\u2019\u00faltima actualitzaci\u00f3, totes amb data de defunci\u00f3 en els \u00faltims 7 dies. Es tracta de 4 dones, d\u2019entre 89 i 100 anys, i 4 homes, d\u2019entre 82 i 93 anys. El total de decessos des de l\u2019inici de la pand\u00e8mia ascendeix a 10.451, per prov\u00edncies: 1.264 a la prov\u00edncia de Castell\u00f3, 3.964 a la d\u2019Alacant i 5.223 a la de Val\u00e8ncia.<\/p>\n","protected":false},"excerpt":{"rendered":"<div class=\"mh-excerpt\">Els hospitals valencians tenen 164 persones ingressades per COVID, 4 de les quals en l\u2019UCI La Conselleria de Sanitat Universal i Salut P\u00fablica ha notificat un total de 795 casos nous de coronavirus confirmats per <a class=\"mh-excerpt-more\" href=\"https:\/\/tucomarca.whitekongsoftware.com\/ca\/sanitat-notifica-8-defuncions-i-795-casos-nous-de-coronavirus-a-la-comunitat-valenciana-469-dels-quals-en-persones-majors-de-60-anys\/\" title=\"Sanitat notifica 8 defuncions i 795 casos nous de coronavirus a la Comunitat Valenciana, 469 dels quals en persones majors de 60 anys\">[+] <\/a><\/div>\n","protected":false},"author":13,"featured_media":146478,"comment_status":"open","ping_status":"open","sticky":false,"template":"","format":"standard","meta":{"footnotes":""},"categories":[11010,12202,10948,10894,10904,10947,10896,10897],"tags":[11939,11940,11199,11338,13963,13932],"class_list":["post-181935","post","type-post","status-publish","format-standard","has-post-thumbnail","category-canal-salud","category-covid-19-ca","category-infraestructuras-ca","category-la-comarca-ca","category-sin-categorizar-ca","category-politica","category-seccion-ca","category-sucesos-la-comarca-ca","tag-coronavirus-ca","tag-covid-19-ca","tag-la-comunitat-ca","tag-sanidad-ca","tag-vacunacion-ca","tag-vacunas-ca"],"_links":{"self":[{"href":"https:\/\/tucomarca.whitekongsoftware.com\/ca\/wp-json\/wp\/v2\/posts\/181935","targetHints":{"allow":["GET"]}}],"collection":[{"href":"https:\/\/tucomarca.whitekongsoftware.com\/ca\/wp-json\/wp\/v2\/posts"}],"about":[{"href":"https:\/\/tucomarca.whitekongsoftware.com\/ca\/wp-json\/wp\/v2\/types\/post"}],"author":[{"embeddable":true,"href":"https:\/\/tucomarca.whitekongsoftware.com\/ca\/wp-json\/wp\/v2\/users\/13"}],"replies":[{"embeddable":true,"href":"https:\/\/tucomarca.whitekongsoftware.com\/ca\/wp-json\/wp\/v2\/comments?post=181935"}],"version-history":[{"count":0,"href":"https:\/\/tucomarca.whitekongsoftware.com\/ca\/wp-json\/wp\/v2\/posts\/181935\/revisions"}],"wp:featuredmedia":[{"embeddable":true,"href":"https:\/\/tucomarca.whitekongsoftware.com\/ca\/wp-json\/wp\/v2\/media\/146478"}],"wp:attachment":[{"href":"https:\/\/tucomarca.whitekongsoftware.com\/ca\/wp-json\/wp\/v2\/media?parent=181935"}],"wp:term":[{"taxonomy":"category","embeddable":true,"href":"https:\/\/tucomarca.whitekongsoftware.com\/ca\/wp-json\/wp\/v2\/categories?post=181935"},{"taxonomy":"post_tag","embeddable":true,"href":"https:\/\/tucomarca.whitekongsoftware.com\/ca\/wp-json\/wp\/v2\/tags?post=181935"}],"curies":[{"name":"wp","href":"https:\/\/api.w.org\/{rel}","templated":true}]}}